{"id":177551,"date":"2025-10-15T03:11:09","date_gmt":"2025-10-15T03:11:09","guid":{"rendered":"https:\/\/www.europesays.com\/es\/177551\/"},"modified":"2025-10-15T03:11:09","modified_gmt":"2025-10-15T03:11:09","slug":"abascal-acusa-a-feijoo-de-repetir-sus-consignas-sobre-inmigracion-se-va-a-dejar-barba-el-mundo","status":"publish","type":"post","link":"https:\/\/www.europesays.com\/es\/177551\/","title":{"rendered":"Abascal acusa a Feij\u00f3o de &quot;repetir&quot; sus consignas sobre inmigraci\u00f3n: &quot;Se va a dejar barba&quot; &#8211; El Mundo"},"content":{"rendered":"<ol>\n<li><a href=\"https:\/\/news.google.com\/rss\/articles\/CBMiekFVX3lxTFA5a3AyU2l1N19McERIQmRpWlZaNTc1WVdZQ1lkZmNxUkYwbDA3ejBpRDM1bGQ5TWxFbXFWY01GNjZEVnhKVmtpVVN1WTZSOC1sT3BlSnllMWVRZ1ItM0hKWm9ieVFuUFhQQS1CbHA2akhJTDNoMGFXcVZ30gF6QVVfeXFMTWRBN2p1S0RaeUMydzN5dXB2VDlYd2UyRXNrRHVMeDRqZEkxNTM4Q00wbHZVWmltQ0VuanVpby1CRlYwU190UUd1b3VBc05OU0daOTRxZjZNUkYxV0VSN3dWY1FWeW1DcEJsbWJBaFBvVGplLXU2ZDQwc3c?oc=5\" target=\"_blank\" rel=\"nofollow noopener\">Abascal acusa a Feij\u00f3o de \u00abrepetir\u00bb sus consignas sobre inmigraci\u00f3n: \u00abSe va a dejar barba\u00bb<\/a>&nbsp;&nbsp;El Mundo<\/li>\n<li><a href=\"https:\/\/news.google.com\/rss\/articles\/CBMimwFBVV95cUxPS2dGNkhIV1dfTmNlamw2WXJncFc5d2NBU2JhUXZwUVJoRGE0VThTSm02Z0tFX3ZGcXducHkwRUtTMk4wcGVqNkF6SmdFcW9DV2Z0cUU3T3NfYlBBZjNiRUE3Z3ZZQUg1bUpvc3ZaOTBhTDNvblVBa2ZHZkRpNXZfTjlrYnk0UWExeE5ZTjFEcmVmX0JnUm1vcGZoYw?oc=5\" target=\"_blank\" rel=\"nofollow noopener\">Estas son las diez grandes medidas del nuevo plan de inmigraci\u00f3n del PP<\/a>&nbsp;&nbsp;ABC<\/li>\n<li><a href=\"https:\/\/news.google.com\/rss\/articles\/CBMi4wFBVV95cUxOZ2ZlUDk3NGhLdi1reDNLM0hqckZpZmxNeXVxSUkzYTQxblJHVTNhUlZJSlBYOVdieXVBY1FMUUNFZkNDNTdUeEFfSzItb3FSSk1pQXhFZFVmUkxBWUdVVEVNWjhZRHJyZW5DZjZQQmo2WkxnaDcyMDJZMlp4bUMyNTJnVHp3RGh2RVNnNmQ5U3B2TTJ4czk3M1FDUk5xREpyNDk3aGhVSkJIWWtkNERoaHJzZzFSUDdBM3pON0k3c1ZXZXlXSmlHN0tOQm9menptcENrQi10LUo2VUR3YXJIQWw3WQ?oc=5\" target=\"_blank\" rel=\"nofollow noopener\">Feij\u00f3o diferencia la reforma migratoria del PP del \u00abbuenismo\u00bb del PSOE y del \u00abfanatismo\u00bb de Vox<\/a>&nbsp;&nbsp;El Confidencial<\/li>\n<li><a href=\"https:\/\/news.google.com\/rss\/articles\/CBMixAFBVV95cUxOQm1OMWp1TnVqTE1XdGJ0cjluX1hhd0hRQXZjaWNnTHVyR2VydlVhZmREcVJpcnB0VGdOZXZpQ2JvYkdSLXJqY2tQcWMtT25FVmtxbWtGZFJaS1VCOWNLQXZZZHdsaVZxZmgtNGotMU9tZ1IzVDJxcUN1eFZYNnZDZldVTzFmalZzOGtUTlJNRnVVNkdEVlk2NzE0OXBiTnFsNk9TcmZzakM1MFQ4eFJPSkxLSV9kT1FlamIxSWJBclBGOGlr?oc=5\" target=\"_blank\" rel=\"nofollow noopener\">Feij\u00f3o decide tirarse en plancha al lodazal en el que se ha convertido el debate migratorio en Catalunya<\/a>&nbsp;&nbsp;elDiario.es<\/li>\n<li><a href=\"https:\/\/news.google.com\/rss\/articles\/CBMi-AFBVV95cUxQbE8yTU85R3o4ZlRLaGhXamtaZUlJeXRsQmMxVVdtdXdzV3BHWjdHMFlSTTN6dC1maWlYZG1mNUtlQ1c3bW9GbXpNQTIwN2dFcUtRcU1LRUR2ZFV1ZDdibFQzLVQzOVhFNGkwbFAzc0doNk5jSkNXUW9hVXhfY2FmLWVRejE2aDRZbFJtajJiSy1kVTU0blRoUTloZC0xUzA3SDEycGJzdXMtbnNQU2JKQjhYRkF3bzg2ZjgxNDlyRWl4a2JocF9oTHBjVEIzLUc5MFpkVFBQeExIdS1KQlhyQTdYLU9MamUwYUkzNTJYMkJSNVV2WXlKU9IB-AFBVV95cUxNV0hKYW1YSjJrZm5SWmppUXl3aFRuc1BCc2Q2d0R4cUlBTFp3VXdUanhZOHdwUk9YOW5xc3djYThxOWNvakxnNlJHVWVaOFV1ZEhibEItVVhDSkRkQlgxX0o1QVFxY3loOGVrRlBocC1TbDRxVUw5bld1VmxHRXBRVktXVklXaWhORUhQTVlFS0VISE0wNzVxVU5aU00zcGlTTVZHczRJX1h5OWFXT3daZ3BGVk1wRlpZTlpSQkFvUnVvUEExNnZJNllLdWtlcnBKeU5QdExqelU4dVQyaVpMZ3E2SkhiVXVlRnRNcjVNeEstbUNPSnNLZQ?oc=5\" target=\"_blank\" rel=\"nofollow noopener\">Dani Mateo analiza el plan migratorio de N\u00fa\u00f1ez Feij\u00f3o: \u00abMenudo &#8216;cacao maravillao&#8217; se ha montado\u00bb<\/a>&nbsp;&nbsp;LaSexta<\/li>\n<\/ol>\n","protected":false},"excerpt":{"rendered":"Abascal acusa a Feij\u00f3o de \u00abrepetir\u00bb sus consignas sobre inmigraci\u00f3n: \u00abSe va a dejar barba\u00bb&nbsp;&nbsp;El Mundo Estas son&hellip;\n","protected":false},"author":2,"featured_media":177552,"comment_status":"","ping_status":"","sticky":false,"template":"","format":"standard","meta":{"footnotes":""},"categories":[8],"tags":[6069,17,18,25,24,13,14,11,19,20,9,10,15,16,956,19026,23,12,21,22,624],"class_list":{"0":"post-177551","1":"post","2":"type-post","3":"status-publish","4":"format-standard","5":"has-post-thumbnail","7":"category-espana","8":"tag-alberto-nunez-feijoo","9":"tag-breaking-news","10":"tag-breakingnews","11":"tag-es","12":"tag-espana","13":"tag-featured-news","14":"tag-featurednews","15":"tag-headlines","16":"tag-latest-news","17":"tag-latestnews","18":"tag-news","19":"tag-noticias","20":"tag-noticias-destacadas","21":"tag-noticiasdestacadas","22":"tag-pp","23":"tag-santiago-abascal-conde","24":"tag-spain","25":"tag-titulares","26":"tag-ultimas-noticias","27":"tag-ultimasnoticias","28":"tag-vox"},"share_on_mastodon":{"url":"","error":""},"_links":{"self":[{"href":"https:\/\/www.europesays.com\/es\/wp-json\/wp\/v2\/posts\/177551","targetHints":{"allow":["GET"]}}],"collection":[{"href":"https:\/\/www.europesays.com\/es\/wp-json\/wp\/v2\/posts"}],"about":[{"href":"https:\/\/www.europesays.com\/es\/wp-json\/wp\/v2\/types\/post"}],"author":[{"embeddable":true,"href":"https:\/\/www.europesays.com\/es\/wp-json\/wp\/v2\/users\/2"}],"replies":[{"embeddable":true,"href":"https:\/\/www.europesays.com\/es\/wp-json\/wp\/v2\/comments?post=177551"}],"version-history":[{"count":0,"href":"https:\/\/www.europesays.com\/es\/wp-json\/wp\/v2\/posts\/177551\/revisions"}],"wp:featuredmedia":[{"embeddable":true,"href":"https:\/\/www.europesays.com\/es\/wp-json\/wp\/v2\/media\/177552"}],"wp:attachment":[{"href":"https:\/\/www.europesays.com\/es\/wp-json\/wp\/v2\/media?parent=177551"}],"wp:term":[{"taxonomy":"category","embeddable":true,"href":"https:\/\/www.europesays.com\/es\/wp-json\/wp\/v2\/categories?post=177551"},{"taxonomy":"post_tag","embeddable":true,"href":"https:\/\/www.europesays.com\/es\/wp-json\/wp\/v2\/tags?post=177551"}],"curies":[{"name":"wp","href":"https:\/\/api.w.org\/{rel}","templated":true}]}}