{"id":177557,"date":"2025-10-15T03:19:10","date_gmt":"2025-10-15T03:19:10","guid":{"rendered":"https:\/\/www.europesays.com\/es\/177557\/"},"modified":"2025-10-15T03:19:10","modified_gmt":"2025-10-15T03:19:10","slug":"el-nuevo-sistema-de-adelantamiento-que-reemplazara-al-drs-y-pondra-a-prueba-a-alpine-en-2026","status":"publish","type":"post","link":"https:\/\/www.europesays.com\/es\/177557\/","title":{"rendered":"el nuevo sistema de adelantamiento que reemplazar\u00e1 al DRS y pondr\u00e1 a prueba a Alpine en 2026"},"content":{"rendered":"\n<p>      14 de octubre 2025 &#8211; 12:15<\/p>\n<p class=\"ignore-parser\">La F1 cambia su reglamento para la pr\u00f3xima temporada algo que podr\u00eda mejorar la situaci\u00f3n del equipo franc\u00e9s.<\/p>\n<p>      <img decoding=\"async\" src=\"https:\/\/www.europesays.com\/es\/wp-content\/uploads\/2025\/10\/franco-colapinto-paises-bajos-2.jpg\" class=\"detail-highlighted-multimedia__figure-img img-fluid\" alt=\"La F\u00f3rmula 1 anunci\u00f3 cambios en su reglamento para 2026 y esto podr\u00eda beneficar a Alpine.\" width=\"655\" height=\"368\" crossorigin=\"anonymous\" fetchpriority=\"high\" decode=\"async\"\/>    F1   <\/p>\n<p>La <a href=\"https:\/\/www.ambito.com\/formula-1-a5123893\" target=\"_blank\" rel=\"follow nofollow noopener\"> F\u00f3rmula 1 <\/a>se prepara para<strong> una transformaci\u00f3n radical en su reglamento a partir de 2026<\/strong>, con cambios que afectar\u00e1n tanto el dise\u00f1o de los monoplazas como la din\u00e1mica de las carreras. Las nuevas normas buscan priorizar la habilidad de los pilotos sobre la ingenier\u00eda de los autos, un ajuste que podr\u00eda beneficiar a <a href=\"https:\/\/www.ambito.com\/deportes\/mercado-pilotos-la-formula-1-da-senales-la-continuidad-franco-colapinto-alpine-n6201291\" target=\"_blank\" rel=\"follow nofollow noopener\">Franco Colapinto en su posible continuidad con Alpine.<\/a><a href=\"https:\/\/www.ambito.com\/alpine-a5147507\" target=\"_blank\" rel=\"follow nofollow noopener\"><\/p>\n<p>El contenido al que quiere acceder es exclusivo para suscriptores.<\/p>\n<p>   suscribirse   ya estoy suscripto  <\/p>\n<p>El equipo franc\u00e9s enfrentar\u00e1 una temporada clave, donde<strong> dejar\u00e1 atr\u00e1s los motores<\/strong> <strong>Renault<\/strong> para adoptar unidades de potencia <strong>Mercedes<\/strong> hasta <strong>2030<\/strong>. Este cambio coincide con una revisi\u00f3n completa de las regulaciones t\u00e9cnicas, dise\u00f1adas para reducir el peso de los autos, mejorar la eficiencia energ\u00e9tica y alterar la estrategia de adelantamientos.<\/p>\n<p>\t\t\tInformate m\u00e1s\t\t\t\t\t\t\t\t\t\t<a href=\"https:\/\/www.ambito.com\/deportes\/ferrari-planea-contratar-christian-horner-despedido-red-bull-dar-un-golpe-la-formula-1-n6200568\" target=\"\" title=\"\u00e1mbito.com | Ferrari planea contratar a Christian Horner, despedido de Red Bull, para dar un golpe en la F\u00f3rmula 1\" alt=\"\u00e1mbito.com | Ferrari planea contratar a Christian Horner, despedido de Red Bull, para dar un golpe en la F\u00f3rmula 1\" rel=\"noindex nofollow noreferrer noopener\"><br \/>\n\t\t\t\t\t\t\t\t\t\t\t<img loading=\"lazy\" decoding=\"async\" src=\"https:\/\/www.ambito.com\/css-custom\/239\/lazy.svg\" data-td-src-property=\"https:\/\/media.ambito.com\/p\/77266cc7f9f48ab164b6970d5e517e6e\/adjuntos\/239\/imagenes\/042\/580\/0042580611\/93x52\/smart\/christian-hornerwebp.png\" alt=\"Ferrari planea contratar a Christian Horner, despedido de Red Bull, para dar un golpe en la F\u00f3rmula 1\" title=\"Ferrari planea contratar a Christian Horner, despedido de Red Bull, para dar un golpe en la F\u00f3rmula 1\" width=\"93\" height=\"52\" class=\"news-article__figure-img figure-img img-fluid\"\/>\t\t<\/a>\t\t\t\t\t\t\t\t\t\t\t\t<a href=\"https:\/\/www.ambito.com\/deportes\/para-ilusionarse-el-dato-que-ubica-franco-colapinto-los-mejores-segundos-pilotos-formula-1-n6199726\" target=\"\" title=\"\u00e1mbito.com | Para ilusionarse: el dato que ubica a Franco Colapinto entre los mejores segundos pilotos de F\u00f3rmula 1\" alt=\"\u00e1mbito.com | Para ilusionarse: el dato que ubica a Franco Colapinto entre los mejores segundos pilotos de F\u00f3rmula 1\" rel=\"noindex nofollow noreferrer noopener\"><br \/>\n\t\t\t\t\t\t\t\t\t\t\t<img loading=\"lazy\" decoding=\"async\" src=\"https:\/\/www.ambito.com\/css-custom\/239\/lazy.svg\" data-td-src-property=\"https:\/\/media.ambito.com\/p\/7d761b6b93e6ea5f4a20c1fe397a2aac\/adjuntos\/239\/imagenes\/042\/618\/0042618286\/franco-colapinto.png\" alt=\"Franco Colapinto demuestra el piloto que es carerra a carrera y eso podr\u00eda darle un asiento en 2026.\" title=\"Franco Colapinto demuestra el piloto que es carerra a carrera y eso podr\u00eda darle un asiento en 2026.\" width=\"93\" height=\"52\" class=\"news-article__figure-img figure-img img-fluid\"\/>\t\t<\/a>\t\t\t\t\t\t <\/p>\n<p>2026-formula-1-rules   <\/p>\n<p>  <img decoding=\"async\" src=\"https:\/\/www.ambito.com\/css-custom\/239\/lazy.svg\" data-td-src-property=\"https:\/\/media.ambito.com\/p\/19216a29e4926e944302403b7875d763\/adjuntos\/239\/imagenes\/042\/687\/0042687074\/730x0\/smart\/2026-formula-1-rules.jpg\" alt=\"\" title=\"\" width=\"730\" height=\"undefined\" id=\"8115444-Libre-464422445_embed\"\/>      <\/p>\n<p>  El cambio de reglamento de la F1 en 2026 <\/p>\n<p>Las modificaciones para <strong>2026<\/strong> introducir\u00e1n monoplazas m\u00e1s <strong>livianos y peque\u00f1os<\/strong>, con un enfoque en la <strong>distribuci\u00f3n de energ\u00eda<\/strong>. La unidad de potencia combinar\u00e1 un <strong>50% de energ\u00eda el\u00e9ctrica y 50% de combusti\u00f3n interna<\/strong>, lo que obligar\u00e1 a los pilotos a gestionar los recursos de manera m\u00e1s estrat\u00e9gica durante las carreras. Este equilibrio busca reducir la dependencia de la aerodin\u00e1mica y potenciar la destreza individual.<\/p>\n<p>Uno de los cambios m\u00e1s significativos ser\u00e1 la <strong>eliminaci\u00f3n del DRS<\/strong> (Drag Reduction System), reemplazado por un sistema manual llamado <strong>\u00abOverride\u00bb<\/strong> o <strong>MOM (Manual Override Mode)<\/strong>. Este mecanismo permitir\u00e1 a los pilotos activar un <strong>extra de energ\u00eda el\u00e9ctrica<\/strong> cuando se encuentren cerca de un rival, siempre que superen los <strong>280 km\/h<\/strong>. A diferencia del DRS, que solo funcionaba en zonas espec\u00edficas, el MOM depender\u00e1 de la <strong>estrategia del piloto<\/strong>, lo que podr\u00eda favorecer a competidores como Colapinto, conocido por su inteligencia en pista.<\/p>\n<p>Adem\u00e1s, los autos contar\u00e1n con <strong>dos modos aerodin\u00e1micos<\/strong>:<\/p>\n<ul>\n<li aria-level=\"1\"><strong>Modo Z<\/strong>: configuraci\u00f3n est\u00e1ndar de alta carga, ideal para curvas.<\/li>\n<li aria-level=\"1\"><strong>Modo X<\/strong>: dise\u00f1o de baja resistencia para maximizar la velocidad en rectas.<\/li>\n<\/ul>\n<p> El <strong>aler\u00f3n trasero m\u00f3vil<\/strong> tendr\u00e1 tres elementos, mientras que el delantero contar\u00e1 con dos componentes activos. Ambos trabajar\u00e1n en sincron\u00eda para mantener el equilibrio del auto, independientemente del modo seleccionado. Seg\u00fan <strong>Jason Somerville<\/strong>, jefe de aerodin\u00e1mica de la FIA, esta flexibilidad permitir\u00e1 a los pilotos adaptarse a diferentes condiciones sin las restricciones actuales del DRS.<\/p>\n<p>La transici\u00f3n a este nuevo reglamento representar\u00e1 un desaf\u00edo para todos los equipos. <strong>Andy Cowell<\/strong>, jefe de Aston Martin, advirti\u00f3 que las primeras pruebas de pretemporada se centrar\u00e1n en <strong>verificar la funcionalidad b\u00e1sica<\/strong> de los autos, m\u00e1s que en buscar rendimiento.<\/p>\n","protected":false},"excerpt":{"rendered":"14 de octubre 2025 &#8211; 12:15 La F1 cambia su reglamento para la pr\u00f3xima temporada algo que podr\u00eda&hellip;\n","protected":false},"author":2,"featured_media":177558,"comment_status":"","ping_status":"","sticky":false,"template":"","format":"standard","meta":{"footnotes":""},"categories":[270],"tags":[168,25,24,306,271,272,23,167],"class_list":{"0":"post-177557","1":"post","2":"type-post","3":"status-publish","4":"format-standard","5":"has-post-thumbnail","7":"category-formula-1","8":"tag-deportes","9":"tag-es","10":"tag-espana","11":"tag-f1","12":"tag-formula-1","13":"tag-formula1","14":"tag-spain","15":"tag-sports"},"share_on_mastodon":{"url":"","error":""},"_links":{"self":[{"href":"https:\/\/www.europesays.com\/es\/wp-json\/wp\/v2\/posts\/177557","targetHints":{"allow":["GET"]}}],"collection":[{"href":"https:\/\/www.europesays.com\/es\/wp-json\/wp\/v2\/posts"}],"about":[{"href":"https:\/\/www.europesays.com\/es\/wp-json\/wp\/v2\/types\/post"}],"author":[{"embeddable":true,"href":"https:\/\/www.europesays.com\/es\/wp-json\/wp\/v2\/users\/2"}],"replies":[{"embeddable":true,"href":"https:\/\/www.europesays.com\/es\/wp-json\/wp\/v2\/comments?post=177557"}],"version-history":[{"count":0,"href":"https:\/\/www.europesays.com\/es\/wp-json\/wp\/v2\/posts\/177557\/revisions"}],"wp:featuredmedia":[{"embeddable":true,"href":"https:\/\/www.europesays.com\/es\/wp-json\/wp\/v2\/media\/177558"}],"wp:attachment":[{"href":"https:\/\/www.europesays.com\/es\/wp-json\/wp\/v2\/media?parent=177557"}],"wp:term":[{"taxonomy":"category","embeddable":true,"href":"https:\/\/www.europesays.com\/es\/wp-json\/wp\/v2\/categories?post=177557"},{"taxonomy":"post_tag","embeddable":true,"href":"https:\/\/www.europesays.com\/es\/wp-json\/wp\/v2\/tags?post=177557"}],"curies":[{"name":"wp","href":"https:\/\/api.w.org\/{rel}","templated":true}]}}