{"id":177578,"date":"2025-10-15T03:33:10","date_gmt":"2025-10-15T03:33:10","guid":{"rendered":"https:\/\/www.europesays.com\/es\/177578\/"},"modified":"2025-10-15T03:33:10","modified_gmt":"2025-10-15T03:33:10","slug":"sanchez-se-niega-a-felicitar-a-maria-corina-alegando-que-no-se-pronuncia-sobre-los-nobel-pero-lo-ha-hecho-con-varios","status":"publish","type":"post","link":"https:\/\/www.europesays.com\/es\/177578\/","title":{"rendered":"S\u00e1nchez se niega a felicitar a Mar\u00eda Corina alegando que &#8216;no se pronuncia&#8217; sobre los Nobel pero lo ha hecho con varios"},"content":{"rendered":"<p data-end=\"374\" data-start=\"128\" id=\"paragraph_1\"><strong>Pedro S\u00e1nchez\u00a0<\/strong>ha evitado este martes felicitar a <strong>Mar\u00eda<\/strong> <strong>Corina<\/strong> <strong>Machado<\/strong>, l\u00edder opositora venezolana y reciente ganadora del <a href=\"https:\/\/www.elespanol.com\/mundo\/20251010\/maria-corina-machado-deja-sin-nobel-paz-donald-trump\/1003743963338_0.html?utm_cmp_rs=linksinline\" rel=\"nofollow noopener\" target=\"_blank\">Premio Nobel de la Paz<\/a>, al asegurar que \u00abno se pronuncia\u00bb sobre los galardonados.<\/p>\n<p class=\"paragraph\" data-end=\"759\" data-start=\"376\" id=\"paragraph_2\">\u00abVaya por delante mi respeto al trabajo de <a href=\"https:\/\/www.elespanol.com\/espana\/politica\/20251012\/pp-atribuye-interes-economico-zapatero-silencio-gobierno-nobel-corina-machado\/1003743965512_0.html?utm_cmp_rs=linksinline\" rel=\"nofollow noopener\" target=\"_blank\">Mar\u00eda Corina Machado<\/a> y espero que la situaci\u00f3n en Venezuela se normalice. No me pronuncio sobre los premios Nobel, no entro a valorarlo\u00bb, ha afirmado en una entrevista en la Cadena SER.<\/p>\n<p class=\"paragraph\" data-end=\"1072\" data-start=\"761\" id=\"paragraph_3\">Las palabras del presidente contrastan con su postura <a href=\"https:\/\/www.elespanol.com\/cultura\/20191011\/terrible-ortografia-pedro-sanchez-felicitacion-nobel-paz\/435957495_0.html?utm_cmp_rs=linksinline\" rel=\"nofollow noopener\" target=\"_blank\">en a\u00f1os anteriores<\/a>.<\/p>\n<blockquote class=\"twitter-tweet\" data-media-max-width=\"560\">\n<p dir=\"ltr\" lang=\"es\">Pedro S\u00e1nchez: \u00abYo no me pronuncio sobre los Nobel\u00bb<\/p>\n<p>\u00c0ngels Barcel\u00f3: \u00ab\u00bfLe parece justo el Nobel de la Paz a Mar\u00eda Corina Machado?\u00bb<\/p>\n<p>Pedro S\u00e1nchez: \u00abNo entro a valorarlo. Si me pregunta por Mar\u00eda Corina, respeto y mucho el trabajo que hace\u00bb<\/p>\n<p>\ud83d\udcfb V\u00eddeo: <a href=\"https:\/\/t.co\/lwixGuSOOQ\" rel=\"nofollow\">https:\/\/t.co\/lwixGuSOOQ<\/a> <a href=\"https:\/\/t.co\/EVBwoEEsed\" rel=\"nofollow\">pic.twitter.com\/EVBwoEEsed<\/a><\/p>\n<p>\u2014 Hoy por Hoy (@HoyPorHoy) <a href=\"https:\/\/twitter.com\/HoyPorHoy\/status\/1978004706933739911?ref_src=twsrc%5Etfw\" rel=\"nofollow noopener\" target=\"_blank\">October 14, 2025<\/a><\/p><\/blockquote>\n<p class=\"paragraph\" data-end=\"1072\" data-start=\"761\" id=\"paragraph_4\">En 2018, S\u00e1nchez felicit\u00f3 p\u00fablicamente a <strong>Denis<\/strong> <strong>Mukwege<\/strong> y <strong>Nadia<\/strong> <strong>Murad<\/strong>, premiados por su lucha contra el uso de la violencia sexual como arma de guerra.\u00a0<\/p>\n<p class=\"paragraph\" data-end=\"1072\" data-start=\"761\" id=\"paragraph_5\">S\u00e1nchez destac\u00f3 en un mensaje en redes que \u00absu testimonio, acci\u00f3n y compromiso nos inspiran a todos a decir basta ya contra la violencia sexual en conflictos armados\u00bb.<\/p>\n<p class=\"paragraph\" data-end=\"1302\" data-start=\"1074\" id=\"paragraph_6\">En 2019, tambi\u00e9n celebr\u00f3 el Nobel concedido al primer ministro et\u00edope <strong data-end=\"1166\" data-start=\"1148\">Abiy Ahmed Ali<\/strong>, diciendo que \u00absu impulso a la democracia et\u00edope y su apuesta por la igualdad de g\u00e9nero son savia nueva para la pol\u00edtica africana\u00bb.<\/p>\n<blockquote class=\"twitter-tweet\">\n<p dir=\"ltr\" lang=\"es\">El <a href=\"https:\/\/twitter.com\/hashtag\/NobelPeacePrize?src=hash&amp;ref_src=twsrc%5Etfw\" rel=\"nofollow noopener\" target=\"_blank\">#NobelPeacePrize<\/a> reconoce la labor del primer ministro de Etiop\u00eda, <a href=\"https:\/\/twitter.com\/AbiyAhmedAli?ref_src=twsrc%5Etfw\" rel=\"nofollow noopener\" target=\"_blank\">@AbiyAhmedAli<\/a>, para alcanzar la paz y poner fin al conflicto fronterizo con Eritrea. Su impulso a la democracia et\u00edope y su apuesta por la igualdad de g\u00e9nero son savia nueva para la pol\u00edtica africana.<br \/>Congrats! <a href=\"https:\/\/t.co\/kCS43Dc3mk\" rel=\"nofollow\">https:\/\/t.co\/kCS43Dc3mk<\/a><\/p>\n<p>\u2014 Pedro S\u00e1nchez (@sanchezcastejon) <a href=\"https:\/\/twitter.com\/sanchezcastejon\/status\/1182650250051248134?ref_src=twsrc%5Etfw\" rel=\"nofollow noopener\" target=\"_blank\">October 11, 2019<\/a><\/p><\/blockquote>\n<p data-end=\"339\" data-is-last-node=\"\" data-is-only-node=\"\" data-start=\"0\">En <strong data-end=\"11\" data-start=\"3\">2020<\/strong>, el presidente tambi\u00e9n celebr\u00f3 el Nobel concedido al <strong data-end=\"104\" data-start=\"65\">Programa Mundial de Alimentos (PMA)<\/strong>, al que felicit\u00f3 por su \u00abtrabajo incansable para erradicar el hambre en el mundo\u00bb y su ejemplo de \u00absolidaridad y compromiso en los momentos m\u00e1s dif\u00edciles\u00bb.<\/p>\n<blockquote class=\"twitter-tweet\">\n<p dir=\"ltr\" lang=\"es\">El Nobel de La Paz recae este a\u00f1o en el Programa Mundial de Alimentos de <a href=\"https:\/\/twitter.com\/UN?ref_src=twsrc%5Etfw\" rel=\"nofollow noopener\" target=\"_blank\">@UN<\/a>. Ante desaf\u00edos como el hambre solo podemos actuar desde una alianza global. Cooperaci\u00f3n, solidaridad. Enhorabuena, <a href=\"https:\/\/twitter.com\/WFP?ref_src=twsrc%5Etfw\" rel=\"nofollow noopener\" target=\"_blank\">@WFP<\/a> y gracias absolutas por vuestra labor, especialmente relevante durante la pandemia. <a href=\"https:\/\/t.co\/w3n3FpS0gH\" rel=\"nofollow\">https:\/\/t.co\/w3n3FpS0gH<\/a><\/p>\n<p>\u2014 Pedro S\u00e1nchez (@sanchezcastejon) <a href=\"https:\/\/twitter.com\/sanchezcastejon\/status\/1314631399815643141?ref_src=twsrc%5Etfw\" rel=\"nofollow noopener\" target=\"_blank\">October 9, 2020<\/a><\/p><\/blockquote>\n<p class=\"paragraph\" data-end=\"1844\" data-start=\"1552\" id=\"paragraph_7\">Y en <strong data-end=\"11\" data-start=\"3\">2016<\/strong>, cuando a\u00fan no era presidente, S\u00e1nchez tambi\u00e9n felicit\u00f3 al mandatario colombiano <strong data-end=\"128\" data-start=\"106\">Juan Manuel Santos<\/strong>, ganador del Nobel de la Paz por su papel en el proceso de paz con las FARC.<\/p>\n<p class=\"paragraph\" data-end=\"1844\" data-start=\"1552\" id=\"paragraph_8\">Escribi\u00f3 en X: \u00abTodo mi cari\u00f1o y reconocimiento al presidente Juan Manuel Santos, galardonado hoy con el Nobel de la Paz. Felicidades\u00bb.<\/p>\n<blockquote class=\"twitter-tweet\">\n<p dir=\"ltr\" lang=\"es\">Todo mi cari\u00f1o y reconocimiento al presidente <a href=\"https:\/\/twitter.com\/JuanManSantos?ref_src=twsrc%5Etfw\" rel=\"nofollow noopener\" target=\"_blank\">@JuanManSantos<\/a>, galardonado hoy con el Nobel de la Paz. Felicidades.<\/p>\n<p>\u2014 Pedro S\u00e1nchez (@sanchezcastejon) <a href=\"https:\/\/twitter.com\/sanchezcastejon\/status\/784330052049653761?ref_src=twsrc%5Etfw\" rel=\"nofollow noopener\" target=\"_blank\">October 7, 2016<\/a><\/p><\/blockquote>\n<p class=\"paragraph\" id=\"paragraph_9\">En 2015, S\u00e1nchez dio la enhorabuena al Cuarteto para el Di\u00e1logo Nacional en T\u00fanez por \u00abel merecido Nobel de La Paz\u00bb.<\/p>\n<p class=\"paragraph\" id=\"paragraph_10\">En 2014 reconoci\u00f3 el \u00abmerecido Nobel de la Paz\u00bb para Malala y Satyarthi, \u00abluchadores contra la opresi\u00f3n de ni\u00f1os y j\u00f3venes y defensores del derecho a la educaci\u00f3n\u00bb.<\/p>\n<blockquote class=\"twitter-tweet\">\n<p dir=\"ltr\" lang=\"es\">Merecido <a href=\"https:\/\/twitter.com\/hashtag\/Nobel?src=hash&amp;ref_src=twsrc%5Etfw\" rel=\"nofollow noopener\" target=\"_blank\">#Nobel<\/a> de la Paz. Malala y Satyarthi luchadores contra la opresi\u00f3n de ni\u00f1os y j\u00f3venes y defensores del derecho a la educaci\u00f3n.<\/p>\n<p>\u2014 Pedro S\u00e1nchez (@sanchezcastejon) <a href=\"https:\/\/twitter.com\/sanchezcastejon\/status\/521002967169003520?ref_src=twsrc%5Etfw\" rel=\"nofollow noopener\" target=\"_blank\">October 11, 2014<\/a><\/p><\/blockquote>\n<p>\u00a0\u00abDecisiones no comprendidas\u00bb<\/p>\n<p class=\"paragraph\" data-end=\"1844\" data-start=\"1552\" id=\"paragraph_11\">Durante la misma entrevista, S\u00e1nchez se ha referido tambi\u00e9n al exministro <strong>Jos\u00e9 Luis \u00c1balos<\/strong> y a los mensajes machistas revelados en el caso Koldo, asegurando que \u00aben absoluto\u00bb presenci\u00f3 ese tipo de conversaciones. \u00abSe lo puedo garantizar\u00bb, ha a\u00f1adido.<\/p>\n<p class=\"paragraph\" data-end=\"1892\" data-start=\"1702\" id=\"paragraph_12\">El presidente ha dicho que tom\u00f3 \u00ab<strong data-end=\"1800\" data-start=\"1723\">decisiones muy duras, incluso no comprendidas dentro de mi organizaci\u00f3n\u00bb<\/strong>.<\/p>\n<p class=\"paragraph\" data-end=\"1892\" data-start=\"1702\" id=\"paragraph_13\">Sus palabras dejan entrever una contradicci\u00f3n: S\u00e1nchez destituy\u00f3 a \u00c1balos en julio de 2021 como ministro y secretario de Organizaci\u00f3n del PSOE, pero lo mantuvo como diputado y lo incluy\u00f3 en las listas para las <strong>elecciones generales<\/strong> de 2023.<\/p>\n<p class=\"paragraph\" data-end=\"1892\" data-start=\"1702\" id=\"paragraph_14\">Los informes de la Guardia Civil recogen conversaciones en las que \u00c1balos y su entonces colaborador, Koldo Garc\u00eda, se refer\u00edan a las mujeres en t\u00e9rminos peyorativos y contrataban servicios de prostituci\u00f3n con frecuencia.<\/p>\n<p class=\"paragraph\" id=\"paragraph_15\">S\u00e1nchez ha asegurado que se sinti\u00f3 \u00abmuy decepcionado\u00bb al o\u00edr esas declaraciones y comportamientos y ha vuelto a pedir \u00abperd\u00f3n\u00bb a las mujeres.<\/p>\n<p class=\"paragraph\" id=\"paragraph_16\">Adem\u00e1s, ha recordado que el PSOE aprob\u00f3 nuevas medidas como la expulsi\u00f3n a todos los militantes que consuman prostituci\u00f3n, reforzando el \u00abc\u00f3digo \u00e9tico\u00bb de la organizaci\u00f3n.<\/p>\n<p class=\"paragraph\" id=\"paragraph_17\">\u00abYo creo que el PSOE y yo como secretario general hemos actuado de manera contundente, <strong>no hemos escondido ninguno de estos casos\u00bb<\/strong> sino que han respondido, ha recalcado.<\/p>\n<p>Pagos en efectivo<\/p>\n<p class=\"paragraph\" data-end=\"3199\" data-start=\"3006\" id=\"paragraph_18\">S\u00e1nchez ha reconocido que \u00ab<strong data-end=\"3085\" data-start=\"3046\">en alguna ocasi\u00f3n\u00bb <\/strong>pudo recibir pagos en efectivo\u00a0para liquidar gastos como secretario general del PSOE, aunque ha precisado que se trata de una pr\u00e1ctica legal.<\/p>\n<p class=\"paragraph\" data-end=\"3415\" data-start=\"3201\" id=\"paragraph_19\">\u00abNo era algo habitual, pero seguro que en alguna ocasi\u00f3n he tenido ese tipo de liquidaciones\u00bb, ha explicado, asegurando que el informe de la <strong data-end=\"3349\" data-start=\"3342\">UCO<\/strong> demuestra que \u00abno existe financiaci\u00f3n irregular\u00bb en el partido.<\/p>\n<p class=\"paragraph\" data-end=\"3666\" data-start=\"3417\" id=\"paragraph_20\">El presidente ha subrayado que los <strong data-end=\"3468\" data-start=\"3452\">95.000 euros<\/strong> detectados por la Guardia Civil son de <strong data-end=\"3540\" data-start=\"3508\">cuentas personales de \u00c1balos<\/strong>, no del PSOE. \u00abLo importante es que todo sea acorde con la ley de financiaci\u00f3n de partidos, y claramente es as\u00ed\u00bb, ha dicho.<\/p>\n<p class=\"paragraph\" data-end=\"3854\" data-start=\"3668\" id=\"paragraph_21\">Tambi\u00e9n ha acusado al <strong data-end=\"3696\" data-start=\"3690\">PP<\/strong> de confundir \u00abdinero negro con dinero en efectivo\u00bb y ha reprochado a Feij\u00f3o haber cobrado m\u00e1s en un a\u00f1o por gastos de representaci\u00f3n \u00abque \u00c1balos en cinco\u00bb.<\/p>\n<p>\u00abEl mejor juez, el tiempo\u00bb<\/p>\n<p class=\"paragraph\" data-end=\"4104\" data-start=\"3885\" id=\"paragraph_22\">El presidente se ha mostrado \u00ab<strong data-end=\"3930\" data-start=\"3915\">contundente<\/strong>\u00bb al negar financiaci\u00f3n irregular en el PSOE y ha defendido la inocencia de su esposa, <strong data-end=\"4033\" data-start=\"4017\">Bego\u00f1a G\u00f3mez<\/strong>, y de su hermano m\u00fasico\u00a0<strong data-end=\"4060\" data-start=\"4051\">David<\/strong>, ambos investigados en causas judiciales.<\/p>\n<p><img loading=\"lazy\" decoding=\"async\" alt=\"Pedro J. Ram\u00edrez durante su intervenci\u00f3n en 'El programa de AR'.\" height=\"180\" src=\"https:\/\/www.europesays.com\/es\/wp-content\/uploads\/2025\/10\/1003743968183_259349433_320x180.jpg\" width=\"320\" data-lazy-status=\"processed\" data-lazy-info=\"remove loading item 1\"\/><\/p>\n<p class=\"paragraph\" data-end=\"4318\" data-start=\"4106\" id=\"paragraph_23\">\u00abEl mejor juez es el tiempo. Pondr\u00e1 las cosas en su sitio y confirmar\u00e1 la inocencia de mis familiares\u00bb, ha afirmado, sin se\u00f1alar directamente al juez <strong data-end=\"4279\" data-start=\"4256\">Juan Carlos Peinado<\/strong>, aunque cuestionando su instrucci\u00f3n.<\/p>\n<p class=\"paragraph\" data-end=\"4537\" data-start=\"4320\" id=\"paragraph_24\">Tambi\u00e9n ha defendido al fiscal general del Estado,<strong data-end=\"4394\" data-start=\"4344\"> \u00c1lvaro Garc\u00eda Ortiz<\/strong>, acusado de revelaci\u00f3n de secretos, y ha criticado que el PP \u00abmienta para encausar a un fiscal cuya misi\u00f3n es perseguir a los delincuentes\u00bb.<\/p>\n<p>Presupuestos<\/p>\n<p class=\"paragraph\" data-end=\"5467\" data-start=\"5245\" id=\"paragraph_25\">Asimismo, el presidente ha asegurado que el Gobierno presentar\u00e1 los <strong data-end=\"5350\" data-start=\"5303\">Presupuestos para 2026<\/strong> \u00abantes de fin de a\u00f1o\u00bb, pero ha matizado que si no salen adelante, el Ejecutivo seguir\u00e1 \u00aba gusto con los actuales\u00bb.<\/p>\n<p class=\"paragraph\" data-end=\"5675\" data-start=\"5469\" id=\"paragraph_26\">\u00abCon o sin nuevos presupuestos, me siento <strong>muy a gusto<\/strong> con los que tenemos\u00bb, ha dicho, porque estas cuentas, aunque est\u00e9n prorrogadas, garantizan las pol\u00edticas sociales y permiten seguir gestionando los fondos europeos hasta 2026, a su juicio.<\/p>\n<p><img decoding=\"async\" alt=\"El presidente del Gobierno, Pedro S\u00e1nchez, este domingo en la Fiesta de la Rosa del PSC en Gav\u00e1, Bacelona.\" height=\"180\" loading=\"lazy\" width=\"320\" data-lazy-status=\"processed\" id=\"41d8378fcf\" src=\"https:\/\/www.elespanol.com\/espana\/politica\/20251014\/sanchez-niega-felicitar-maria-corina-alegando-no-pronuncia-nobel-hecho-varios\/[\" https:=\"\" data-lazy-info=\"changed src\"\/><\/p>\n<p class=\"paragraph\" data-end=\"5902\" data-start=\"5677\" id=\"paragraph_27\">S\u00e1nchez ha reivindicado que Espa\u00f1a \u00abcrece sin explotar a los trabajadores ni depender de combustibles f\u00f3siles\u00bb, y ha subrayado que durante su mandato los <strong>salarios<\/strong> reales han aumentado \u00abun 6% por encima de la inflaci\u00f3n\u00bb.<\/p>\n<p class=\"paragraph\" data-end=\"6154\" data-start=\"5904\" id=\"paragraph_28\">El presidente ha insistido en que las cuentas en vigor son \u00absuficientes para mantener el crecimiento y consolidar la transformaci\u00f3n econ\u00f3mica\u00bb, y ha anticipado que las previsiones del <strong data-end=\"6095\" data-start=\"6088\">FMI<\/strong> para Espa\u00f1a ser\u00e1n \u00abmejores que las del propio Gobierno\u00bb.<\/p>\n<p>Israel y Gaza<\/p>\n<p class=\"paragraph\" data-end=\"4769\" data-start=\"4560\" id=\"paragraph_29\">Por otro lado, S\u00e1nchez ha confirmado que el <strong data-end=\"4618\" data-start=\"4589\">embargo de armas a Israel<\/strong> se mantiene pese al alto el fuego con Ham\u00e1s y ha abierto la puerta a enviar <strong data-end=\"4729\" data-start=\"4695\">tropas espa\u00f1olas de paz a Gaza<\/strong> si as\u00ed se acuerda internacionalmente.<\/p>\n<p class=\"paragraph\" data-end=\"5004\" data-start=\"4771\" id=\"paragraph_30\">\u00abEspa\u00f1a quiere tener una presencia activa, no solo en la reconstrucci\u00f3n, sino tambi\u00e9n en la seguridad\u00bb, ha dicho, celebrando el acuerdo de paz firmado en Egipto. Aunque ha advertido de que \u00abla paz no puede significar impunidad\u00bb.<\/p>\n<p class=\"paragraph\" data-end=\"5004\" data-start=\"4771\" id=\"paragraph_31\">Sobre el aborto, S\u00e1nchez ha confirmado que este martes\u00a0el Consejo de Ministros aprobar\u00e1 solicitar al Consejo de Estado el dictamen previo a la reforma constitucional para \u00abblindar\u00bb el derecho de las mujeres a la interrupci\u00f3n voluntaria del embarazo.<\/p>\n<p class=\"paragraph\" data-end=\"585\" data-start=\"287\" id=\"paragraph_32\">S\u00e1nchez ha precisado que la reforma se centrar\u00e1 en el art\u00edculo 43 de la Constituci\u00f3n, el mismo que recoge el derecho a la protecci\u00f3n de la salud.\u00a0\u00a0<\/p>\n<p class=\"paragraph\" data-end=\"890\" data-start=\"587\" id=\"paragraph_33\">El Gobierno propone as\u00ed incluir el derecho al aborto en la <strong>Carta Magna<\/strong>, siguiendo el ejemplo de <strong>Francia<\/strong>, con el objetivo de \u00abconsagrar la libertad y la autonom\u00eda de las mujeres\u00bb.<\/p>\n<p class=\"paragraph\" data-end=\"890\" data-start=\"587\" id=\"paragraph_34\">Para ello, prev\u00e9 impulsar una reforma ordinaria, que exige una mayor\u00eda cualificada en el Congreso y el Senado.<\/p>\n<p class=\"paragraph\" data-end=\"1119\" data-start=\"892\" id=\"paragraph_35\">Antes, deber\u00e1 conocerse el dictamen del <strong data-end=\"953\" data-start=\"932\">Consejo de Estado<\/strong>, un paso obligatorio que garantiza la adecuaci\u00f3n jur\u00eddica de la propuesta y su encaje en el marco constitucional. Este informe es preceptivo, aunque <strong>no vinculante<\/strong>.<\/p>\n<p class=\"paragraph\" data-end=\"1641\" data-is-last-node=\"\" data-is-only-node=\"\" data-start=\"1311\" id=\"paragraph_36\">Sobre el apoyo del PP, el presidente ha se\u00f1alado que \u00absi, como dice, defiende el derecho a la interrupci\u00f3n, no deber\u00eda tener ning\u00fan problema ni pol\u00edtico ni intelectual\u00bb.<\/p>\n<p class=\"paragraph\" data-end=\"1641\" data-is-last-node=\"\" data-is-only-node=\"\" data-start=\"1311\" id=\"paragraph_37\">No obstante, ha advertido de la existencia de \u00ab<strong data-end=\"1639\" data-start=\"1549\">un PP desdibujado y una ultraderecha que obliga a recortar los derechos de las mujeres<\/strong>\u00ab.<\/p>\n<p><script async src=\"https:\/\/platform.twitter.com\/widgets.js\" charset=\"utf-8\"><\/script><\/p>\n","protected":false},"excerpt":{"rendered":"Pedro S\u00e1nchez\u00a0ha evitado este martes felicitar a Mar\u00eda Corina Machado, l\u00edder opositora venezolana y reciente ganadora del Premio&hellip;\n","protected":false},"author":2,"featured_media":177579,"comment_status":"","ping_status":"","sticky":false,"template":"","format":"standard","meta":{"footnotes":""},"categories":[42],"tags":[17,18,6699,13,14,248,11,61,62,63,64,5610,19,20,9,10,15,16,2959,952,22448,2957,12,21,22,1192,65,66,67],"class_list":{"0":"post-177578","1":"post","2":"type-post","3":"status-publish","4":"format-standard","5":"has-post-thumbnail","7":"category-internacional","8":"tag-breaking-news","9":"tag-breakingnews","10":"tag-cadena-ser","11":"tag-featured-news","12":"tag-featurednews","13":"tag-gobierno-de-espana","14":"tag-headlines","15":"tag-internacional","16":"tag-international","17":"tag-international-news","18":"tag-internationalnews","19":"tag-jose-luis-abalos","20":"tag-latest-news","21":"tag-latestnews","22":"tag-news","23":"tag-noticias","24":"tag-noticias-destacadas","25":"tag-noticiasdestacadas","26":"tag-pedro-sanchez","27":"tag-politica","28":"tag-premios-nobel","29":"tag-psoe-partido-socialista-obrero-espanol","30":"tag-titulares","31":"tag-ultimas-noticias","32":"tag-ultimasnoticias","33":"tag-venezuela","34":"tag-world","35":"tag-world-news","36":"tag-worldnews"},"share_on_mastodon":{"url":"","error":""},"_links":{"self":[{"href":"https:\/\/www.europesays.com\/es\/wp-json\/wp\/v2\/posts\/177578","targetHints":{"allow":["GET"]}}],"collection":[{"href":"https:\/\/www.europesays.com\/es\/wp-json\/wp\/v2\/posts"}],"about":[{"href":"https:\/\/www.europesays.com\/es\/wp-json\/wp\/v2\/types\/post"}],"author":[{"embeddable":true,"href":"https:\/\/www.europesays.com\/es\/wp-json\/wp\/v2\/users\/2"}],"replies":[{"embeddable":true,"href":"https:\/\/www.europesays.com\/es\/wp-json\/wp\/v2\/comments?post=177578"}],"version-history":[{"count":0,"href":"https:\/\/www.europesays.com\/es\/wp-json\/wp\/v2\/posts\/177578\/revisions"}],"wp:featuredmedia":[{"embeddable":true,"href":"https:\/\/www.europesays.com\/es\/wp-json\/wp\/v2\/media\/177579"}],"wp:attachment":[{"href":"https:\/\/www.europesays.com\/es\/wp-json\/wp\/v2\/media?parent=177578"}],"wp:term":[{"taxonomy":"category","embeddable":true,"href":"https:\/\/www.europesays.com\/es\/wp-json\/wp\/v2\/categories?post=177578"},{"taxonomy":"post_tag","embeddable":true,"href":"https:\/\/www.europesays.com\/es\/wp-json\/wp\/v2\/tags?post=177578"}],"curies":[{"name":"wp","href":"https:\/\/api.w.org\/{rel}","templated":true}]}}