{"id":177584,"date":"2025-10-15T03:36:14","date_gmt":"2025-10-15T03:36:14","guid":{"rendered":"https:\/\/www.europesays.com\/es\/177584\/"},"modified":"2025-10-15T03:36:14","modified_gmt":"2025-10-15T03:36:14","slug":"bolanos-disputara-un-amistoso-con-la-seleccion-argentina","status":"publish","type":"post","link":"https:\/\/www.europesays.com\/es\/177584\/","title":{"rendered":"Bola\u00f1os disputar\u00e1 un amistoso con la selecci\u00f3n argentina"},"content":{"rendered":"<p>La selecci\u00f3n argentina de balonmano se encuentra estos d\u00edas concentrada en Ciudad Real dentro de su preparaci\u00f3n para el Mundial 2025, que se disputar\u00e1 del 26 de noviembre al 14 de diciembre en Alemania y Pa\u00edses Bajos.\u00a0<\/p>\n<p>Hasta el domingo las integrantes de &#8216;la Garra&#8217;, como es popularmente conocido el combinado albiceleste, llevar\u00e1n a cabo distintos entrenamientos y que incluye tambi\u00e9n un amistoso contra el Balonmano Bola\u00f1os, de Divisi\u00f3n de Honor Oro, este viernes a las 19 horas en el pabell\u00f3n Macarena Aguilar.<\/p>\n<p>El seleccionador argentino es MarianoMart\u00edn Mu\u00f1oz, director deportivo del Caser\u00edo, que apuesta por Espa\u00f1a para realizar estas concentraciones, al ser el pa\u00eds en el que est\u00e1n jugando pr\u00e1cticamente todas las integrantes del combinado.<\/p>\n<p>Ser\u00e1 la cuarta concentraci\u00f3n del a\u00f1o para el equipo argentino, que ya disput\u00f3 en marzo el Torneo Internacional de Manzanares y que estuvo concentrado en Ciudad Real en septiembre.<\/p>\n<p>Ayudando al equipo argentino est\u00e1n Selena Maitini (Pozuelo) y Julieta Cuccuini (Bola\u00f1os), que participar\u00e1n de algunos entrenamientos durante la semana en calidad de sparring, se apunta desde la Federaci\u00f3n Argentina.<\/p>\n<p><strong>CARMEN ARROYO.<\/strong> Por su parte, la manzanare\u00f1a Carmen Arroyo (Bera Bera) est\u00e1 convocada con Espa\u00f1a para dos partidos clasificatorios para el Europeo, este jueves en Sagunto ante Grecia y el domingo en Bratislava (Eslovaquia) con Israel.<\/p>\n","protected":false},"excerpt":{"rendered":"La selecci\u00f3n argentina de balonmano se encuentra estos d\u00edas concentrada en Ciudad Real dentro de su preparaci\u00f3n para&hellip;\n","protected":false},"author":2,"featured_media":177585,"comment_status":"","ping_status":"","sticky":false,"template":"","format":"standard","meta":{"footnotes":""},"categories":[278],"tags":[1660,283,376,17746,1940,168,25,32674,24,2023,375,74,5090,3233,9542,19423,23,167],"class_list":{"0":"post-177584","1":"post","2":"type-post","3":"status-publish","4":"format-standard","5":"has-post-thumbnail","7":"category-balonmano","8":"tag-alemania","9":"tag-argentina","10":"tag-balonmano","11":"tag-balonmano-bolanos","12":"tag-ciudad-real","13":"tag-deportes","14":"tag-es","15":"tag-eslovaquia","16":"tag-espana","17":"tag-grecia","18":"tag-handball","19":"tag-israel","20":"tag-manzanares","21":"tag-mundial-de-balonmano","22":"tag-paises-bajos","23":"tag-pozuelo","24":"tag-spain","25":"tag-sports"},"share_on_mastodon":{"url":"","error":""},"_links":{"self":[{"href":"https:\/\/www.europesays.com\/es\/wp-json\/wp\/v2\/posts\/177584","targetHints":{"allow":["GET"]}}],"collection":[{"href":"https:\/\/www.europesays.com\/es\/wp-json\/wp\/v2\/posts"}],"about":[{"href":"https:\/\/www.europesays.com\/es\/wp-json\/wp\/v2\/types\/post"}],"author":[{"embeddable":true,"href":"https:\/\/www.europesays.com\/es\/wp-json\/wp\/v2\/users\/2"}],"replies":[{"embeddable":true,"href":"https:\/\/www.europesays.com\/es\/wp-json\/wp\/v2\/comments?post=177584"}],"version-history":[{"count":0,"href":"https:\/\/www.europesays.com\/es\/wp-json\/wp\/v2\/posts\/177584\/revisions"}],"wp:featuredmedia":[{"embeddable":true,"href":"https:\/\/www.europesays.com\/es\/wp-json\/wp\/v2\/media\/177585"}],"wp:attachment":[{"href":"https:\/\/www.europesays.com\/es\/wp-json\/wp\/v2\/media?parent=177584"}],"wp:term":[{"taxonomy":"category","embeddable":true,"href":"https:\/\/www.europesays.com\/es\/wp-json\/wp\/v2\/categories?post=177584"},{"taxonomy":"post_tag","embeddable":true,"href":"https:\/\/www.europesays.com\/es\/wp-json\/wp\/v2\/tags?post=177584"}],"curies":[{"name":"wp","href":"https:\/\/api.w.org\/{rel}","templated":true}]}}