{"id":177647,"date":"2025-10-15T04:22:08","date_gmt":"2025-10-15T04:22:08","guid":{"rendered":"https:\/\/www.europesays.com\/es\/177647\/"},"modified":"2025-10-15T04:22:08","modified_gmt":"2025-10-15T04:22:08","slug":"el-automania-luceros-invitado-inesperado-entre-los-grandes-favoritos","status":"publish","type":"post","link":"https:\/\/www.europesays.com\/es\/177647\/","title":{"rendered":"El Automan\u00eda Luceros, invitado inesperado entre los grandes favoritos"},"content":{"rendered":"<p class=\"ft-text ft-helper-closenews\"><strong>Ocho puntos de diez posibles<\/strong> es el espectacular balance que presenta el<strong> Automan\u00eda Luceros en este arranque de temporada<\/strong> que le ha permitido auparse a la zona alta de la Primera Nacional. El filial cangu\u00e9s<a class=\"ft-link ft-link--decoration\" href=\"https:\/\/www.farodevigo.es\/deportes\/morrazo\/2025\/10\/09\/automania-luceros-firma-inicio-perfecto-122424476.html\" rel=\"nofollow noopener\" target=\"_blank\"> es el invitado inesperado entre los grandes favoritos <\/a>a pelear por los puestos que dan derecho a disputar la promoci\u00f3n de ascenso a la Divisi\u00f3n de Honor Plata, col\u00e1ndose entre plantillas y presupuestos de la talla de <strong>Valinox Nov\u00e1s (10 puntos), Lanzarote (10 puntos), Lir\u00f3n Teucro (8 puntos) e Ingenio (8 puntos). <\/strong><\/p>\n<p class=\"ft-text\">Los de Adri\u00e1n M\u00e9ndez \u00fanicamente han sufrido una derrota, ante un Lanzarote al que compitieron durante 30 minutos para acabar cediendo en el segundo periodo. En las dos primeras jornadas dieron<strong> buena cuenta del Granitos Ib\u00e9ricos Carballal en O Gata\u00f1al (30-29) y del Porri\u00f1o<\/strong> a domicilio (34-36) para, en estas dos \u00faltimas, imponerse a los dos \u00faltimos clasificados,<strong> Ribeiro Rodosa Provincia Termal (31-36) y Sermarther Ciudad de Tacoronte (33-31)<\/strong>. Eso s\u00ed, en Ribadavia vencieron con un equipo plagado de bajas (Den\u00eds, Iago, Juan, Fuentes y Mateo) y con hasta cinco jugadores juveniles, varios de ellos de primer a\u00f1o.<\/p>\n<p class=\"ft-text\">El paso adelante de los canteranos cangueses ha sido evidente en una campa\u00f1a en la que las salidas han sido notables, en cantidad, calidad y, sobre todo, en experiencia. P\u00e9rez se ha incorporado a todos los efectos al equipo de Asobal, Pousa, Bern\u00e1rdez y Azurmendi se apartaron del balonmano, y otros como Manu Rodr\u00edguez o Gael cambiaron de aires. Ante esto, y en la en\u00e9sima renovaci\u00f3n, los de O Morrazo han<strong> competido de modo perfecto para amarrar pr\u00e1cticamente media permanencia<\/strong> en tan solo cuatro jornadas.<\/p>\n<p data-close=\"closedContent\" class=\"subscribeHideForDisplay\">Suscr\u00edbete para seguir leyendo<\/p>\n","protected":false},"excerpt":{"rendered":"Ocho puntos de diez posibles es el espectacular balance que presenta el Automan\u00eda Luceros en este arranque de&hellip;\n","protected":false},"author":2,"featured_media":177648,"comment_status":"","ping_status":"","sticky":false,"template":"","format":"standard","meta":{"footnotes":""},"categories":[278],"tags":[11329,11327,376,42447,168,25,24,375,11326,23,167],"class_list":{"0":"post-177647","1":"post","2":"type-post","3":"status-publish","4":"format-standard","5":"has-post-thumbnail","7":"category-balonmano","8":"tag-adrian-mendez","9":"tag-automania-luceros","10":"tag-balonmano","11":"tag-balonmano-luceros","12":"tag-deportes","13":"tag-es","14":"tag-espana","15":"tag-handball","16":"tag-primera-nacional-balonmano","17":"tag-spain","18":"tag-sports"},"share_on_mastodon":{"url":"","error":""},"_links":{"self":[{"href":"https:\/\/www.europesays.com\/es\/wp-json\/wp\/v2\/posts\/177647","targetHints":{"allow":["GET"]}}],"collection":[{"href":"https:\/\/www.europesays.com\/es\/wp-json\/wp\/v2\/posts"}],"about":[{"href":"https:\/\/www.europesays.com\/es\/wp-json\/wp\/v2\/types\/post"}],"author":[{"embeddable":true,"href":"https:\/\/www.europesays.com\/es\/wp-json\/wp\/v2\/users\/2"}],"replies":[{"embeddable":true,"href":"https:\/\/www.europesays.com\/es\/wp-json\/wp\/v2\/comments?post=177647"}],"version-history":[{"count":0,"href":"https:\/\/www.europesays.com\/es\/wp-json\/wp\/v2\/posts\/177647\/revisions"}],"wp:featuredmedia":[{"embeddable":true,"href":"https:\/\/www.europesays.com\/es\/wp-json\/wp\/v2\/media\/177648"}],"wp:attachment":[{"href":"https:\/\/www.europesays.com\/es\/wp-json\/wp\/v2\/media?parent=177647"}],"wp:term":[{"taxonomy":"category","embeddable":true,"href":"https:\/\/www.europesays.com\/es\/wp-json\/wp\/v2\/categories?post=177647"},{"taxonomy":"post_tag","embeddable":true,"href":"https:\/\/www.europesays.com\/es\/wp-json\/wp\/v2\/tags?post=177647"}],"curies":[{"name":"wp","href":"https:\/\/api.w.org\/{rel}","templated":true}]}}