{"id":177651,"date":"2025-10-15T04:28:12","date_gmt":"2025-10-15T04:28:12","guid":{"rendered":"https:\/\/www.europesays.com\/es\/177651\/"},"modified":"2025-10-15T04:28:12","modified_gmt":"2025-10-15T04:28:12","slug":"el-palpito-de-pierre-gasly-companero-de-colapinto-para-las-ultimas-carreras-de-la-formula-1-ole","status":"publish","type":"post","link":"https:\/\/www.europesays.com\/es\/177651\/","title":{"rendered":"El p\u00e1lpito de Pierre Gasly, compa\u00f1ero de Colapinto, para las \u00faltimas carreras de la F\u00f3rmula 1 :: Ol\u00e9"},"content":{"rendered":"<p>14\/10\/2025 16:44hs.<\/p>\n<p>Un equipo, que es <a href=\"https:\/\/www.ole.com.ar\/tema\/alpine.html\" title=\"Alpine\" alt=\"Alpine\" class=\"slug\" rel=\"nofollow noopener\" target=\"_blank\">Alpine<\/a>, y dos garajes, pertenecientes a <strong><a href=\"https:\/\/www.ole.com.ar\/tema\/franco-colapinto.html\" title=\"Franco Colapinto\" alt=\"Franco Colapinto\" class=\"slug\" rel=\"nofollow noopener\" target=\"_blank\">Franco Colapinto<\/a> <\/strong>y <strong><a href=\"https:\/\/www.ole.com.ar\/tema\/pierre-gasly.html\" title=\"Pierre Gasly\" alt=\"Pierre Gasly\" class=\"slug\" rel=\"nofollow noopener\" target=\"_blank\">Pierre Gasly<\/a><\/strong>. Est\u00e1 claro que el sentimiento general es de malestar porque el auto no tiene lo necesario para llegar a los puntos, pero la actualidad de cada piloto y <strong>el contexto en el que arribar\u00e1n a Estados Unidos es distinto<\/strong>: el argentino esperar\u00e1 que sea una continuaci\u00f3n de sus \u00faltimas carreras, en las que viene compitiendo bien, y el franc\u00e9s hacer borr\u00f3n y cuenta nueva (viene de salir 19\u00b0). De cara a la 19\u00aa fecha, as\u00ed como a las que seguir\u00e1n hasta el cierre de la <a href=\"https:\/\/www.ole.com.ar\/tema\/formula-1.html\" title=\"F\u00f3rmula 1\" alt=\"F\u00f3rmula 1\" class=\"slug\" rel=\"nofollow noopener\" target=\"_blank\">F\u00f3rmula 1<\/a>, <strong>PG10 dio un p\u00e1lpito y transmiti\u00f3 esperanza.<\/strong><\/p>\n<p>\u00abAhora mismo, est\u00e1 claro que estamos lejos de donde pretendemos estar en t\u00e9rminos de competitividad\u00bb, marc\u00f3 el galo, pero enseguida explic\u00f3 por qu\u00e9 conf\u00eda en que se puede ver una levantada de los autos rosas. \u00abCreo que nos esperan mejores d\u00edas, <strong>especialmente de cara a las seis carreras restantes y a algunos circuitos m\u00e1s adecuados para nuestro coche<\/strong>, y por supuesto, hacia 2026&#8243;, sostuvo.<\/p>\n<p>En esa l\u00ednea, Gasly sigui\u00f3: \u00abUn aspecto positivo de Singapur fue que <strong>realizamos algunos cambios en el coche<\/strong> para intentar comprender y recopilar datos sobre nuestro nivel de rendimiento actual, y <strong>encontramos algunas anomal\u00edas en los datos que han resultado ser valiosas<\/strong>. S\u00e9 que iremos a Austin este fin de semana con el objetivo de mejorar en mi lado del garaje\u00bb.<\/p>\n<p><img alt=\"Gasly sali\u00f3 19\u00b0 en Singapur. (AP Photo\/Vincent Thian)\" loading=\"lazy\" width=\"720\" height=\"100\" decoding=\"async\" data-nimg=\"1\" style=\"color:transparent\" src=\"https:\/\/www.europesays.com\/es\/wp-content\/uploads\/2025\/10\/mckT55div_720x0__1.jpg\"\/>Gasly sali\u00f3 19\u00b0 en Singapur. (AP Photo\/Vincent Thian)<\/p>\n<p>Finalmente, el compa\u00f1ero de Colapinto habl\u00f3 de lo ocupado que estuvo entre Singapur y Estados Unidos, con dos semanas de separaci\u00f3n, y especific\u00f3: \u00ab<strong>Estuve en Enstone el martes y el mi\u00e9rcoles para preparar Austin y las pr\u00f3ximas carreras en el simulador<\/strong>. Despu\u00e9s, fui a Par\u00eds con BWT (sponsor del equipo), donde conoc\u00ed a algunos jugadores del club de rugby Stade Francais, del que siempre aprendo mucho, escuchando experiencias de otros deportes. Luego estuve en el nuevo <strong>Alpine Atelier<\/strong> junto a Philippe Krief y Fran\u00e7ois Provost para su inauguraci\u00f3n oficial\u00bb.<\/p>\n<p>Cu\u00e1ndo correr\u00e1n Colapinto y Gasly por el GP de Estados Unidos<\/p>\n<p>La F\u00f3rmula 1 girar\u00e1 en COTA, Austin, entre<strong> el viernes 17 y el domingo 19 de octubre<\/strong>, con la particularidad de que ser\u00e1 un fin de semana sprint (habr\u00e1 dos clasificaciones y dos carreras). Toda la actividad ser\u00e1 transmitida por <strong>Fox Sports <\/strong>y <strong>Disney+ Premium<\/strong>.<\/p>\n<p><img alt=\"Franco Colapinto y Pierre Gasly, compa\u00f1eros de equipo en Alpine. (@AlpineF1Team)\" loading=\"lazy\" width=\"720\" height=\"100\" decoding=\"async\" data-nimg=\"1\" style=\"color:transparent\" src=\"https:\/\/www.europesays.com\/es\/wp-content\/uploads\/2025\/09\/e8N6elikw_720x0__1.jpg\"\/>Franco Colapinto y Pierre Gasly, compa\u00f1eros de equipo en Alpine. (@AlpineF1Team)<\/p>\n<p>D\u00edas y horarios del GP de Estados Unidos de F\u00f3rmula 1<\/p>\n<p>Viernes 17\/10<\/p>\n<ul>\n<li>Pr\u00e1ctica 1 | 14.30<\/li>\n<li>Clasificaci\u00f3n Sprint | 18.30<\/li>\n<\/ul>\n<p>S\u00e1bado 18\/10<\/p>\n<ul>\n<li>Carrera Sprint | 14.00<\/li>\n<li>Clasificaci\u00f3n | 18.00<\/li>\n<\/ul>\n<p>Domingo 19\/10<\/p>\n<p><a href=\"https:\/\/www.ole.com.ar\/autos\/franco-colapinto-optimisma-cara-resto-formula-1-gp-austin-declaraciones_0_OBUijckMwe.html\" aria-label=\"El optimismo de Franco Colapinto de cara al GP de Austin y lo que resta de la F\u00f3rmula 1 con Alpine\" class=\"sc-198398ff-0 dGmAry\" rel=\"nofollow noopener\" target=\"_blank\"><img alt=\"El optimismo de Franco Colapinto de cara al GP de Austin y lo que resta de la F\u00f3rmula 1 con Alpine\" loading=\"lazy\" width=\"290\" height=\"290\" decoding=\"async\" data-nimg=\"1\" style=\"color:transparent\" src=\"https:\/\/www.europesays.com\/es\/wp-content\/uploads\/2025\/10\/i7wI6tDxR_290x290__1.jpg\"\/><\/p>\n<p>Mir\u00e1 tambi\u00e9nEl optimismo de Franco Colapinto de cara al GP de Austin y lo que resta de la F\u00f3rmula 1 con Alpine<\/p>\n<p><a href=\"https:\/\/www.ole.com.ar\/autos\/franco-colapinto-circuito-maniobra-ano-2024-fernando-alonso-gran-premio-estados-unidos_0_qnGKuCYkFR.html\" aria-label=\"Franco Colapinto vuelve al circuito en el que hizo la mejor maniobra del a\u00f1o: c\u00f3mo fue y qui\u00e9n la sufri\u00f3\" class=\"sc-198398ff-0 dGmAry\" rel=\"nofollow noopener\" target=\"_blank\"><img alt=\"Franco Colapinto vuelve al circuito en el que hizo la mejor maniobra del a\u00f1o: c\u00f3mo fue y qui\u00e9n la sufri\u00f3\" loading=\"lazy\" width=\"290\" height=\"290\" decoding=\"async\" data-nimg=\"1\" style=\"color:transparent\" src=\"https:\/\/www.europesays.com\/es\/wp-content\/uploads\/2025\/10\/mfBS5p9Eq_290x290__1.jpg\"\/><\/p>\n<p>Mir\u00e1 tambi\u00e9nFranco Colapinto vuelve al circuito en el que hizo la mejor maniobra del a\u00f1o: c\u00f3mo fue y qui\u00e9n la sufri\u00f3<\/p>\n<p><a href=\"https:\/\/www.ole.com.ar\/autos\/williams-rookie-luke-browning-ex-companero-franco-colapinto-corre-gp-austin_0_utIuPNRmtW.html\" aria-label=\"El ex compa\u00f1ero de Franco Colapinto que correr\u00e1 en el GP de M\u00e9xico\" class=\"sc-198398ff-0 dGmAry\" rel=\"nofollow noopener\" target=\"_blank\"><img alt=\"El ex compa\u00f1ero de Franco Colapinto que correr\u00e1 en el GP de M\u00e9xico\" loading=\"lazy\" width=\"290\" height=\"290\" decoding=\"async\" data-nimg=\"1\" style=\"color:transparent\" src=\"https:\/\/www.europesays.com\/es\/wp-content\/uploads\/2025\/10\/kfj0iBS2P_290x290__1.jpg\"\/><\/p>\n<p>Mir\u00e1 tambi\u00e9nEl ex compa\u00f1ero de Franco Colapinto que correr\u00e1 en el GP de M\u00e9xico<\/p>\n<p><a href=\"https:\/\/www.ole.com.ar\/autos\/copa-mundial-automovilismo-fia-argentinos-macao-colnaghi-trappa_0_HewgFvUNSj.html\" aria-label=\"La Copa Mundial de automovilismo que contar\u00e1 con dos argentinos: qu\u00e9 es y d\u00f3nde se correr\u00e1\" class=\"sc-198398ff-0 dGmAry\" rel=\"nofollow noopener\" target=\"_blank\"><img alt=\"La Copa Mundial de automovilismo que contar\u00e1 con dos argentinos: qu\u00e9 es y d\u00f3nde se correr\u00e1\" loading=\"lazy\" width=\"290\" height=\"290\" decoding=\"async\" data-nimg=\"1\" style=\"color:transparent\" src=\"https:\/\/www.europesays.com\/es\/wp-content\/uploads\/2025\/10\/BUssw_cQ2_290x290__1.jpg\"\/><\/p>\n<p>Mir\u00e1 tambi\u00e9nLa Copa Mundial de automovilismo que contar\u00e1 con dos argentinos: qu\u00e9 es y d\u00f3nde se correr\u00e1<\/p>\n","protected":false},"excerpt":{"rendered":"14\/10\/2025 16:44hs. Un equipo, que es Alpine, y dos garajes, pertenecientes a Franco Colapinto y Pierre Gasly. Est\u00e1&hellip;\n","protected":false},"author":2,"featured_media":177652,"comment_status":"","ping_status":"","sticky":false,"template":"","format":"standard","meta":{"footnotes":""},"categories":[270],"tags":[1331,168,25,24,306,271,272,1330,23,167],"class_list":{"0":"post-177651","1":"post","2":"type-post","3":"status-publish","4":"format-standard","5":"has-post-thumbnail","7":"category-formula-1","8":"tag-alpine","9":"tag-deportes","10":"tag-es","11":"tag-espana","12":"tag-f1","13":"tag-formula-1","14":"tag-formula1","15":"tag-pierre-gasly","16":"tag-spain","17":"tag-sports"},"share_on_mastodon":{"url":"","error":""},"_links":{"self":[{"href":"https:\/\/www.europesays.com\/es\/wp-json\/wp\/v2\/posts\/177651","targetHints":{"allow":["GET"]}}],"collection":[{"href":"https:\/\/www.europesays.com\/es\/wp-json\/wp\/v2\/posts"}],"about":[{"href":"https:\/\/www.europesays.com\/es\/wp-json\/wp\/v2\/types\/post"}],"author":[{"embeddable":true,"href":"https:\/\/www.europesays.com\/es\/wp-json\/wp\/v2\/users\/2"}],"replies":[{"embeddable":true,"href":"https:\/\/www.europesays.com\/es\/wp-json\/wp\/v2\/comments?post=177651"}],"version-history":[{"count":0,"href":"https:\/\/www.europesays.com\/es\/wp-json\/wp\/v2\/posts\/177651\/revisions"}],"wp:featuredmedia":[{"embeddable":true,"href":"https:\/\/www.europesays.com\/es\/wp-json\/wp\/v2\/media\/177652"}],"wp:attachment":[{"href":"https:\/\/www.europesays.com\/es\/wp-json\/wp\/v2\/media?parent=177651"}],"wp:term":[{"taxonomy":"category","embeddable":true,"href":"https:\/\/www.europesays.com\/es\/wp-json\/wp\/v2\/categories?post=177651"},{"taxonomy":"post_tag","embeddable":true,"href":"https:\/\/www.europesays.com\/es\/wp-json\/wp\/v2\/tags?post=177651"}],"curies":[{"name":"wp","href":"https:\/\/api.w.org\/{rel}","templated":true}]}}