{"id":177659,"date":"2025-10-15T04:34:12","date_gmt":"2025-10-15T04:34:12","guid":{"rendered":"https:\/\/www.europesays.com\/es\/177659\/"},"modified":"2025-10-15T04:34:12","modified_gmt":"2025-10-15T04:34:12","slug":"esto-es-lo-que-paso-ayer-en-la-gala-tierra-de-nadie-de-supervivientes-all-stars","status":"publish","type":"post","link":"https:\/\/www.europesays.com\/es\/177659\/","title":{"rendered":"Esto es lo que pas\u00f3 ayer en la gala &#8216;Tierra de nadie de Supervivientes All Stars\u2019"},"content":{"rendered":"<p data-journey-content=\"true\" data-node-id=\"3\" class=\"css-6wxqfj emevuu60\">La gala de &#8216;Tierra de nadie&#8217; del martes, 14 de octubre, ha estado llena de confrontaciones. Algunas alianzas entre los participantes de <a href=\"https:\/\/www.diezminutos.es\/supervivientes-television\/\" target=\"_blank\" data-vars-ga-outbound-link=\"https:\/\/www.diezminutos.es\/supervivientes-television\/\" data-vars-ga-ux-element=\"Hyperlink\" data-vars-ga-call-to-action=\"&#039;Supervivientes All stars 2025&#039;\" data-node-id=\"3.1\" class=\"body-link css-177bzfx emevuu60\" rel=\"nofollow noopener\">&#8216;Supervivientes All stars 2025&#8217;<\/a> <strong data-node-id=\"3.3\">se han roto para siempre,<\/strong> como por ejemplo la de <a href=\"https:\/\/www.diezminutos.es\/teleprograma\/programas-tv\/a69021385\/supervivientes-all-stars-gala-conexion-honduras-pelea-ivan-y-gloria-camila\/\" target=\"_blank\" data-vars-ga-outbound-link=\"https:\/\/www.diezminutos.es\/teleprograma\/programas-tv\/a69021385\/supervivientes-all-stars-gala-conexion-honduras-pelea-ivan-y-gloria-camila\/\" data-vars-ga-ux-element=\"Hyperlink\" data-vars-ga-call-to-action=\"Iv\u00e1n Gonz\u00e1lez y Gloria Camila.\" data-node-id=\"3.5\" class=\"body-link css-177bzfx emevuu60\" rel=\"nofollow noopener\">Iv\u00e1n Gonz\u00e1lez y Gloria Camila.<\/a> Ha sido una noche cargadita de tensiones, y es que los d\u00edas en los Cayos Cochinos cada vez se hacen m\u00e1s duros. <\/p>\n<p>El emotivo mensaje de Jorge Javier a Sonia Monroy<\/p>\n<p data-journey-content=\"true\" data-node-id=\"7\" class=\"css-6wxqfj emevuu60\"> La actriz, cantante y exconcursante de \u2018Supervivientes All Stars\u2019, atraviesa uno de los momentos m\u00e1s dif\u00edciles de su vida tras <a href=\"https:\/\/www.diezminutos.es\/famosos-corazon\/famosos-espanoles\/a69024526\/sonia-monroy-muerte-hermana-cancer-comunicado-primeras-palabras\/\" target=\"_blank\" data-vars-ga-outbound-link=\"https:\/\/www.diezminutos.es\/famosos-corazon\/famosos-espanoles\/a69024526\/sonia-monroy-muerte-hermana-cancer-comunicado-primeras-palabras\/\" data-vars-ga-ux-element=\"Hyperlink\" data-vars-ga-call-to-action=\"el fallecimiento de su hermana\" data-node-id=\"7.1\" class=\"body-link css-177bzfx emevuu60\" rel=\"nofollow noopener\">el fallecimiento de su hermana<\/a>, una noticia que ha conmocionado tanto a sus seguidores como a sus compa\u00f1eros del mundo de la televisi\u00f3n. \u201cAntes de empezar, queremos mandarle <strong data-node-id=\"7.3\">un abrazo muy, muy, muy fuerte a Sonia Monroy, de parte de toda la familia de \u2018Supervivientes\u2019.<\/strong> Un beso muy fuerte\u00bb, eran las palabras de Jorge Javier V\u00e1zquez.<\/p>\n<p><img draggable=\"true\" alt=\"jorge javier\" title=\"Jorge Javier\" loading=\"lazy\" width=\"1440\" height=\"900\" decoding=\"async\" data-nimg=\"1\" style=\"color:transparent;width:100%;height:auto;\"   src=\"https:\/\/www.europesays.com\/es\/wp-content\/uploads\/2025\/10\/jorge-javier-68eec1405885f.jpg\" class=\"css-0 e1g79fud0\"\/><\/p>\n<p>Telecinco<\/p>\n<p>Posicionamientos: Los supervivientes quieren fuera a Iv\u00e1n Gonz\u00e1lez<\/p>\n<p data-journey-content=\"true\" data-node-id=\"11\" class=\"css-6wxqfj emevuu60\">Nada m\u00e1s comenzar la gala, los supervivientes hizo sus alegatos para poder quedarse una semana m\u00e1s en el concurso. Iv\u00e1n, Adara, Miri y Gloria Camila eran los concursantes que se juegan la expulsi\u00f3n. Una salida que tendr\u00e1 la \u00faltima palabra la audiencia, pero si la responsabilidad cayese en ellos, <strong data-node-id=\"11.1\">los supervivientes tienen claro que Iv\u00e1n es el que debe regresar a Espa\u00f1a.<\/strong><\/p>\n<p><img draggable=\"true\" alt=\"supervivientes all stars\" title=\"Supervivientes All Stars\" loading=\"lazy\" width=\"1419\" height=\"791\" decoding=\"async\" data-nimg=\"1\" style=\"color:transparent;width:100%;height:auto;\"   src=\"https:\/\/www.europesays.com\/es\/wp-content\/uploads\/2025\/10\/supervivientes-68eeb4755be46.jpg\" class=\"css-0 e1g79fud0\"\/><\/p>\n<p>Telecinco<\/p>\n<p data-journey-content=\"true\" data-node-id=\"16\" class=\"css-6wxqfj emevuu60\">No todos se han posicionado detr\u00e1s del andaluz. Tony Spina se posicion\u00f3 en contra de Miri. Y es que desde que empez\u00f3 el concurso se declararon enemigos \u00edntimos. <\/p>\n<p>Una tortilla de patatas causa tensi\u00f3n entre los concursantes<\/p>\n<p data-journey-content=\"true\" data-node-id=\"19\" class=\"css-6wxqfj emevuu60\">Como cada martes, el tri\u00e1ngulo de fuego tuvo un gran protagonismo. Antes de que realizasen la prueba de recompensa, los concursantes se enfrentaron dejando claro qui\u00e9nes ya no se soportan. <\/p>\n<p data-journey-content=\"true\" data-node-id=\"21\" class=\"css-6wxqfj emevuu60\">Primero la guerra fue entre Iv\u00e1n Gonz\u00e1lez y Gloria Camila. Un trozo de tortilla fue la culpable. <strong data-node-id=\"21.1\">Una porci\u00f3n que la gan\u00f3 Iv\u00e1n y que Gloria Camila no vio bien<\/strong> que despu\u00e9s de esa recompensa, el concursante tambi\u00e9n comiera arroz. <strong data-node-id=\"21.3\">\u00abD\u00e9jame en paz. Sup\u00e9rame\u00bb<\/strong>, le dijo Iv\u00e1n a Gloria y esta no se quedaba atr\u00e1s: \u00ab\u00e9l siempre quiere protagonismo. Me he hecho una promesa que es hacerle ni caso\u00bb.<\/p>\n<p><img draggable=\"true\" alt=\"adara y torres\" title=\"Adara y Torres\" loading=\"lazy\" width=\"1416\" height=\"786\" decoding=\"async\" data-nimg=\"1\" style=\"color:transparent;width:100%;height:auto;\"   src=\"https:\/\/www.europesays.com\/es\/wp-content\/uploads\/2025\/10\/adara-y-torres-68eebc0d5265e.jpg\" class=\"css-0 e1g79fud0\"\/><\/p>\n<p>Telecinco<\/p>\n<p data-journey-content=\"true\" data-node-id=\"24\" class=\"css-6wxqfj emevuu60\">Pero tambi\u00e9n Adara y Torres tuvieron la misma movida por la recompensa del trozo de tortilla de patatas. \u00abSolo se fija en lo m\u00edo, en lo que como o dejo de comer. <strong data-node-id=\"24.1\">T\u00fa no me tienes que decir lo que tengo que hacer\u00bb, se quejaba Adara. <\/strong><\/p>\n<p><img src=\"https:\/\/www.europesays.com\/es\/wp-content\/uploads\/2025\/10\/1760502852_170_efed3e56-411c-4c5f-aad1-8194ce4fe362_1700500172.file\" alt=\"Headshot of Redacci\u00f3n Diez Minutos\" title=\"Headshot of Redacci\u00f3n Diez Minutos\" width=\"100%\" height=\"100%\" decoding=\"async\" loading=\"lazy\" class=\"css-o0wq4v ev8dhu53\"\/><\/p>\n<p>\u00a0En Diez Minutos somos especialistas en cubrir todas las noticias del coraz\u00f3n y de la monarqu\u00eda para acercarte a las vidas de todos esos personajes a los que admiras.<\/p>\n<p>Descubre con nosotros la \u00faltima hora de los famosos nacionales e internacionales m\u00e1s relevantes: sus pol\u00e9micas, sus historias amorosas y familiares y sus proyectos profesionales con nuestras entrevistas, videos y reportajes. Tambi\u00e9n te mostramos el d\u00eda a d\u00eda de la realeza, cont\u00e1ndote con especial detalle la vida personal y familiar de nuestros Reyes: Felipe VI y Letizia y sus hijas Leonor y Sof\u00eda.<\/p>\n<p>Diez Minutos es mucho m\u00e1s que cr\u00f3nica social. Queremos hacerte la vida m\u00e1s f\u00e1cil y cuidar de ti. Por eso, publicamos una amplia selecci\u00f3n de contenidos pr\u00e1cticos para ayudarte en tu econom\u00eda dom\u00e9stica, en la decoraci\u00f3n de tu casa o en tu bienestar f\u00edsico y emocional. Tambi\u00e9n encontrar\u00e1s todo tipo de noticias y reportajes sobre el embarazo y la maternidad para facilitarte este proceso de la vida.<\/p>\n<p>La cocina es otra parte fundamental de esta gu\u00eda pr\u00e1ctica con la mejor selecci\u00f3n de recetas y consejos para llevar una dieta saludable y variada. Y todo ello sin olvidarnos de los contenidos de moda y belleza que te har\u00e1n estar a la \u00faltima en las tendencias del momento con numerosas propuestas, ofertas y novedades.<\/p>\n<p>Te lo contamos todo con la misma rigurosidad y cercan\u00eda con la que te llevamos acompa\u00f1ando desde hace 72 a\u00f1os, cuando un 1 de septiembre de 1951 la revista vio la luz por primera vez. Muchas cosas han cambiado en lo que se refiere a la parte t\u00e9cnica, pero lo que te aseguramos es que el equipo que forma esta redacci\u00f3n realiza su trabajo con entusiasmo y entrega pensando en cada uno de vosotros para que encontr\u00e9is aqu\u00ed el sitio ideal donde disfrutar de la vida.<\/p>\n<p>El equipo digital de Diez Minutos est\u00e1 formado por:<\/p>\n<p><a href=\"https:\/\/www.diezminutos.es\/author\/15369\/rosa-prieto\/\" rel=\"nofollow noopener\" target=\"_blank\">Rosa Prieto:<\/a> Directora digital.<\/p>\n<p><a href=\"https:\/\/www.diezminutos.es\/author\/18095\/silvia-criado\/\" rel=\"nofollow noopener\" target=\"_blank\">Silvia Criado:<\/a> Jefa de secci\u00f3n digital.<\/p>\n<p><a href=\"https:\/\/www.diezminutos.es\/author\/16262\/magdalena-pinero\/\" rel=\"nofollow noopener\" target=\"_blank\">Magdalena Pi\u00f1ero:<\/a> redactora digital.\u00a0<\/p>\n<p><a href=\"https:\/\/www.diezminutos.es\/author\/16270\/daniel-reyes\/\" rel=\"nofollow noopener\" target=\"_blank\">Daniel Reyes:<\/a> redactor digital.<\/p>\n<p><a href=\"https:\/\/www.diezminutos.es\/author\/221934\/ignacio-herruzo\/\" rel=\"nofollow noopener\" target=\"_blank\">Ignacio Herruzo<\/a>: redactor digital.<\/p>\n<p><a href=\"https:\/\/www.diezminutos.es\/author\/740003\/nora-camara\/\" rel=\"nofollow noopener\" target=\"_blank\">Nora C\u00e1mara<\/a>: redactora digital.\u00a0<\/p>\n","protected":false},"excerpt":{"rendered":"La gala de &#8216;Tierra de nadie&#8217; del martes, 14 de octubre, ha estado llena de confrontaciones. Algunas alianzas&hellip;\n","protected":false},"author":2,"featured_media":177660,"comment_status":"","ping_status":"","sticky":false,"template":"","format":"standard","meta":{"footnotes":""},"categories":[171],"tags":[253,146,147,25,24,23,214],"class_list":{"0":"post-177659","1":"post","2":"type-post","3":"status-publish","4":"format-standard","5":"has-post-thumbnail","7":"category-tv","8":"tag-discover","9":"tag-entertainment","10":"tag-entretenimiento","11":"tag-es","12":"tag-espana","13":"tag-spain","14":"tag-tv"},"share_on_mastodon":{"url":"","error":""},"_links":{"self":[{"href":"https:\/\/www.europesays.com\/es\/wp-json\/wp\/v2\/posts\/177659","targetHints":{"allow":["GET"]}}],"collection":[{"href":"https:\/\/www.europesays.com\/es\/wp-json\/wp\/v2\/posts"}],"about":[{"href":"https:\/\/www.europesays.com\/es\/wp-json\/wp\/v2\/types\/post"}],"author":[{"embeddable":true,"href":"https:\/\/www.europesays.com\/es\/wp-json\/wp\/v2\/users\/2"}],"replies":[{"embeddable":true,"href":"https:\/\/www.europesays.com\/es\/wp-json\/wp\/v2\/comments?post=177659"}],"version-history":[{"count":0,"href":"https:\/\/www.europesays.com\/es\/wp-json\/wp\/v2\/posts\/177659\/revisions"}],"wp:featuredmedia":[{"embeddable":true,"href":"https:\/\/www.europesays.com\/es\/wp-json\/wp\/v2\/media\/177660"}],"wp:attachment":[{"href":"https:\/\/www.europesays.com\/es\/wp-json\/wp\/v2\/media?parent=177659"}],"wp:term":[{"taxonomy":"category","embeddable":true,"href":"https:\/\/www.europesays.com\/es\/wp-json\/wp\/v2\/categories?post=177659"},{"taxonomy":"post_tag","embeddable":true,"href":"https:\/\/www.europesays.com\/es\/wp-json\/wp\/v2\/tags?post=177659"}],"curies":[{"name":"wp","href":"https:\/\/api.w.org\/{rel}","templated":true}]}}