{"id":177679,"date":"2025-10-15T04:51:19","date_gmt":"2025-10-15T04:51:19","guid":{"rendered":"https:\/\/www.europesays.com\/es\/177679\/"},"modified":"2025-10-15T04:51:19","modified_gmt":"2025-10-15T04:51:19","slug":"segun-piloto-mexicano-cordero-la-panamericana-solo-puede-correrse-con-locura-controlada","status":"publish","type":"post","link":"https:\/\/www.europesays.com\/es\/177679\/","title":{"rendered":"Seg\u00fan piloto mexicano Cordero, la Panamericana s\u00f3lo puede correrse con \u00ablocura controlada\u00bb"},"content":{"rendered":"<p>&#13;<br \/>\n                    &#13;<br \/>\n                        &#13;<br \/>\n&#13;<\/p>\n<p>Seg\u00fan piloto mexicano Cordero, la Panamericana s\u00f3lo puede correrse con \u00ablocura controlada\u00bb<\/p>\n<p>&#13;<br \/>\n<img decoding=\"async\" class=\"mainImg r16x9\" width=\"416\" height=\"234\" fetchpriority=\"high\" src=\"https:\/\/www.europesays.com\/es\/wp-content\/uploads\/2025\/10\/segun-piloto-mexicano-cordero-la-panamericana-solo-puede-correrse-con-locura-controlada_416x234.webp.webp\"  alt=\"Seg\u00fan piloto mexicano Cordero, la Panamericana s\u00f3lo puede correrse con &quot;locura controlada&quot;\" title=\"Seg\u00fan piloto mexicano Cordero, la Panamericana s\u00f3lo puede correrse con &quot;locura controlada&quot;\"\/><\/p>\n<p>Morelia (M\u00e9xico), 14 oct (EFE).- El piloto mexicano Ricardo Cordero, quien arrancar\u00e1 este martes la sexta etapa de la Carrera Panamericana como nuevo l\u00edder, asegur\u00f3 que para correr esa competici\u00f3n es necesario estar un poco alejado de la cordura, sin dejar de ser inteligente.<\/p>\n<p>\u00abA veces me miran como un loco y s\u00ed, hace falta una locura controlada para asumir &#8216;La Pana&#8217;; sin embargo, es importante ser inteligente y pr\u00e1ctico, a la hora de tomar las decisiones\u00bb, afirm\u00f3 este martes a Efe el campe\u00f3n defensor.<\/p>\n<p>Cordero y su navegante, Marco Hern\u00e1ndez, han ido de menos a m\u00e1s en la Panamericana, despu\u00e9s de tener dificultades en la segunda etapa, en la que perdieron m\u00e1s de dos minutos en un cambio de llanta. Poco a poco recortaron la desventaja con el primer lugar y ayer saltaron al liderato.<\/p>\n<p>Ayer, en el recorrido de Quer\u00e9taro a Morelia, quinta etapa, la dupla de Cordero y Hern\u00e1ndez rompi\u00f3 su marca en la m\u00edtica secci\u00f3n de Mil Cumbres, al detener el cron\u00f3metro en 10:12.9 minutos en los 19,6 kil\u00f3metros del desafiante tramo de monta\u00f1a.<\/p>\n<p>\u00abNuestra meta ha sido recuperar unos 25 segundos por d\u00eda; esta es una carrera que mezcla resistencia con velocidad y un poquito de todo. Es tan larga que requiere hacerlo todo bien\u00bb, agreg\u00f3 Cordero, que busca su s\u00e9ptimo t\u00edtulo de la Panamericana y despu\u00e9s de la actuaci\u00f3n de este lunes, esta cerca de conseguirlo.<\/p>\n<p>\u00abNo es una obsesi\u00f3n el s\u00e9ptimo campeonato, s\u00ed una meta para la que trabajamos y es posible lograrla. Ha sido un trabajo a largo plazo y de mucha paciencia porque la carrera es una vez al a\u00f1o y se necesita mantener la buena forma durante mucho tiempo\u00bb, agreg\u00f3 el piloto, originario de San Luis Potos\u00ed.<\/p>\n<p>A los 43 a\u00f1os, Cordero siente estar en un gran momento de forma deportiva en una competencia en la cual se necesita experiencia.<\/p>\n<p>\u00abEsta carrera no es tanto para j\u00f3venes; es una prueba en la cual son necesarias la experiencia, la tranquilidad y controlar los nervios. Siento que me queda aqu\u00ed un rato todav\u00eda\u00bb, indic\u00f3.<\/p>\n<p>Durante la mayor parte del a\u00f1o, el piloto mexicano participa en competencias de &#8216;rallies&#8217;, lo cual lo mantiene en buena forma durante mucho tiempo; asegura que la pasi\u00f3n por la velocidad bloquea cualquier pensamiento de miedo, aunque asume la prueba con seguridad.<\/p>\n<p>Las primeras cuatro etapas de la Panamericana fueron dominadas por la pareja del franc\u00e9s Hilaire Damiron y su esposa brasile\u00f1a Laura Damiron, relegados ayer por Cordero y Hern\u00e1ndez, que les sacan tres segundos de ventaja y hoy saldr\u00e1n como favoritos en la antepen\u00faltima etapa, entre Morelia y Guanajuato, en el centro de M\u00e9xico.<\/p>\n<p>La Panamericana, que cumple 75 a\u00f1os, comenz\u00f3 el 9 de octubre en Chiapas, en el sur de M\u00e9xico, y el pasado s\u00e1bado, en el tercer tramo, cont\u00f3 con la participaci\u00f3n como invitado del actor Gael Garc\u00eda Bernal, quien se estren\u00f3 como piloto.<\/p>\n<p>\u00abConducir me ha dado el mismo miedo que siento cuando act\u00fao. Antes de entrar al escenario, siempre estoy nervioso; durante el rodaje de una pel\u00edcula igual; pero ha sido divertido\u201d, revel\u00f3 a una pregunta de EFE el tambi\u00e9n productor de cine.<\/p>\n<p>En esa etapa y en la anterior, la competici\u00f3n cont\u00f3 la presencia, tambi\u00e9n como invitado, del alem\u00e1n Timo Berhnard, campe\u00f3n de las 24 horas de Le Mans.<\/p>\n<p>Hoy la Panamericana tiene previsto un recorrido de 469 kil\u00f3metros, despu\u00e9s de los cuales comenzar\u00e1n a quedar m\u00e1s claras las posibilidades de la pareja Cordero-Hern\u00e1ndez de ganar el &#8216;rally&#8217; por s\u00e9ptima ocasi\u00f3n.<\/p>\n<p><img decoding=\"async\" class=\"mainImg r16x9\" width=\"416\" height=\"234\" fetchpriority=\"low\" loading=\"lazy\" src=\"https:\/\/www.europesays.com\/es\/wp-content\/uploads\/2025\/10\/1760503873_357_segun-piloto-mexicano-cordero-la-panamericana-solo-puede-correrse-con-locura-controlada_416x234.webp.webp\"  alt=\"Seg\u00fan piloto mexicano Cordero, la Panamericana s\u00f3lo puede correrse con &quot;locura controlada&quot;\" title=\"Seg\u00fan piloto mexicano Cordero, la Panamericana s\u00f3lo puede correrse con &quot;locura controlada&quot;\"\/><br \/>\n        <img decoding=\"async\" loading=\"lazy\" src=\"https:\/\/www.europesays.com\/es\/wp-content\/uploads\/2025\/07\/automovilismo.png\" width=\"50\" heigth=\"50\" alt=\"Logo de Automovilismo\"\/><\/p>\n<p class=\"subs-tag\">&#13;<br \/>\n            &#13;<br \/>\n            &#13;<br \/>\n            &#13;<br \/>\n            &#13;<br \/>\n            &#13;<br \/>\n         No te pierdas nada<\/p>\n<p>        &#13;<br \/>\n            Recib\u00ed las \u00faltimas noticias de Automovilismo \u00a1y m\u00e1s!    &#13;<br \/>\n    &#13;<\/p>\n<p>&#13;<br \/>\n    &#13;<br \/>\n       &#13;<br \/>\n&#13;<br \/>\n        Te puede interesar<a href=\"https:\/\/www.tycsports.com\/automovilismo\/colapinto-en-sus-manos-asi-quedo-el-reparto-del-poder-en-alpine-id692080.html\" onclick=\"ga4SelectContentEvent(&quot;Colapinto en sus manos: as\\u00ed qued\\u00f3 el reparto del poder en Alpine&quot;,&quot;Automovilismo&quot;,&quot;page_nota-comun-2024-blo_4109&quot;,&quot;Juan Manuel Collazo&quot;);\" class=\"cardImageHolder\" rel=\"nofollow noopener\" target=\"_blank\"><img decoding=\"async\" class=\"cardImage r16x9\" width=\"416\" height=\"234\" fetchpriority=\"low\" loading=\"lazy\" src=\"https:\/\/www.europesays.com\/es\/wp-content\/uploads\/2025\/09\/briatore-colapinto-y-gasly_416x234.webp\"  alt=\"Colapinto en sus manos: as\u00ed qued\u00f3 el reparto del poder en Alpine\" title=\"Colapinto en sus manos: as\u00ed qued\u00f3 el reparto del poder en Alpine\"\/><\/a><a href=\"https:\/\/www.tycsports.com\/automovilismo\/fia-copa-mundial-automovilismo-formula-1-f1-trappa-colnaghi-gp-de-macao-id692115.html\" onclick=\"ga4SelectContentEvent(&quot;La FIA anunci\\u00f3 la nueva Copa Mundial: qu\\u00e9 es y los dos pilotos argentinos que correr\\u00e1n&quot;,&quot;Automovilismo&quot;,&quot;page_nota-comun-2024-blo_4109&quot;,&quot;Mat\\u00edas Besana&quot;);\" class=\"cardImageHolder\" rel=\"nofollow noopener\" target=\"_blank\"><img decoding=\"async\" class=\"cardImage r16x9\" width=\"416\" height=\"234\" fetchpriority=\"low\" loading=\"lazy\" src=\"https:\/\/www.europesays.com\/es\/wp-content\/uploads\/2025\/10\/gran-premio-de-canada-gran-turismo-getty-images_416x234.webp\"  alt=\"La FIA anunci\u00f3 la nueva Copa Mundial: qu\u00e9 es y los dos pilotos argentinos que correr\u00e1n\" title=\"La FIA anunci\u00f3 la nueva Copa Mundial: qu\u00e9 es y los dos pilotos argentinos que correr\u00e1n\"\/><\/a><a href=\"https:\/\/www.tycsports.com\/automovilismo\/lewis-hamilton-reporte-interno-quejas-ferrari-formula-1-f1-gp-de-estados-unidos-id692067.html\" onclick=\"ga4SelectContentEvent(&quot;Hamilton realiz\\u00f3 su reporte interno y marc\\u00f3 el principal problema de Ferrari&quot;,&quot;Automovilismo&quot;,&quot;page_nota-comun-2024-blo_4109&quot;,&quot;Mat\\u00edas Besana&quot;);\" class=\"cardImageHolder\" rel=\"nofollow noopener\" target=\"_blank\"><img decoding=\"async\" class=\"cardImage r16x9\" width=\"416\" height=\"234\" fetchpriority=\"low\" loading=\"lazy\" src=\"https:\/\/www.europesays.com\/es\/wp-content\/uploads\/2025\/10\/-el-britanico-lewis-hamilton-ganador-de-105-carreras-de-la-f1_416x234.webp\"  alt=\"Hamilton realiz\u00f3 su reporte interno y marc\u00f3 el principal problema de Ferrari\" title=\"Hamilton realiz\u00f3 su reporte interno y marc\u00f3 el principal problema de Ferrari\"\/><\/a><a href=\"https:\/\/www.tycsports.com\/automovilismo\/por-que-alpine-todavia-no-confirma-a-colapinto-para-2026-id691868.html\" onclick=\"ga4SelectContentEvent(&quot;La raz\\u00f3n por la que Alpine todav\\u00eda no confirma a Colapinto para 2026&quot;,&quot;Automovilismo&quot;,&quot;page_nota-comun-2024-blo_4109&quot;,&quot;Juan Manuel Collazo&quot;);\" class=\"cardImageHolder\" rel=\"nofollow noopener\" target=\"_blank\"><img decoding=\"async\" class=\"cardImage r16x9\" width=\"416\" height=\"234\" fetchpriority=\"low\" loading=\"lazy\" src=\"https:\/\/www.europesays.com\/es\/wp-content\/uploads\/2025\/10\/1760384591_114_colapinto_416x234.webp\"  alt=\"La raz\u00f3n por la que Alpine todav\u00eda no confirma a Colapinto para 2026\" title=\"La raz\u00f3n por la que Alpine todav\u00eda no confirma a Colapinto para 2026\"\/><\/a><a href=\"https:\/\/www.tycsports.com\/automovilismo\/esteban-ocon-expiloto-alpine-recordo-peor-accidente-formula-1-me-desmaye-orine-rojo-id691693.html\" onclick=\"ga4SelectContentEvent(&quot;El expiloto de Alpine que record\\u00f3 su peor accidente en la F\\u00f3rmula 1: \\u201cMe desmay\\u00e9 en la ducha y orine rojo\\u201d&quot;,&quot;Automovilismo&quot;,&quot;page_nota-comun-2024-blo_4109&quot;,&quot;Mat\\u00edas Besana&quot;);\" class=\"cardImageHolder\" rel=\"nofollow noopener\" target=\"_blank\"><img decoding=\"async\" class=\"cardImage r16x9\" width=\"416\" height=\"234\" fetchpriority=\"low\" loading=\"lazy\" src=\"https:\/\/www.europesays.com\/es\/wp-content\/uploads\/2025\/10\/gabriel-bortoleto-esteban-ocon-y-franco-colapinto_416x234.webp\"  alt=\"El expiloto de Alpine que record\u00f3 su peor accidente en la F\u00f3rmula 1: \u201cMe desmay\u00e9 en la ducha y orine rojo\u201d\" title=\"El expiloto de Alpine que record\u00f3 su peor accidente en la F\u00f3rmula 1: \u201cMe desmay\u00e9 en la ducha y orine rojo\u201d\"\/><\/a><a href=\"https:\/\/www.tycsports.com\/automovilismo\/alpine-lidera-el-peor-campeonato-de-la-f1-pero-no-por-colapinto-id691432.html\" onclick=\"ga4SelectContentEvent(&quot;Alpine lidera el peor \\&quot;campeonato\\&quot;, pero no por Colapinto&quot;,&quot;Automovilismo&quot;,&quot;page_nota-comun-2024-blo_4109&quot;,&quot;Juan Manuel Collazo&quot;);\" class=\"cardImageHolder\" rel=\"nofollow noopener\" target=\"_blank\"><img decoding=\"async\" class=\"cardImage r16x9\" width=\"416\" height=\"234\" fetchpriority=\"low\" loading=\"lazy\" src=\"https:\/\/www.europesays.com\/es\/wp-content\/uploads\/2025\/10\/1760135895_829_colapinto_416x234.webp\"  alt=\"Alpine lidera el peor &quot;campeonato&quot;, pero no por Colapinto\" title=\"Alpine lidera el peor &quot;campeonato&quot;, pero no por Colapinto\"\/><\/a>&#13;<br \/>\n&#13;<br \/>\n    &#13;<br \/>\n&#13;<br \/>\n&#13;<br \/>\n                  &#13;<\/p>\n","protected":false},"excerpt":{"rendered":"&#13; &#13; &#13; &#13; Seg\u00fan piloto mexicano Cordero, la Panamericana s\u00f3lo puede correrse con \u00ablocura controlada\u00bb &#13; Morelia&hellip;\n","protected":false},"author":2,"featured_media":177680,"comment_status":"","ping_status":"","sticky":false,"template":"","format":"standard","meta":{"footnotes":""},"categories":[270],"tags":[1763,168,25,24,306,271,272,23,167],"class_list":{"0":"post-177679","1":"post","2":"type-post","3":"status-publish","4":"format-standard","5":"has-post-thumbnail","7":"category-formula-1","8":"tag-automovilismo","9":"tag-deportes","10":"tag-es","11":"tag-espana","12":"tag-f1","13":"tag-formula-1","14":"tag-formula1","15":"tag-spain","16":"tag-sports"},"share_on_mastodon":{"url":"","error":""},"_links":{"self":[{"href":"https:\/\/www.europesays.com\/es\/wp-json\/wp\/v2\/posts\/177679","targetHints":{"allow":["GET"]}}],"collection":[{"href":"https:\/\/www.europesays.com\/es\/wp-json\/wp\/v2\/posts"}],"about":[{"href":"https:\/\/www.europesays.com\/es\/wp-json\/wp\/v2\/types\/post"}],"author":[{"embeddable":true,"href":"https:\/\/www.europesays.com\/es\/wp-json\/wp\/v2\/users\/2"}],"replies":[{"embeddable":true,"href":"https:\/\/www.europesays.com\/es\/wp-json\/wp\/v2\/comments?post=177679"}],"version-history":[{"count":0,"href":"https:\/\/www.europesays.com\/es\/wp-json\/wp\/v2\/posts\/177679\/revisions"}],"wp:featuredmedia":[{"embeddable":true,"href":"https:\/\/www.europesays.com\/es\/wp-json\/wp\/v2\/media\/177680"}],"wp:attachment":[{"href":"https:\/\/www.europesays.com\/es\/wp-json\/wp\/v2\/media?parent=177679"}],"wp:term":[{"taxonomy":"category","embeddable":true,"href":"https:\/\/www.europesays.com\/es\/wp-json\/wp\/v2\/categories?post=177679"},{"taxonomy":"post_tag","embeddable":true,"href":"https:\/\/www.europesays.com\/es\/wp-json\/wp\/v2\/tags?post=177679"}],"curies":[{"name":"wp","href":"https:\/\/api.w.org\/{rel}","templated":true}]}}