{"id":177681,"date":"2025-10-15T04:52:07","date_gmt":"2025-10-15T04:52:07","guid":{"rendered":"https:\/\/www.europesays.com\/es\/177681\/"},"modified":"2025-10-15T04:52:07","modified_gmt":"2025-10-15T04:52:07","slug":"quien-es-gary-payton-ii-la-estrella-de-la-nba-que-lleva-la-camiseta-del-real-mallorca","status":"publish","type":"post","link":"https:\/\/www.europesays.com\/es\/177681\/","title":{"rendered":"Qui\u00e9n es Gary Payton II, la estrella de la NBA que lleva la camiseta del Real Mallorca"},"content":{"rendered":"<p>Gary Payton II, jugador de los<strong> <a href=\"https:\/\/www.ultimahora.es\/etiqueta\/Golden+State+Warriors.html?utm_source=Inline-tag&amp;utm_medium=internal\" rel=\"nofollow noopener\" target=\"_blank\">Golden State Warriors<\/a>, <\/strong><a title=\"Un inesperado fichaje NBA para el Real Mallorca\" href=\"https:\/\/www.ultimahora.es\/deportes\/real-mallorca\/2025\/10\/13\/2490287\/inesperado-fichaje-nba-para-real-mallorca.html?utm_source=Related&amp;utm_medium=internal\" data-model=\"Noticia\" data-value=\"2490287\" rel=\"nofollow noopener\" target=\"_blank\">sorprendi\u00f3 al aparecer en la cancha de los Lakers<\/a> vistiendo la camiseta blanca de esta temporada del <a href=\"https:\/\/www.ultimahora.es\/etiqueta\/Real+Mallorca.html?utm_source=Inline-tag&amp;utm_medium=internal\" rel=\"nofollow noopener\" target=\"_blank\">Real Mallorca<\/a>. Este gesto, que tuvo lugar durante un partido clave de la NBA, no solo subraya la creciente interconexi\u00f3n entre el baloncesto y el <a href=\"https:\/\/www.ultimahora.es\/etiqueta\/f%C3%BAtbol.html?utm_source=Inline-tag&amp;utm_medium=internal\" rel=\"nofollow noopener\" target=\"_blank\">f\u00fatbol<\/a>, sino que tambi\u00e9n pone de manifiesto la estrecha relaci\u00f3n entre el deportista y su entrenador, <strong><a href=\"https:\/\/www.ultimahora.es\/etiqueta\/Steve+kerr.html?utm_source=Inline-tag&amp;utm_medium=internal\" rel=\"nofollow noopener\" target=\"_blank\">Steve Kerr<\/a>,<\/strong> quien es uno de los accionistas del <a href=\"https:\/\/www.ultimahora.es\/etiqueta\/RCD+Mallorca.html?utm_source=Inline-tag&amp;utm_medium=internal\" rel=\"nofollow noopener\" target=\"_blank\">RCD Mallorca<\/a>. La conexi\u00f3n entre el Real Mallorca y los Golden State Warriors, en particular, se ha fortalecido notablemente gracias a la figura de Kerr.<\/p>\n<p>De este modo, Payton II llev\u00f3 con orgullo los<strong> colores del club balear<\/strong>, destacando as\u00ed la conexi\u00f3n personal y profesional que existe entre ambos mundos deportivos. Gary Dwayne Payton II, nacido en Seattle en 1992, es un deportista estadounidense que actualmente forma parte de la plantilla de los Golden State Warriors de la NBA y desempe\u00f1a principalmente en la posici\u00f3n de escolta, aunque su versatilidad le permite cubrir otras demarcaciones en la cancha. Adem\u00e1s es conocido por ser hijo de Gary Payton, una figura ic\u00f3nica en la historia de la NBA.<\/p>\n<blockquote class=\"instagram-media\" style=\"background: #FFF; border: 0; border-radius: 3px; box-shadow: 0 0 1px 0 rgba(0,0,0,0.5),0 1px 10px 0 rgba(0,0,0,0.15); margin: 1px; max-width: 540px; min-width: 326px; padding: 0; width: calc(100% - 2px);\" data-instgrm-captioned=\"\" data-instgrm-permalink=\"https:\/\/www.instagram.com\/p\/DPwz73LEthv\/?utm_source=ig_embed&amp;utm_campaign=loading\" data-instgrm-version=\"14\"><p>&#13;<br \/>\n&#13;\n<\/p><\/blockquote>\n<p>Su trayectoria profesional ha estado marcada por su <strong>capacidad defensiva<\/strong>, cualidad que le ha permitido consolidarse en la liga m\u00e1s exigente del mundo. El 1 de julio de 2022, Payton II firm\u00f3 un contrato por tres a\u00f1os y 28 millones de d\u00f3lares con los Portland Trail Blazers, un movimiento que supuso un paso importante en su carrera. Sin embargo, su estancia en Oreg\u00f3n fue relativamente breve. El 9 de febrero de 2023, fue traspasado de nuevo a los Golden State Warriors en un complejo intercambio que<strong> involucr\u00f3 a cuatro equipos<\/strong>, marcando su regreso a la franquicia donde hab\u00eda logrado el \u00e9xito.<\/p>\n<p>A finales de septiembre de este 2025, est\u00e1 previsto que <strong>renueve su contrato<\/strong> con los Golden State Warriors, consolidando as\u00ed su futuro en la bah\u00eda y su papel fundamental en el equipo. Gary Payton II no solo lleva un apellido ilustre en el baloncesto, sino que tambi\u00e9n ha forjado su propio camino, alcanzando hitos significativos. Es hijo de Monique y Gary Payton, este \u00faltimo una leyenda de la NBA conocido como &#8216;The Glove&#8217; por su excepcional capacidad defensiva. Un momento cumbre en su carrera y vida personal se produjo en junio de 2022, cuando \u00e9l y<strong> su padre Gary se convirtieron<\/strong> en la quinta pareja de padre e hijo en ser campeones de la NBA.<\/p>\n<p>M\u00e1s all\u00e1 de las canchas, Payton II ha demostrado un fuerte compromiso social. En mayo de 2022, le fue concedido el prestigioso <strong>Bob Lanier Community Assist Award<\/strong>, un galard\u00f3n que reconoce el impacto social positivo de los deportistas en su entorno. Este premio le fue otorgado por el trabajo desarrollado a trav\u00e9s de su fundaci\u00f3n en San Francisco, California, una plataforma sin \u00e1nimo de lucro dedicada a la gesti\u00f3n familiar y educativa de la dislexia, una causa que le toca de cerca y a la que dedica grandes esfuerzos.<\/p>\n<p>Steve Kerr y la conexi\u00f3n entre los Warriors y el Real Mallorca<\/p>\n<p>La figura de Steve Kerr es central en esta relaci\u00f3n entre el baloncesto de \u00e9lite y el f\u00fatbol espa\u00f1ol. El entrenador de los Golden State Warriors es tambi\u00e9n accionista del RCD Mallorca. Esta inversi\u00f3n no es meramente financiera; representa un inter\u00e9s en el desarrollo y la visibilidad del club balear. La influencia de Kerr se extiende m\u00e1s all\u00e1 de las canchas de baloncesto, utilizando su plataforma para promover al Mallorca. Su<strong> apoyo al equipo de LaLiga<\/strong> se ha traducido en gestos como el de Gary Payton II, que no solo generan una enorme visibilidad para el club bermell\u00f3n en Estados Unidos, sino que tambi\u00e9n fortalecen los lazos entre dos ligas deportivas de primer nivel mundial.<\/p>\n<p>El hecho de que una estrella de la NBA como Gary Payton II vista la camiseta de un equipo de LaLiga durante un evento de gran repercusi\u00f3n medi\u00e1tica tiene un impacto considerable en la visibilidad y el <strong>reconocimiento de la marca<\/strong>. Para el Real Mallorca, este tipo de acciones representan una oportunidad inmejorable para expandir su alcance global, especialmente en el lucrativo mercado estadounidense. La exposici\u00f3n en un partido de los Lakers, con millones de espectadores, es una publicidad impagable que <strong>trasciende las campa\u00f1as de marketing<\/strong> tradicionales. Adem\u00e1s, humaniza la relaci\u00f3n entre los clubes y sus aficionados, creando narrativas atractivas que conectan a las personas con las instituciones deportivas.<\/p>\n<p>                        <script async src=\"\/\/www.instagram.com\/embed.js\"><\/script><\/p>\n","protected":false},"excerpt":{"rendered":"Gary Payton II, jugador de los Golden State Warriors, sorprendi\u00f3 al aparecer en la cancha de los Lakers&hellip;\n","protected":false},"author":2,"featured_media":177682,"comment_status":"","ping_status":"","sticky":false,"template":"","format":"standard","meta":{"footnotes":""},"categories":[269],"tags":[5233,299,298,168,25,24,282,9098,12648,288,1945,13752,14023,23,167,50231,1529,21],"class_list":{"0":"post-177681","1":"post","2":"type-post","3":"status-publish","4":"format-standard","5":"has-post-thumbnail","7":"category-baloncesto","8":"tag-audiencias-um","9":"tag-baloncesto","10":"tag-basketball","11":"tag-deportes","12":"tag-es","13":"tag-espana","14":"tag-futbol","15":"tag-golden-state-warriors","16":"tag-ia-news","17":"tag-laliga","18":"tag-primera-division","19":"tag-rcd-mallorca","20":"tag-real-mallorca","21":"tag-spain","22":"tag-sports","23":"tag-steve-kerr","24":"tag-ultima-hora","25":"tag-ultimas-noticias"},"share_on_mastodon":{"url":"","error":""},"_links":{"self":[{"href":"https:\/\/www.europesays.com\/es\/wp-json\/wp\/v2\/posts\/177681","targetHints":{"allow":["GET"]}}],"collection":[{"href":"https:\/\/www.europesays.com\/es\/wp-json\/wp\/v2\/posts"}],"about":[{"href":"https:\/\/www.europesays.com\/es\/wp-json\/wp\/v2\/types\/post"}],"author":[{"embeddable":true,"href":"https:\/\/www.europesays.com\/es\/wp-json\/wp\/v2\/users\/2"}],"replies":[{"embeddable":true,"href":"https:\/\/www.europesays.com\/es\/wp-json\/wp\/v2\/comments?post=177681"}],"version-history":[{"count":0,"href":"https:\/\/www.europesays.com\/es\/wp-json\/wp\/v2\/posts\/177681\/revisions"}],"wp:featuredmedia":[{"embeddable":true,"href":"https:\/\/www.europesays.com\/es\/wp-json\/wp\/v2\/media\/177682"}],"wp:attachment":[{"href":"https:\/\/www.europesays.com\/es\/wp-json\/wp\/v2\/media?parent=177681"}],"wp:term":[{"taxonomy":"category","embeddable":true,"href":"https:\/\/www.europesays.com\/es\/wp-json\/wp\/v2\/categories?post=177681"},{"taxonomy":"post_tag","embeddable":true,"href":"https:\/\/www.europesays.com\/es\/wp-json\/wp\/v2\/tags?post=177681"}],"curies":[{"name":"wp","href":"https:\/\/api.w.org\/{rel}","templated":true}]}}