{"id":177695,"date":"2025-10-15T05:02:11","date_gmt":"2025-10-15T05:02:11","guid":{"rendered":"https:\/\/www.europesays.com\/es\/177695\/"},"modified":"2025-10-15T05:02:11","modified_gmt":"2025-10-15T05:02:11","slug":"efecto-doppler-luna-miguel-incensurable","status":"publish","type":"post","link":"https:\/\/www.europesays.com\/es\/177695\/","title":{"rendered":"Efecto Doppler &#8211; Luna Miguel: &#8216;Incensurable&#8217;"},"content":{"rendered":"<p>Tras \u00abel gran apag\u00f3n L.\u00bb nadie habla de Lolita, el cl\u00e1sico de Nabokov. Nadie, salvo Lectrice Santos, que en una conferencia universitaria comienza su batalla por devolver el prestigio a la obra. A medio camino entre el ensayo y la novela, Luna Miguel nos habla del escritor ruso y de la censura en &#8216;Incensurable&#8217;, editado por Lumen.<\/p>\n<p>La secci\u00f3n de Luc\u00eda Lijtmaer se detiene en el Premio Nobel de Literatura: Krasznah\u00f3rkai. Sin embargo, no quiere hablarnos de \u00e9l, o no exclusivamente, porque se detiene en el traductor del premiado, Adan Kovacsics.<\/p>\n<p>Terminamos con Noe Ferrero y su secci\u00f3n \u00abtrue crime que no es true crime\u00bb. Hoy se detiene en una serie hist\u00f3rica Hawai 5.0.<\/p>\n","protected":false},"excerpt":{"rendered":"Tras \u00abel gran apag\u00f3n L.\u00bb nadie habla de Lolita, el cl\u00e1sico de Nabokov. Nadie, salvo Lectrice Santos, que&hellip;\n","protected":false},"author":2,"featured_media":177696,"comment_status":"","ping_status":"","sticky":false,"template":"","format":"standard","meta":{"footnotes":""},"categories":[91],"tags":[37816,146,147,25,24,50815,133,1448,1986,1987,23],"class_list":{"0":"post-177695","1":"post","2":"type-post","3":"status-publish","4":"format-standard","5":"has-post-thumbnail","7":"category-entretenimiento","8":"tag-efecto-doppler","9":"tag-entertainment","10":"tag-entretenimiento","11":"tag-es","12":"tag-espana","13":"tag-luna-miguel-incensurable","14":"tag-online","15":"tag-radio","16":"tag-rne","17":"tag-rtve-play","18":"tag-spain"},"share_on_mastodon":{"url":"","error":""},"_links":{"self":[{"href":"https:\/\/www.europesays.com\/es\/wp-json\/wp\/v2\/posts\/177695","targetHints":{"allow":["GET"]}}],"collection":[{"href":"https:\/\/www.europesays.com\/es\/wp-json\/wp\/v2\/posts"}],"about":[{"href":"https:\/\/www.europesays.com\/es\/wp-json\/wp\/v2\/types\/post"}],"author":[{"embeddable":true,"href":"https:\/\/www.europesays.com\/es\/wp-json\/wp\/v2\/users\/2"}],"replies":[{"embeddable":true,"href":"https:\/\/www.europesays.com\/es\/wp-json\/wp\/v2\/comments?post=177695"}],"version-history":[{"count":0,"href":"https:\/\/www.europesays.com\/es\/wp-json\/wp\/v2\/posts\/177695\/revisions"}],"wp:featuredmedia":[{"embeddable":true,"href":"https:\/\/www.europesays.com\/es\/wp-json\/wp\/v2\/media\/177696"}],"wp:attachment":[{"href":"https:\/\/www.europesays.com\/es\/wp-json\/wp\/v2\/media?parent=177695"}],"wp:term":[{"taxonomy":"category","embeddable":true,"href":"https:\/\/www.europesays.com\/es\/wp-json\/wp\/v2\/categories?post=177695"},{"taxonomy":"post_tag","embeddable":true,"href":"https:\/\/www.europesays.com\/es\/wp-json\/wp\/v2\/tags?post=177695"}],"curies":[{"name":"wp","href":"https:\/\/api.w.org\/{rel}","templated":true}]}}