{"id":177707,"date":"2025-10-15T05:08:09","date_gmt":"2025-10-15T05:08:09","guid":{"rendered":"https:\/\/www.europesays.com\/es\/177707\/"},"modified":"2025-10-15T05:08:09","modified_gmt":"2025-10-15T05:08:09","slug":"un-exhausto-granollers-no-puede-con-el-sah-aarhus-en-su-estreno-europeo","status":"publish","type":"post","link":"https:\/\/www.europesays.com\/es\/177707\/","title":{"rendered":"Un exhausto Granollers no puede con el SAH-Aarhus en su estreno europeo"},"content":{"rendered":"<p data-mrf-recirculation=\"Links P\u00e1rrafos\" class=\"ue-c-article__paragraph paragraph ue-c-article--first-letter-highlighted\">El Fraikin <strong>BM Granollers<\/strong><strong>no pudo<\/strong><strong>abrir<\/strong> su participaci\u00f3n en la fase de grupos de la EHF European League\u00a0<strong>con una victoria<\/strong>, tras caer de manera clara este martes en el Palau d&#8217;Esports <strong>ante el SAH-Aarhus <\/strong>dan\u00e9s <strong>(26-31).\u00a0<\/strong>El <strong>equipo vallesano<\/strong> no tuvo su mejor d\u00eda y fue <strong>sometido <\/strong>por el conjunto escandinavo, que mostr\u00f3 una <strong>versi\u00f3n muy s\u00f3lida.<\/strong><\/p>\n<p data-mrf-recirculation=\"Links P\u00e1rrafos\" class=\"ue-c-article__paragraph paragraph\">Pese a ser el tercer encuentro en menos de diez d\u00edas<strong>, <\/strong>el <strong>Granollers sali\u00f3 muy enchufado<\/strong>, superando as\u00ed el notable f\u00edsico del <strong>cuadro visitante<\/strong>, que <strong>viv\u00eda de los errores defensivos <\/strong>de los de Rama (7-5, min 10). Adem\u00e1s, las dos exclusiones del especialista defensivo dan\u00e9s Kristian Bonefeld durante los primeros compases fueron otra de las notas positivas para los locales. El<strong> conjunto catal\u00e1n<\/strong>\u00a0<strong>baj\u00f3 notablemente su acierto en ataque, lo que facilit\u00f3 que el Aarhus se pusiera por delante<\/strong> por primera ocasi\u00f3n con un parcial de 0-3 (7-8, min 14).<\/p>\n<p data-mrf-recirculation=\"Links P\u00e1rrafos\" class=\"ue-c-article__paragraph paragraph\"><strong>Lo intentaba la segunda unidad del Granollers, con Marcos Fis y Tarcisio Freitas<\/strong> entre otros, pero Magnus <strong>Petersen<\/strong>, en la <strong>porter\u00eda <\/strong>visitante y que super\u00f3 el 40% en la primera mitad, estaba siendo <strong>determinante <\/strong>con sus <strong>intervenciones<\/strong>. En cambio, <strong>la porter\u00eda catalana no acababa de estar acertada, tampoco tras la entrada de Luka Krivokapic.<\/strong><\/p>\n<p data-mrf-recirculation=\"Links P\u00e1rrafos\" class=\"ue-c-article__paragraph paragraph\"><strong>Los errores se suced\u00edan en el bando vallesano y el Aarhus lo aprovech\u00f3<\/strong> para <strong>abrir la diferencia<\/strong> hasta los cuatro goles, por lo que Rama pidi\u00f3 un receso (8-12, min 22). El tiempo muerto no fren\u00f3 la herida, y el <strong>cuadro dan\u00e9s alarg\u00f3 su buen momento <\/strong>para irse hasta seis goles (8-14). <strong>Al descanso, los visitantes <\/strong>se fueron con un c\u00f3modo<strong> 13-18.<\/strong><\/p>\n<p data-mrf-recirculation=\"Links P\u00e1rrafos\" class=\"ue-c-article__paragraph paragraph\"><strong>Nada le sal\u00eda al Granollers en la reanudaci\u00f3n, <\/strong>por lo que tard\u00f3 pr\u00e1cticamente <strong>ocho minutos en ver porter\u00eda<\/strong> en la segunda mitad (14-21, min 38).<strong> Las imprecisiones y las prisas jugaron una mala pasada a ambos conjuntos <\/strong>en la segunda mitad, en la cual baj\u00f3 notablemente la cadencia ofensiva. Pr\u00e1cticamente, el parcial era de 3-4 al cuarto de hora de la segunda mitad (16-22, min 44).<\/p>\n<p data-mrf-recirculation=\"Links P\u00e1rrafos\" class=\"ue-c-article__paragraph paragraph\">La <strong>primera l\u00ednea del Aarhus, liderada por Kristj\u00e1nsson y Oscar Hansen, manten\u00eda a una distancia prudencial al Granollers.<\/strong> Sin embargo, los de Rama revivieron cuando tuvieron la <strong>oportunidad de correr y rompieron la barrera de los cinco goles de desventaja<\/strong> que arrastraron durante muchos minutos (22-26, min 52). Dos exclusiones consecutivas y las <strong>paradas de Petersen<\/strong>, dentro de los minutos finales,<strong> acabaron por enterrar cualquier opci\u00f3n del cuadro vallesano, <\/strong>que acab\u00f3 cayendo por 26-31.<\/p>\n<p data-mrf-recirculation=\"Links P\u00e1rrafos\" class=\"ue-c-article__paragraph paragraph\"><strong>Ficha T\u00e9cnica:<\/strong><\/p>\n<p data-mrf-recirculation=\"Links P\u00e1rrafos\" class=\"ue-c-article__paragraph paragraph\"><strong>26-Fraikin BM Granollers (13+13): <\/strong>Panitti (Krivokapic), Deumal (2,1p), Palomino (4), Reguart (3), Figueras (3), Urdangar\u00edn (2) y Franco (4,2p); Fischer, Domingo (3), Freitas (1), Armengol (1), Fis (3), Povill y Espigul\u00e9.<\/p>\n<p data-mrf-recirculation=\"Links P\u00e1rrafos\" class=\"ue-c-article__paragraph paragraph\"><strong>31-SAH-Aarhus (18+13):<\/strong> Petersen, Kristj\u00e1nsson (4), Johan Hansen (4,1p), Bonefeld, Rasmussen (5), Laerke y Cieslak (4,3p); Olsson (4), Alexander Jensen (1), Dreyer (1), Oscar Hansen (3), Morten Balling Christensen (1), Dahlgaard (4) y Henneberg.<\/p>\n<p data-mrf-recirculation=\"Links P\u00e1rrafos\" class=\"ue-c-article__paragraph paragraph\"><strong>\u00c1rbitros:<\/strong> Boris Mandak y Mario Rudinsky (Eslovaquia). Exclusiones para Figueras, Palomino, Urdangar\u00edn y Freitas por el Fraikin BM Granollers y Bonefeld (2), Kristj\u00e1nsson y Rasmussen para el SAH-Aarhus<\/p>\n<p data-mrf-recirculation=\"Links P\u00e1rrafos\" class=\"ue-c-article__paragraph paragraph\"><strong>Parciales:<\/strong> 3-2, 6-5, 8-8, 8-11, 9-14, 13-18 -descanso-; 13-19, 14-21, 16-23, 20-25, 24-27 y 26-31-final.<\/p>\n<p data-mrf-recirculation=\"Links P\u00e1rrafos\" class=\"ue-c-article__paragraph paragraph\"><strong>Incidencias:<\/strong> Encuentro correspondiente a la primera jornada de la EHF Liga Europea en el Palau d&#8217;Esports de Granollers ante 800 espectadores.<\/p>\n","protected":false},"excerpt":{"rendered":"El Fraikin BM Granollersno pudoabrir su participaci\u00f3n en la fase de grupos de la EHF European League\u00a0con una&hellip;\n","protected":false},"author":2,"featured_media":177708,"comment_status":"","ping_status":"","sticky":false,"template":"","format":"standard","meta":{"footnotes":""},"categories":[278],"tags":[376,168,25,24,375,23,167],"class_list":{"0":"post-177707","1":"post","2":"type-post","3":"status-publish","4":"format-standard","5":"has-post-thumbnail","7":"category-balonmano","8":"tag-balonmano","9":"tag-deportes","10":"tag-es","11":"tag-espana","12":"tag-handball","13":"tag-spain","14":"tag-sports"},"share_on_mastodon":{"url":"","error":""},"_links":{"self":[{"href":"https:\/\/www.europesays.com\/es\/wp-json\/wp\/v2\/posts\/177707","targetHints":{"allow":["GET"]}}],"collection":[{"href":"https:\/\/www.europesays.com\/es\/wp-json\/wp\/v2\/posts"}],"about":[{"href":"https:\/\/www.europesays.com\/es\/wp-json\/wp\/v2\/types\/post"}],"author":[{"embeddable":true,"href":"https:\/\/www.europesays.com\/es\/wp-json\/wp\/v2\/users\/2"}],"replies":[{"embeddable":true,"href":"https:\/\/www.europesays.com\/es\/wp-json\/wp\/v2\/comments?post=177707"}],"version-history":[{"count":0,"href":"https:\/\/www.europesays.com\/es\/wp-json\/wp\/v2\/posts\/177707\/revisions"}],"wp:featuredmedia":[{"embeddable":true,"href":"https:\/\/www.europesays.com\/es\/wp-json\/wp\/v2\/media\/177708"}],"wp:attachment":[{"href":"https:\/\/www.europesays.com\/es\/wp-json\/wp\/v2\/media?parent=177707"}],"wp:term":[{"taxonomy":"category","embeddable":true,"href":"https:\/\/www.europesays.com\/es\/wp-json\/wp\/v2\/categories?post=177707"},{"taxonomy":"post_tag","embeddable":true,"href":"https:\/\/www.europesays.com\/es\/wp-json\/wp\/v2\/tags?post=177707"}],"curies":[{"name":"wp","href":"https:\/\/api.w.org\/{rel}","templated":true}]}}