{"id":177717,"date":"2025-10-15T05:17:18","date_gmt":"2025-10-15T05:17:18","guid":{"rendered":"https:\/\/www.europesays.com\/es\/177717\/"},"modified":"2025-10-15T05:17:18","modified_gmt":"2025-10-15T05:17:18","slug":"bendecir-la-mesa-es-una-costumbre-que-quisiera-conservar-el-dia-de-manana-si-formo-una-familia","status":"publish","type":"post","link":"https:\/\/www.europesays.com\/es\/177717\/","title":{"rendered":"Bendecir la mesa es una costumbre que quisiera conservar el d\u00eda de ma\u00f1ana si formo una familia"},"content":{"rendered":"<p data-journey-content=\"true\" data-node-id=\"2\" class=\"css-6wxqfj emevuu60\"><strong data-node-id=\"2.0\">Victoria Federica de Marichalar y Borb\u00f3n &#8211;<\/strong>Vic para los amigos- ocupa el quinto puesto en la l\u00ednea de sucesi\u00f3n al trono de Espa\u00f1a, es observadora, algo reservada y muy disfrutona. De sus <strong data-node-id=\"2.2\">padres, la infanta Elena y Jaime de Marichalar<\/strong><strong data-node-id=\"2.3\">, ha heredado el porte, la pasi\u00f3n por la moda y el inter\u00e9s por la gastronom\u00eda<\/strong>. A punto de celebrar su 25 cumplea\u00f1os, viajamos con ella a <strong data-node-id=\"2.5\"><a href=\"https:\/\/abadia-retuerta.com\/\" target=\"_blank\" rel=\"nofollow noopener\" data-vars-ga-outbound-link=\"https:\/\/abadia-retuerta.com\/\" data-vars-ga-ux-element=\"Hyperlink\" data-vars-ga-call-to-action=\"Abad\u00eda Retuerta\" data-node-id=\"2.5.0\" class=\"body-link css-103hk4r emevuu60\">Abad\u00eda Retuerta<\/a><\/strong> para descubrir este destino \u00fanico y conocer un poco m\u00e1s de cerca a esta joven arist\u00f3crata que encarna a la perfecci\u00f3n el lema de ELLE Gourmet, \u00abla buena vida con estilo\u00bb.<\/p>\n<p data-journey-content=\"true\" data-node-id=\"3\" class=\"css-6wxqfj emevuu60\">Rodeada de vi\u00f1edos hist\u00f3ricos en la localidad de Sard\u00f3n de Duero (Valladolid), esta magn\u00edfica propiedad vin\u00edcola, cuya apuesta por la sostenibilidad y el apoyo al mundo del arte es primordial, ocupa una antigua abad\u00eda del s. XII en el coraz\u00f3n de la Ribera del Duero. Cuenta con una bodega con denominaci\u00f3n de origen propia, un hotel paradigma del lujo discreto -con mayordomo privado por cada habitaci\u00f3n-, una oferta gastron\u00f3mica reconocida con varios galardones, que pone el acento en el producto y el territorio, un huerto ecol\u00f3gico, una jard\u00edn de plantas aut\u00f3ctonas y un spa, Santuario Wellness, donde nuestra protagonista ha podido relajarse despu\u00e9s de una cata con los vinos m\u00e1s ic\u00f3nicos en la bodega. <\/p>\n<p><img draggable=\"true\" alt=\"victoria federica en abadia retuerta\" title=\"Victoria Federica en Abadia Retuerta\" loading=\"lazy\" width=\"2048\" height=\"2700\" decoding=\"async\" data-nimg=\"1\" style=\"color:transparent;width:100%;height:auto;\"   src=\"https:\/\/www.europesays.com\/es\/wp-content\/uploads\/2025\/10\/victoria-federica-portada-otono-elle-gourmet-20-68d2643d03ebc.jpg\" class=\"css-0 e1g79fud0\"\/><a target=\"_blank\" rel=\"noopener nofollow\" data-theme-key=\"base-link\" href=\"https:\/\/pinterest.com\/pin\/create\/button\/?url=https:\/\/www.elle.com\/es\/gourmet\/gastronomia\/a67953672\/victoria-federica-entrevista-gourmet-bendecir\/&amp;description=- ElleSpain&amp;media=https:\/\/hips.hearstapps.com\/hmg-prod\/images\/victoria-federica-portada-otono-elle-gourmet-20-68d2643d03ebc.jpg?resize=1600:*\" class=\"pinterest css-on9hn5 e1c1bym14\"><img decoding=\"async\" data-dynamic-svg=\"true\" src=\"https:\/\/www.elle.com\/_assets\/design-tokens\/fre\/static\/icons\/social\/pinterest.e8cf655.svg?primary=%2523ffffff\" loading=\"lazy\" data-testid=\"dynamic-svg-base\" height=\"auto\" width=\"auto\" alt=\"pinterest\" class=\"css-4lml0h e1mlxuuw1\"\/><\/a>Rafa Gallar<\/p>\n<p>Victoria viste chaleco cruzado bordado con aplicaciones, vestido de seda palabra de honor con estampado tart\u00e1n de Dries Van Noten y botas de goma de ca\u00f1a alta verde caza de Hunter.<\/p>\n<p><img draggable=\"true\" alt=\"victoria federica en abadia retuerta\" title=\"Victoria Federica en Abadia Retuerta\" loading=\"lazy\" width=\"3070\" height=\"2048\" decoding=\"async\" data-nimg=\"1\" style=\"color:transparent;width:100%;height:auto;\"   src=\"https:\/\/www.europesays.com\/es\/wp-content\/uploads\/2025\/10\/victoria-federica-portada-otono-elle-gourmet-07-68d263d767787.jpg\" class=\"css-0 e1g79fud0\"\/><a target=\"_blank\" rel=\"noopener nofollow\" data-theme-key=\"base-link\" href=\"https:\/\/pinterest.com\/pin\/create\/button\/?url=https:\/\/www.elle.com\/es\/gourmet\/gastronomia\/a67953672\/victoria-federica-entrevista-gourmet-bendecir\/&amp;description=- ElleSpain&amp;media=https:\/\/hips.hearstapps.com\/hmg-prod\/images\/victoria-federica-portada-otono-elle-gourmet-07-68d263d767787.jpg?resize=1600:*\" class=\"pinterest css-on9hn5 e1c1bym14\"><img decoding=\"async\" data-dynamic-svg=\"true\" src=\"https:\/\/www.elle.com\/_assets\/design-tokens\/fre\/static\/icons\/social\/pinterest.e8cf655.svg?primary=%2523ffffff\" loading=\"lazy\" data-testid=\"dynamic-svg-base\" height=\"auto\" width=\"auto\" alt=\"pinterest\" class=\"css-4lml0h e1mlxuuw1\"\/><\/a>D.R.<\/p>\n<p>Atardecer en Abad\u00eda Retuerta LeDomaine, una antigua abad\u00eda del siglo XII reconvertida en destino enol\u00f3gico \u2019top\u2019.<\/p>\n<p data-journey-content=\"true\" data-node-id=\"6\" class=\"css-6wxqfj emevuu60\"><strong data-node-id=\"6.0\">Por tu ocupaci\u00f3n, viajas constantemente a lugares fabulosos, \u00bfhab\u00edas o\u00eddo hablar de Abad\u00eda Retuerta?<\/strong><\/p>\n<p data-journey-content=\"true\" data-node-id=\"8\" class=\"css-6wxqfj emevuu60\">S\u00ed, claro. Era una visita que ten\u00eda pendiente desde hac\u00eda tiempo debido a las buenas referencias que hab\u00eda escuchado. La experiencia me ha encantado por su excelente combinaci\u00f3n de patrimonio hist\u00f3rico, gastronom\u00eda de alto nivel y los distintos planes relacionados con el enoturismo.<\/p>\n<p><img draggable=\"true\" alt=\"victoria federica en abadia retuerta\" title=\"Victoria Federica en Abadia Retuerta\" loading=\"lazy\" width=\"2048\" height=\"2700\" decoding=\"async\" data-nimg=\"1\" style=\"color:transparent;width:100%;height:auto;\"   src=\"https:\/\/www.europesays.com\/es\/wp-content\/uploads\/2025\/10\/victoria-federica-portada-otono-elle-gourmet-12-68d26437ad1c3.jpg\" class=\"css-0 e1g79fud0\"\/><a target=\"_blank\" rel=\"noopener nofollow\" data-theme-key=\"base-link\" href=\"https:\/\/pinterest.com\/pin\/create\/button\/?url=https:\/\/www.elle.com\/es\/gourmet\/gastronomia\/a67953672\/victoria-federica-entrevista-gourmet-bendecir\/&amp;description=- ElleSpain&amp;media=https:\/\/hips.hearstapps.com\/hmg-prod\/images\/victoria-federica-portada-otono-elle-gourmet-12-68d26437ad1c3.jpg?resize=1600:*\" class=\"pinterest css-on9hn5 e1c1bym14\"><img decoding=\"async\" data-dynamic-svg=\"true\" src=\"https:\/\/www.elle.com\/_assets\/design-tokens\/fre\/static\/icons\/social\/pinterest.e8cf655.svg?primary=%2523ffffff\" loading=\"lazy\" data-testid=\"dynamic-svg-base\" height=\"auto\" width=\"auto\" alt=\"pinterest\" class=\"css-4lml0h e1mlxuuw1\"\/><\/a>Rafa Gallar<\/p>\n<p>Victoria Federica lleva camisa de seda con lazada, falda fluida \u2019midi\u2019 a juego color mantequilla, sombrero blanco de fieltro, collar largo con dados y collar largo con bote para perfume, todo de Loro Piana. Botas altas de ante de Aquazzura.<\/p>\n<p data-journey-content=\"true\" data-node-id=\"10\" class=\"css-6wxqfj emevuu60\"><strong data-node-id=\"10.0\">\u00bfHa habido algo que te haya sorprendido especialmente?<\/strong><\/p>\n<p data-journey-content=\"true\" data-node-id=\"11\" class=\"css-6wxqfj emevuu60\">Lo que m\u00e1s me ha llamado la atenci\u00f3n es la manera en que integra historia, confort y sostenibilidad. Adem\u00e1s de eso, cabe destacar su cuidado y extenso huerto. Me ha gustado conocerlo y probar las diferentes variedades que cultivan.<\/p>\n<p><img draggable=\"true\" alt=\"victoria federica en abadia retuerta\" title=\"Victoria Federica en Abadia Retuerta\" loading=\"lazy\" width=\"2048\" height=\"3070\" decoding=\"async\" data-nimg=\"1\" style=\"color:transparent;width:100%;height:auto;\"   src=\"https:\/\/www.europesays.com\/es\/wp-content\/uploads\/2025\/10\/victoria-federica-portada-otono-elle-gourmet-06-68d263d115b06.jpg\" class=\"css-0 e1g79fud0\"\/><a target=\"_blank\" rel=\"noopener nofollow\" data-theme-key=\"base-link\" href=\"https:\/\/pinterest.com\/pin\/create\/button\/?url=https:\/\/www.elle.com\/es\/gourmet\/gastronomia\/a67953672\/victoria-federica-entrevista-gourmet-bendecir\/&amp;description=- ElleSpain&amp;media=https:\/\/hips.hearstapps.com\/hmg-prod\/images\/victoria-federica-portada-otono-elle-gourmet-06-68d263d115b06.jpg?resize=1600:*\" class=\"pinterest css-on9hn5 e1c1bym14\"><img decoding=\"async\" data-dynamic-svg=\"true\" src=\"https:\/\/www.elle.com\/_assets\/design-tokens\/fre\/static\/icons\/social\/pinterest.e8cf655.svg?primary=%2523ffffff\" loading=\"lazy\" data-testid=\"dynamic-svg-base\" height=\"auto\" width=\"auto\" alt=\"pinterest\" class=\"css-4lml0h e1mlxuuw1\"\/><\/a>D.R.<\/p>\n<p>Rinc\u00f3n de la antigua capilla reconvertida en espacio de celebraciones con una escultura de Chillida al fondo.<\/p>\n<p data-journey-content=\"true\" data-node-id=\"13\" class=\"css-6wxqfj emevuu60\"><strong data-node-id=\"13.0\">Acabas de descubrir varios vinos nuevos. \u00bfDir\u00edas que eres m\u00e1s de tinto o de blanco?<\/strong><\/p>\n<p data-journey-content=\"true\" data-node-id=\"14\" class=\"css-6wxqfj emevuu60\">Depende mucho del momento y de lo que est\u00e9 comiendo, pero si tengo que elegir, me quedo con el tinto. Tiene un sabor m\u00e1s especial, m\u00e1s potente, y me encanta lo bien que acompa\u00f1a determinados platos. Aunque, si hace calorcito, un blanco muy fr\u00edo tambi\u00e9n entra genial. He de reconocer que cuando aprendo de alguna materia \u2013en este caso el vino\u2013 me entusiasmo y lo disfruto con mucha intensidad.<\/p>\n<p><img draggable=\"true\" alt=\"victoria federica en abadia retuerta\" title=\"Victoria Federica en Abadia Retuerta\" loading=\"lazy\" width=\"2048\" height=\"2700\" decoding=\"async\" data-nimg=\"1\" style=\"color:transparent;width:100%;height:auto;\"   src=\"https:\/\/www.europesays.com\/es\/wp-content\/uploads\/2025\/10\/victoria-federica-portada-otono-elle-gourmet-14-68d26437ab7d5.jpg\" class=\"css-0 e1g79fud0\"\/><a target=\"_blank\" rel=\"noopener nofollow\" data-theme-key=\"base-link\" href=\"https:\/\/pinterest.com\/pin\/create\/button\/?url=https:\/\/www.elle.com\/es\/gourmet\/gastronomia\/a67953672\/victoria-federica-entrevista-gourmet-bendecir\/&amp;description=- ElleSpain&amp;media=https:\/\/hips.hearstapps.com\/hmg-prod\/images\/victoria-federica-portada-otono-elle-gourmet-14-68d26437ab7d5.jpg?resize=1600:*\" class=\"pinterest css-on9hn5 e1c1bym14\"><img decoding=\"async\" data-dynamic-svg=\"true\" src=\"https:\/\/www.elle.com\/_assets\/design-tokens\/fre\/static\/icons\/social\/pinterest.e8cf655.svg?primary=%2523ffffff\" loading=\"lazy\" data-testid=\"dynamic-svg-base\" height=\"auto\" width=\"auto\" alt=\"pinterest\" class=\"css-4lml0h e1mlxuuw1\"\/><\/a>Rafa Gallar<\/p>\n<p>La arist\u00f3crata en el claustro con abrigo de Indi&amp;Cold, vestido en terciopelo de Alberta Ferretti y deportivas de Victoria.<\/p>\n<p data-journey-content=\"true\" data-node-id=\"16\" class=\"css-6wxqfj emevuu60\"><strong data-node-id=\"16.0\">\u00bfCu\u00e1l ha sido tu experiencia foodie m\u00e1s memorable?<\/strong><br data-node-id=\"16.1\"\/><\/p>\n<p data-journey-content=\"true\" data-node-id=\"17\" class=\"css-6wxqfj emevuu60\">Hace poco estuve en El Boh\u00edo (elbohio.net), el restaurante de Pepe Rodr\u00edguez, y fue incre\u00edble. Su cocina es una mezcla asombrosa entre tradici\u00f3n manchega y toques modernos. Cuida cada detalle al mil\u00edmetro, desde la presentaci\u00f3n hasta los sabores. Se nota el cari\u00f1o que le pone a todo. Ese equilibrio entre tradici\u00f3n y creatividad te deja con ganas de volver antes de haber terminado. Disfrutas de principio a fin y que se te queda grabado en la memoria.<\/p>\n<p><img draggable=\"true\" alt=\"victoria federica en abadia retuerta\" title=\"Victoria Federica en Abadia Retuerta\" loading=\"lazy\" width=\"2048\" height=\"3000\" decoding=\"async\" data-nimg=\"1\" style=\"color:transparent;width:100%;height:auto;\"   src=\"https:\/\/www.europesays.com\/es\/wp-content\/uploads\/2025\/10\/victoria-federica-portada-otono-elle-gourmet-21-68d26479546e8.jpg\" class=\"css-0 e1g79fud0\"\/><a target=\"_blank\" rel=\"noopener nofollow\" data-theme-key=\"base-link\" href=\"https:\/\/pinterest.com\/pin\/create\/button\/?url=https:\/\/www.elle.com\/es\/gourmet\/gastronomia\/a67953672\/victoria-federica-entrevista-gourmet-bendecir\/&amp;description=- ElleSpain&amp;media=https:\/\/hips.hearstapps.com\/hmg-prod\/images\/victoria-federica-portada-otono-elle-gourmet-21-68d26479546e8.jpg?resize=1600:*\" class=\"pinterest css-on9hn5 e1c1bym14\"><img decoding=\"async\" data-dynamic-svg=\"true\" src=\"https:\/\/www.elle.com\/_assets\/design-tokens\/fre\/static\/icons\/social\/pinterest.e8cf655.svg?primary=%2523ffffff\" loading=\"lazy\" data-testid=\"dynamic-svg-base\" height=\"auto\" width=\"auto\" alt=\"pinterest\" class=\"css-4lml0h e1mlxuuw1\"\/><\/a>D.R.<\/p>\n<p>\u2019Hummus\u2019 con piment\u00f3n, ravioli de pollo de corral, garbanzos con verduras del huerto y otros platos de Calicata Terroir Bar, el \u2019wine bar\u2019 ubicado en la bodega con vistas a los pinares. A la derecha, Victoria Federica encaramada a la encina centenaria bajo cuya sombra se celebran los picnics al aire libre armonizados con los vinos de Abad\u00eda Retuerta.<\/p>\n<p data-journey-content=\"true\" data-node-id=\"19\" class=\"css-6wxqfj emevuu60\"><strong data-node-id=\"19.0\">Dinos tus restaurantes favoritos en Madrid.<\/strong><\/p>\n<p data-journey-content=\"true\" data-node-id=\"20\" class=\"css-6wxqfj emevuu60\">Suelo ir a Los 33 (los33.net), Roostiq (madrid.roostiq.com), Casa Lucio (casalucio.es), Filand\u00f3n (filandon.es) y Kappo (restaurantekappo.com).<\/p>\n<p data-journey-content=\"true\" data-node-id=\"21\" class=\"css-6wxqfj emevuu60\"><strong data-node-id=\"21.0\">\u00bfEres de probarlo todo o prefieres la apuesta segura?<\/strong><\/p>\n<p data-journey-content=\"true\" data-node-id=\"22\" class=\"css-6wxqfj emevuu60\">Antes tiraba m\u00e1s a lo ya conocido, pero ahora que voy creciendo procuro educar el paladar y probar propuestas nuevas. Al final es una forma de descubrir sabores que no pod\u00eda imaginar que pudiesen gustarme.<\/p>\n<p><img draggable=\"true\" alt=\"victoria federica en abadia retuerta\" title=\"Victoria Federica en Abadia Retuerta\" loading=\"lazy\" width=\"2048\" height=\"2700\" decoding=\"async\" data-nimg=\"1\" style=\"color:transparent;width:100%;height:auto;\"   src=\"https:\/\/www.europesays.com\/es\/wp-content\/uploads\/2025\/10\/victoria-federica-portada-otono-elle-gourmet-11-68d26437af073.jpg\" class=\"css-0 e1g79fud0\"\/><a target=\"_blank\" rel=\"noopener nofollow\" data-theme-key=\"base-link\" href=\"https:\/\/pinterest.com\/pin\/create\/button\/?url=https:\/\/www.elle.com\/es\/gourmet\/gastronomia\/a67953672\/victoria-federica-entrevista-gourmet-bendecir\/&amp;description=- ElleSpain&amp;media=https:\/\/hips.hearstapps.com\/hmg-prod\/images\/victoria-federica-portada-otono-elle-gourmet-11-68d26437af073.jpg?resize=1600:*\" class=\"pinterest css-on9hn5 e1c1bym14\"><img decoding=\"async\" data-dynamic-svg=\"true\" src=\"https:\/\/www.elle.com\/_assets\/design-tokens\/fre\/static\/icons\/social\/pinterest.e8cf655.svg?primary=%2523ffffff\" loading=\"lazy\" data-testid=\"dynamic-svg-base\" height=\"auto\" width=\"auto\" alt=\"pinterest\" class=\"css-4lml0h e1mlxuuw1\"\/><\/a>Rafa Gallar<\/p>\n<p>Ante la mesa preparada para el aperitivo, Victoria lleva camiseta de algod\u00f3n de manga corta de American Vintage, vestido de tul estructurado con aplicaciones y bordados de Carolina Herrera y collar con \u2019charms\u2019 met\u00e1licos de Bimba y Lola.<\/p>\n<p><img draggable=\"true\" alt=\"victoria federica en abadia retuerta\" title=\"Victoria Federica en Abadia Retuerta\" loading=\"lazy\" width=\"2048\" height=\"2700\" decoding=\"async\" data-nimg=\"1\" style=\"color:transparent;width:100%;height:auto;\"   src=\"https:\/\/www.europesays.com\/es\/wp-content\/uploads\/2025\/10\/victoria-federica-portada-otono-elle-gourmet-13-68d2643d5cbbe.jpg\" class=\"css-0 e1g79fud0\"\/><a target=\"_blank\" rel=\"noopener nofollow\" data-theme-key=\"base-link\" href=\"https:\/\/pinterest.com\/pin\/create\/button\/?url=https:\/\/www.elle.com\/es\/gourmet\/gastronomia\/a67953672\/victoria-federica-entrevista-gourmet-bendecir\/&amp;description=- ElleSpain&amp;media=https:\/\/hips.hearstapps.com\/hmg-prod\/images\/victoria-federica-portada-otono-elle-gourmet-13-68d2643d5cbbe.jpg?resize=1600:*\" class=\"pinterest css-on9hn5 e1c1bym14\"><img decoding=\"async\" data-dynamic-svg=\"true\" src=\"https:\/\/www.elle.com\/_assets\/design-tokens\/fre\/static\/icons\/social\/pinterest.e8cf655.svg?primary=%2523ffffff\" loading=\"lazy\" data-testid=\"dynamic-svg-base\" height=\"auto\" width=\"auto\" alt=\"pinterest\" class=\"css-4lml0h e1mlxuuw1\"\/><\/a>Rafa Gallar<\/p>\n<p>Victoria lleva camiseta de algod\u00f3n de manga corta de American Vintage, vestido de tul estructurado con aplicaciones y bordados de Carolina Herrera, zapatos de Mango y collar con \u2019charms\u2019 met\u00e1licos de Bimba y Lola.<\/p>\n<p data-journey-content=\"true\" data-node-id=\"25\" class=\"css-6wxqfj emevuu60\"><strong data-node-id=\"25.0\">\u00bfAlg\u00fan ingrediente que te horrorice?<\/strong><\/p>\n<p data-journey-content=\"true\" data-node-id=\"26\" class=\"css-6wxqfj emevuu60\">El cilantro no es mi producto favorito, pero en un buen guacamole&#8230; \u00a1ni lo noto! A lo que no puedo resistirme es a un buen tomate.<\/p>\n<p data-journey-content=\"true\" data-node-id=\"27\" class=\"css-6wxqfj emevuu60\"><strong data-node-id=\"27.0\">\u00bfQu\u00e9 dir\u00edas que es lo m\u00e1s delicioso que has probado en toda tu vida?<\/strong><\/p>\n<p data-journey-content=\"true\" data-node-id=\"28\" class=\"css-6wxqfj emevuu60\">El piripi de la bodeguita Antonio Romero en Sevilla. \u00a1Tengo una peque\u00f1a obsesi\u00f3n con ese bocado!<\/p>\n<p><img draggable=\"true\" alt=\"victoria federica en abadia retuerta\" title=\"Victoria Federica en Abadia Retuerta\" loading=\"lazy\" width=\"2048\" height=\"2700\" decoding=\"async\" data-nimg=\"1\" style=\"color:transparent;width:100%;height:auto;\"   src=\"https:\/\/www.europesays.com\/es\/wp-content\/uploads\/2025\/10\/victoria-federica-portada-otono-elle-gourmet-18-68d2643849083.jpg\" class=\"css-0 e1g79fud0\"\/><a target=\"_blank\" rel=\"noopener nofollow\" data-theme-key=\"base-link\" href=\"https:\/\/pinterest.com\/pin\/create\/button\/?url=https:\/\/www.elle.com\/es\/gourmet\/gastronomia\/a67953672\/victoria-federica-entrevista-gourmet-bendecir\/&amp;description=- ElleSpain&amp;media=https:\/\/hips.hearstapps.com\/hmg-prod\/images\/victoria-federica-portada-otono-elle-gourmet-18-68d2643849083.jpg?resize=1600:*\" class=\"pinterest css-on9hn5 e1c1bym14\"><img decoding=\"async\" data-dynamic-svg=\"true\" src=\"https:\/\/www.elle.com\/_assets\/design-tokens\/fre\/static\/icons\/social\/pinterest.e8cf655.svg?primary=%2523ffffff\" loading=\"lazy\" data-testid=\"dynamic-svg-base\" height=\"auto\" width=\"auto\" alt=\"pinterest\" class=\"css-4lml0h e1mlxuuw1\"\/><\/a>Rafa Gallar<\/p>\n<p>Victoria saboreando un racimo de uvas frente a la fachada principal del hotel \u2019deluxe\u2019 Abad\u00eda Retuerta LeDomaine.<\/p>\n<p data-journey-content=\"true\" data-node-id=\"30\" class=\"css-6wxqfj emevuu60\"><strong data-node-id=\"30.0\">Gastron\u00f3micamente, \u00bfcu\u00e1l ha sido el destino que m\u00e1s te ha sorprendido?<\/strong><\/p>\n<p data-journey-content=\"true\" data-node-id=\"31\" class=\"css-6wxqfj emevuu60\">Me apasiona la cultura culinaria espa\u00f1ola, en general, porque en cada rinc\u00f3n se come incre\u00edble, pero si tengo que elegir un lugar que me haya asombrado de verdad, dir\u00eda San Sebasti\u00e1n. \u00a1Es una locura c\u00f3mo se come all\u00ed! Desde los pintxos hasta los restaurantes m\u00e1s top con estrella Michelin. Es un destino donde comer es todo un plan y eso es algo que me encanta.<\/p>\n<p><img draggable=\"true\" alt=\"victoria federica en abadia retuerta\" title=\"Victoria Federica en Abadia Retuerta\" loading=\"lazy\" width=\"2048\" height=\"3070\" decoding=\"async\" data-nimg=\"1\" style=\"color:transparent;width:100%;height:auto;\"   src=\"https:\/\/www.europesays.com\/es\/wp-content\/uploads\/2025\/10\/victoria-federica-portada-otono-elle-gourmet-02-68d263d7765b9.jpg\" class=\"css-0 e1g79fud0\"\/>D.R.<\/p>\n<p>Remolacha ahumada al sarmiento con jugo de ave y setas, uno de los platos del restaurante Refectorio -con una estrella Michelin y una estrella verde-, capitaneado por el chef Marc Segarra.<\/p>\n<p><img draggable=\"true\" alt=\"victoria federica en abadia retuerta\" title=\"Victoria Federica en Abadia Retuerta\" loading=\"lazy\" width=\"3070\" height=\"2048\" decoding=\"async\" data-nimg=\"1\" style=\"color:transparent;width:100%;height:auto;\"   src=\"https:\/\/www.europesays.com\/es\/wp-content\/uploads\/2025\/10\/victoria-federica-portada-otono-elle-gourmet-09-68d263d11189a.jpg\" class=\"css-0 e1g79fud0\"\/>D.R.<\/p>\n<p>Guisantes l\u00e1grima con calamar, tu\u00e9tano y caviar ecol\u00f3gico de Refectorio.<\/p>\n<p data-journey-content=\"true\" data-node-id=\"33\" class=\"css-6wxqfj emevuu60\"><strong data-node-id=\"33.0\">\u00bfY al que est\u00e1s deseando viajar?<\/strong><\/p>\n<p data-journey-content=\"true\" data-node-id=\"34\" class=\"css-6wxqfj emevuu60\">Muero por ir a Jap\u00f3n. Siento que su gastronom\u00eda es de otro mundo, llena de tradici\u00f3n, pero con mucha creatividad. Desde el sushi hasta la comida callejera, todo se ve espectacular. Tengo much\u00edsima curiosidad por probarlo y vivir su cultura a trav\u00e9s de la comida.<\/p>\n<p data-journey-content=\"true\" data-node-id=\"35\" class=\"css-6wxqfj emevuu60\"><strong data-node-id=\"35.0\">\u00bfTe consideras buena cocinera?<\/strong><\/p>\n<p data-journey-content=\"true\" data-node-id=\"36\" class=\"css-6wxqfj emevuu60\">Disfruto una barbaridad la cocina; me relaja y me transmite paz, aunque, sinceramente, no le dedico el tiempo que me gustar\u00eda. No me considero una experta; me gusta preparar platos sencillos. Siempre que tenga una receta delante, creo que podr\u00eda elaborar lo que fuese. Suelo hacer pasta con una salsa casera especial.<\/p>\n<p><img draggable=\"true\" alt=\"victoria federica en abadia retuerta\" title=\"Victoria Federica en Abadia Retuerta\" loading=\"lazy\" width=\"4012\" height=\"4957\" decoding=\"async\" data-nimg=\"1\" style=\"color:transparent;width:100%;height:auto;\"   src=\"https:\/\/www.europesays.com\/es\/wp-content\/uploads\/2025\/10\/victoria-federica-portada-otono-elle-gourmet-23-68d264c91a15a.jpg\" class=\"css-0 e1g79fud0\"\/><a target=\"_blank\" rel=\"noopener nofollow\" data-theme-key=\"base-link\" href=\"https:\/\/pinterest.com\/pin\/create\/button\/?url=https:\/\/www.elle.com\/es\/gourmet\/gastronomia\/a67953672\/victoria-federica-entrevista-gourmet-bendecir\/&amp;description=- ElleSpain&amp;media=https:\/\/hips.hearstapps.com\/hmg-prod\/images\/victoria-federica-portada-otono-elle-gourmet-23-68d264c91a15a.jpg?resize=1600:*\" class=\"pinterest css-on9hn5 e1c1bym14\"><img decoding=\"async\" data-dynamic-svg=\"true\" src=\"https:\/\/www.elle.com\/_assets\/design-tokens\/fre\/static\/icons\/social\/pinterest.e8cf655.svg?primary=%2523ffffff\" loading=\"lazy\" data-testid=\"dynamic-svg-base\" height=\"auto\" width=\"auto\" alt=\"pinterest\" class=\"css-4lml0h e1mlxuuw1\"\/><\/a>Rafa Gallar<\/p>\n<p>Bodeg\u00f3n con uvas, hortalizas del huerto y agua Sol\u00e1n de Cabras.<\/p>\n<p><img draggable=\"true\" alt=\"victoria federica en abadia retuerta\" title=\"Victoria Federica en Abadia Retuerta\" loading=\"lazy\" width=\"2048\" height=\"2700\" decoding=\"async\" data-nimg=\"1\" style=\"color:transparent;width:100%;height:auto;\"   src=\"https:\/\/www.europesays.com\/es\/wp-content\/uploads\/2025\/10\/victoria-federica-portada-otono-elle-gourmet-19-68d2643cea22f.jpg\" class=\"css-0 e1g79fud0\"\/><a target=\"_blank\" rel=\"noopener nofollow\" data-theme-key=\"base-link\" href=\"https:\/\/pinterest.com\/pin\/create\/button\/?url=https:\/\/www.elle.com\/es\/gourmet\/gastronomia\/a67953672\/victoria-federica-entrevista-gourmet-bendecir\/&amp;description=- ElleSpain&amp;media=https:\/\/hips.hearstapps.com\/hmg-prod\/images\/victoria-federica-portada-otono-elle-gourmet-19-68d2643cea22f.jpg?resize=1600:*\" class=\"pinterest css-on9hn5 e1c1bym14\"><img decoding=\"async\" data-dynamic-svg=\"true\" src=\"https:\/\/www.elle.com\/_assets\/design-tokens\/fre\/static\/icons\/social\/pinterest.e8cf655.svg?primary=%2523ffffff\" loading=\"lazy\" data-testid=\"dynamic-svg-base\" height=\"auto\" width=\"auto\" alt=\"pinterest\" class=\"css-4lml0h e1mlxuuw1\"\/><\/a>Rafa Gallar<\/p>\n<p>Al borde de la piscina y con el campanario de la antigua fachada de fondo, Vic posa con camisa de manga corta marr\u00f3n chocolate, pantal\u00f3n \u2019sartorial\u2019 acampanado, zapatos en charol de tac\u00f3n y collar dorado con cadena y \u2019horsebite\u2019, todo de Gucci.<\/p>\n<p data-journey-content=\"true\" data-node-id=\"39\" class=\"css-6wxqfj emevuu60\"><strong data-node-id=\"39.0\">\u00bfCu\u00e1l es tu Magdalena de Proust, ese sabor que te devuelve r\u00e1pidamente a tu infancia?<\/strong><\/p>\n<p data-journey-content=\"true\" data-node-id=\"40\" class=\"css-6wxqfj emevuu60\">Los recuerdos de la ni\u00f1ez me vuelven a trav\u00e9s de los dulces. El chocolate instant\u00e1neo caliente en las ma\u00f1anas fr\u00edas o el bizcocho casero de la merienda despu\u00e9s del colegio.<\/p>\n<p data-journey-content=\"true\" data-node-id=\"41\" class=\"css-6wxqfj emevuu60\"><strong data-node-id=\"41.0\">\u00bfA qu\u00e9 dulce no puedes resistirte?<\/strong><\/p>\n<p data-journey-content=\"true\" data-node-id=\"42\" class=\"css-6wxqfj emevuu60\">Reconozco que soy bastante golosa. Las mores de dulce de leche de la pasteler\u00eda Mores (moresbyonemoreplis.com) son mi perdici\u00f3n.<\/p>\n<p data-journey-content=\"true\" data-node-id=\"43\" class=\"css-6wxqfj emevuu60\"><strong data-node-id=\"43.0\">Una tradici\u00f3n alrededor de la mesa que mantengas.<\/strong><\/p>\n<p data-journey-content=\"true\" data-node-id=\"44\" class=\"css-6wxqfj emevuu60\">Bendecir la mesa. Es una costumbre que quisiera seguir conservando el d\u00eda de ma\u00f1ana si formo una familia.<\/p>\n<p><img draggable=\"true\" alt=\"victoria federica en abadia retuerta\" title=\"Victoria Federica en Abadia Retuerta\" loading=\"lazy\" width=\"2048\" height=\"3070\" decoding=\"async\" data-nimg=\"1\" style=\"color:transparent;width:100%;height:auto;\"   src=\"https:\/\/www.europesays.com\/es\/wp-content\/uploads\/2025\/10\/victoria-federica-portada-otono-elle-gourmet-03-68d263d75ed19.jpg\" class=\"css-0 e1g79fud0\"\/>D.R.<\/p>\n<p>Escultura antigua en una hornacina, perteneciente a la colecci\u00f3n de arte antiguo del hotel.<\/p>\n<p><img draggable=\"true\" alt=\"victoria federica en abadia retuerta\" title=\"Victoria Federica en Abadia Retuerta\" loading=\"lazy\" width=\"2048\" height=\"2700\" decoding=\"async\" data-nimg=\"1\" style=\"color:transparent;width:100%;height:auto;\"   src=\"https:\/\/www.europesays.com\/es\/wp-content\/uploads\/2025\/10\/victoria-federica-portada-otono-elle-gourmet-22-68d264794a868.jpg\" class=\"css-0 e1g79fud0\"\/>D.R.<\/p>\n<p>Pintura representando la \u2019Adoraci\u00f3n de los pastores\u2019-<\/p>\n<p data-journey-content=\"true\" data-node-id=\"46\" class=\"css-6wxqfj emevuu60\"><strong data-node-id=\"46.0\">Comparte con las lectoras tus tips de decoraci\u00f3n a la hora de organizar una cena.<\/strong><\/p>\n<p data-journey-content=\"true\" data-node-id=\"47\" class=\"css-6wxqfj emevuu60\">Para m\u00ed, la clave es crear ambiente sin complicarte demasiado. Velas siempre, que dan buen rollo, sobre todo las de olores suaves. Las flores frescas lo cambian todo. Un ramito en el centro y ya tienes el toque perfecto. Me encanta jugar con vajillas diferentes, mezclar colores y estilos. En cuanto a la manteler\u00eda, suelo usarla de lino o algod\u00f3n, que aporta ese toque relajado pero bonito. De fondo, imprescindible m\u00fasica suave, que acompa\u00f1e sin molestar.<\/p>\n<p data-journey-content=\"true\" data-node-id=\"48\" class=\"css-6wxqfj emevuu60\"><strong data-node-id=\"48.0\">El regalo que nunca falla cuando te invitan a una cena.<\/strong><\/p>\n<p data-journey-content=\"true\" data-node-id=\"49\" class=\"css-6wxqfj emevuu60\">Normalmente llevo un detalle sencillo; una botella de vino, unas flores o una vela.<\/p>\n<p><img draggable=\"true\" alt=\"victoria federica en abadia retuerta\" title=\"Victoria Federica en Abadia Retuerta\" loading=\"lazy\" width=\"2048\" height=\"2700\" decoding=\"async\" data-nimg=\"1\" style=\"color:transparent;width:100%;height:auto;\"   src=\"https:\/\/www.europesays.com\/es\/wp-content\/uploads\/2025\/10\/victoria-federica-portada-otono-elle-gourmet-17-68d2643d6178b.jpg\" class=\"css-0 e1g79fud0\"\/><a target=\"_blank\" rel=\"noopener nofollow\" data-theme-key=\"base-link\" href=\"https:\/\/pinterest.com\/pin\/create\/button\/?url=https:\/\/www.elle.com\/es\/gourmet\/gastronomia\/a67953672\/victoria-federica-entrevista-gourmet-bendecir\/&amp;description=- ElleSpain&amp;media=https:\/\/hips.hearstapps.com\/hmg-prod\/images\/victoria-federica-portada-otono-elle-gourmet-17-68d2643d6178b.jpg?resize=1600:*\" class=\"pinterest css-on9hn5 e1c1bym14\"><img decoding=\"async\" data-dynamic-svg=\"true\" src=\"https:\/\/www.elle.com\/_assets\/design-tokens\/fre\/static\/icons\/social\/pinterest.e8cf655.svg?primary=%2523ffffff\" loading=\"lazy\" data-testid=\"dynamic-svg-base\" height=\"auto\" width=\"auto\" alt=\"pinterest\" class=\"css-4lml0h e1mlxuuw1\"\/><\/a>Rafa Gallar<\/p>\n<p>En el Jard\u00edn de los Monjes, rodeada de plantas arom\u00e1ticas, con cors\u00e9 cannel de punto, falda acampanada de pa\u00f1o, cintur\u00f3n doble y guantes de piel, todo de Max Mara.<\/p>\n<p data-journey-content=\"true\" data-node-id=\"51\" class=\"css-6wxqfj emevuu60\"><strong data-node-id=\"51.0\">\u00bfEres m\u00e1s de cena desenfadada o prefieres la etiqueta?<\/strong><\/p>\n<p data-journey-content=\"true\" data-node-id=\"52\" class=\"css-6wxqfj emevuu60\">Normalmente, suelo improvisar algo informal y espont\u00e1neo en el \u00faltimo momento.<\/p>\n<p data-journey-content=\"true\" data-node-id=\"53\" class=\"css-6wxqfj emevuu60\"><strong data-node-id=\"53.0\">Cumples 25 a\u00f1os, una fecha importante, \u00bfTienes pensado de qu\u00e9 manera vas a celebrarlo?<\/strong><\/p>\n<p data-journey-content=\"true\" data-node-id=\"54\" class=\"css-6wxqfj emevuu60\">Me gustar\u00eda organizar una buena cena de manera sencilla, rodeada de las personas a las que m\u00e1s quiero y terminar con una larga sobremesa y muchas risas.<\/p>\n<p><img draggable=\"true\" alt=\"victoria federica en abadia retuerta\" title=\"Victoria Federica en Abadia Retuerta\" loading=\"lazy\" width=\"2048\" height=\"2700\" decoding=\"async\" data-nimg=\"1\" style=\"color:transparent;width:100%;height:auto;\"   src=\"https:\/\/www.europesays.com\/es\/wp-content\/uploads\/2025\/10\/victoria-federica-portada-otono-elle-gourmet-16-68d264383bd61.jpg\" class=\"css-0 e1g79fud0\"\/><a target=\"_blank\" rel=\"noopener nofollow\" data-theme-key=\"base-link\" href=\"https:\/\/pinterest.com\/pin\/create\/button\/?url=https:\/\/www.elle.com\/es\/gourmet\/gastronomia\/a67953672\/victoria-federica-entrevista-gourmet-bendecir\/&amp;description=- ElleSpain&amp;media=https:\/\/hips.hearstapps.com\/hmg-prod\/images\/victoria-federica-portada-otono-elle-gourmet-16-68d264383bd61.jpg?resize=1600:*\" class=\"pinterest css-on9hn5 e1c1bym14\"><img decoding=\"async\" data-dynamic-svg=\"true\" src=\"https:\/\/www.elle.com\/_assets\/design-tokens\/fre\/static\/icons\/social\/pinterest.e8cf655.svg?primary=%2523ffffff\" loading=\"lazy\" data-testid=\"dynamic-svg-base\" height=\"auto\" width=\"auto\" alt=\"pinterest\" class=\"css-4lml0h e1mlxuuw1\"\/><\/a>Rafa Gallar<\/p>\n<p>Junto al helipuerto, vestida con \u2019total look\u2019 de Loewe.<\/p>\n<p><img src=\"https:\/\/www.europesays.com\/es\/wp-content\/uploads\/2025\/10\/8e8549dd-81f1-4ad4-b50b-47d9a22133c6_1663578206.file\" alt=\"Headshot of Cristina Altozano\" title=\"Headshot of Cristina Altozano\" width=\"100%\" height=\"100%\" decoding=\"async\" loading=\"lazy\" class=\"css-o0wq4v ev8dhu53\"\/><\/p>\n<p>Restauradora de formaci\u00f3n y comunicadora por vocaci\u00f3n, su gran curiosidad, su pasi\u00f3n por los viajes, su fascinaci\u00f3n por la buena cocina y por las grandes figuras actuales, le llev\u00f3 en 2002 a aterrizar en la revista Elle. Cambi\u00f3 los pinceles por la pluma (o lo que es lo mismo, por el ordenador), y con la meticulosidad innata que le caracteriza, pas\u00f3 de recuperar la belleza y el esplendor de una obra antigua, a sacar a la luz todo el talento y la pasi\u00f3n de grandes creadores de nuestra \u00e9poca. Jefa de Estilo de Vida en Elle y Content Editor en Elle Gourmet, adem\u00e1s de coordinar equipos, ha escrito de destinos, de restaurantes y hoteles. Ha entrevistado a cocineros, artistas, dise\u00f1adores de moda, arquitectos, interioristas, emprendedores, modelos y visitado m\u00e1s de cien destinos por todo el mundo.<\/p>\n","protected":false},"excerpt":{"rendered":"Victoria Federica de Marichalar y Borb\u00f3n &#8211;Vic para los amigos- ocupa el quinto puesto en la l\u00ednea de&hellip;\n","protected":false},"author":2,"featured_media":177718,"comment_status":"","ping_status":"","sticky":false,"template":"","format":"standard","meta":{"footnotes":""},"categories":[174],"tags":[255,253,1180,146,147,25,24,256,12719,8237,23],"class_list":{"0":"post-177717","1":"post","2":"type-post","3":"status-publish","4":"format-standard","5":"has-post-thumbnail","7":"category-famosos","8":"tag-celebrities","9":"tag-discover","10":"tag-editorial","11":"tag-entertainment","12":"tag-entretenimiento","13":"tag-es","14":"tag-espana","15":"tag-famosos","16":"tag-print","17":"tag-redis","18":"tag-spain"},"share_on_mastodon":{"url":"","error":""},"_links":{"self":[{"href":"https:\/\/www.europesays.com\/es\/wp-json\/wp\/v2\/posts\/177717","targetHints":{"allow":["GET"]}}],"collection":[{"href":"https:\/\/www.europesays.com\/es\/wp-json\/wp\/v2\/posts"}],"about":[{"href":"https:\/\/www.europesays.com\/es\/wp-json\/wp\/v2\/types\/post"}],"author":[{"embeddable":true,"href":"https:\/\/www.europesays.com\/es\/wp-json\/wp\/v2\/users\/2"}],"replies":[{"embeddable":true,"href":"https:\/\/www.europesays.com\/es\/wp-json\/wp\/v2\/comments?post=177717"}],"version-history":[{"count":0,"href":"https:\/\/www.europesays.com\/es\/wp-json\/wp\/v2\/posts\/177717\/revisions"}],"wp:featuredmedia":[{"embeddable":true,"href":"https:\/\/www.europesays.com\/es\/wp-json\/wp\/v2\/media\/177718"}],"wp:attachment":[{"href":"https:\/\/www.europesays.com\/es\/wp-json\/wp\/v2\/media?parent=177717"}],"wp:term":[{"taxonomy":"category","embeddable":true,"href":"https:\/\/www.europesays.com\/es\/wp-json\/wp\/v2\/categories?post=177717"},{"taxonomy":"post_tag","embeddable":true,"href":"https:\/\/www.europesays.com\/es\/wp-json\/wp\/v2\/tags?post=177717"}],"curies":[{"name":"wp","href":"https:\/\/api.w.org\/{rel}","templated":true}]}}