{"id":177719,"date":"2025-10-15T05:18:11","date_gmt":"2025-10-15T05:18:11","guid":{"rendered":"https:\/\/www.europesays.com\/es\/177719\/"},"modified":"2025-10-15T05:18:11","modified_gmt":"2025-10-15T05:18:11","slug":"sabe-usted-que-la-ourensana-belen-perez-de-juan-no-ha-podido-disfrutar-del-todo-su-premio","status":"publish","type":"post","link":"https:\/\/www.europesays.com\/es\/177719\/","title":{"rendered":"\u00bfSabe usted que la ourensana Bel\u00e9n P\u00e9rez de Juan no ha podido disfrutar del todo su premio?"},"content":{"rendered":"<p class=\"paragraph-atom &#10;        B-500-500-700-N B-600-500-700-N--md  \">\u00bf<a href=\"https:\/\/www.laregion.es\/temas\/sabe-usted\/\" rel=\"nofollow noopener\" target=\"_blank\">Sabe usted<\/a> que <strong>Bel\u00e9n P\u00e9rez de Juan<\/strong>, la arquitecta ourensana que ha recibido el premio del Colegio de Arquitectos de Madrid junto a Fernando Jerez,<strong> no ha podido disfrutar del todo su premio<\/strong>? \u00bfQue le faltaba una parte del apellido? \u00bfQue es compuesto como nos recuerda su reconocido padre, el cardi\u00f3logo Miguel P\u00e9rez de Juan? \u00bfQue la saga de los P\u00e9rez de Juan tiene todav\u00eda muchas p\u00e1ginas ilustres por escribir?<\/p>\n<p>\n        Relacionado\n    <\/p>\n","protected":false},"excerpt":{"rendered":"\u00bfSabe usted que Bel\u00e9n P\u00e9rez de Juan, la arquitecta ourensana que ha recibido el premio del Colegio de&hellip;\n","protected":false},"author":2,"featured_media":177720,"comment_status":"","ping_status":"","sticky":false,"template":"","format":"standard","meta":{"footnotes":""},"categories":[173],"tags":[229,233,231,230,3848,232,234,146,147,25,24,409,689,50816,738,23],"class_list":{"0":"post-177719","1":"post","2":"type-post","3":"status-publish","4":"format-standard","5":"has-post-thumbnail","7":"category-arte-y-diseno","8":"tag-arte","9":"tag-arte-y-diseno","10":"tag-arts","11":"tag-arts-and-design","12":"tag-belen","13":"tag-design","14":"tag-diseno","15":"tag-entertainment","16":"tag-entretenimiento","17":"tag-es","18":"tag-espana","19":"tag-juan","20":"tag-no","21":"tag-ourensana","22":"tag-perez","23":"tag-spain"},"share_on_mastodon":{"url":"","error":""},"_links":{"self":[{"href":"https:\/\/www.europesays.com\/es\/wp-json\/wp\/v2\/posts\/177719","targetHints":{"allow":["GET"]}}],"collection":[{"href":"https:\/\/www.europesays.com\/es\/wp-json\/wp\/v2\/posts"}],"about":[{"href":"https:\/\/www.europesays.com\/es\/wp-json\/wp\/v2\/types\/post"}],"author":[{"embeddable":true,"href":"https:\/\/www.europesays.com\/es\/wp-json\/wp\/v2\/users\/2"}],"replies":[{"embeddable":true,"href":"https:\/\/www.europesays.com\/es\/wp-json\/wp\/v2\/comments?post=177719"}],"version-history":[{"count":0,"href":"https:\/\/www.europesays.com\/es\/wp-json\/wp\/v2\/posts\/177719\/revisions"}],"wp:featuredmedia":[{"embeddable":true,"href":"https:\/\/www.europesays.com\/es\/wp-json\/wp\/v2\/media\/177720"}],"wp:attachment":[{"href":"https:\/\/www.europesays.com\/es\/wp-json\/wp\/v2\/media?parent=177719"}],"wp:term":[{"taxonomy":"category","embeddable":true,"href":"https:\/\/www.europesays.com\/es\/wp-json\/wp\/v2\/categories?post=177719"},{"taxonomy":"post_tag","embeddable":true,"href":"https:\/\/www.europesays.com\/es\/wp-json\/wp\/v2\/tags?post=177719"}],"curies":[{"name":"wp","href":"https:\/\/api.w.org\/{rel}","templated":true}]}}