{"id":177721,"date":"2025-10-15T05:19:10","date_gmt":"2025-10-15T05:19:10","guid":{"rendered":"https:\/\/www.europesays.com\/es\/177721\/"},"modified":"2025-10-15T05:19:10","modified_gmt":"2025-10-15T05:19:10","slug":"el-premio-planeta-deja-entrar-al-fantastico-y-a-los-generos-hibridos-en-su-74-edicion","status":"publish","type":"post","link":"https:\/\/www.europesays.com\/es\/177721\/","title":{"rendered":"El Premio Planeta deja entrar al fant\u00e1stico y a los g\u00e9neros h\u00edbridos en su 74 edici\u00f3n"},"content":{"rendered":"<p style=\"\">El <strong>Premio Planeta<\/strong> se falla este mi\u00e9rcoles y todo est\u00e1 preparado para la gran noche de las letras, en el que es el premio mejor dotado de la literatura espa\u00f1ola con un mill\u00f3n de euros, s\u00f3lo comparable con el Nobel. Toca conocer al relevo  &#8230; de <a href=\"https:\/\/www.abc.es\/cultura\/libros\/paloma-sanchezgarnica-gana-planeta-sobresalto-mediatico-20241015185447-nt.html\" target=\"_self\" data-voc-vtm-id=\"in-text-traffic\" title=\"Paloma S\u00e1nchez Garnica\" data-mrf-link=\"www.abc.es\" rel=\"nofollow noopener\">Paloma S\u00e1nchez Garnica<\/a> , la vencedora del a\u00f1o anterior con <strong>&#8216;Victoria&#8217;<\/strong>, y este a\u00f1o parece que la t\u00f3nica del premio ha girado 180 grados. Porque despu\u00e9s de que la novela hist\u00f3rica dominase todas las anteriores ediciones, este a\u00f1o el fant\u00e1stico y los g\u00e9neros h\u00edbridos se han colado con fuerza entre los finalistas.<\/p>\n<p class=\"voc-p\" style=\"\">La <strong>primera persona confesional y la preocupaci\u00f3n por los temas de actualidad<\/strong> como la vivienda, la precariedad o el turismo de masas, se mezclan con la literatura de g\u00e9nero de toda la vida para demostrar que la tendencia dominante en la ficci\u00f3n espa\u00f1ola es la hibridaci\u00f3n y el gusto por los espejos deformantes de la contemporaneidad. Los diez finalistas de este a\u00f1o han abandonado en cierta manera el tradicional thriller hist\u00f3rico por propuestas m\u00e1s inventivas. Destaca, a manera de ejemplo, que entre las finalistas no hay ninguna centrada en la Guerra Civil. \u00abEn tiempos tan dif\u00edciles y convulsos, la gente busca sobre todo evasi\u00f3n y nada mejor que el fant\u00e1stico para conseguirlo\u00bb, se\u00f1al\u00f3 la escritora Luz Gab\u00e1s, portavoz del jurado del premio.<\/p>\n<p class=\"voc-p\" style=\"\">La septuag\u00e9simo cuarta edici\u00f3n del galard\u00f3n volvi\u00f3 a batir r\u00e9cords de participaci\u00f3n con 1.320 novelas presentadas. De ellas, 378 ven\u00edan de Am\u00e9rica del sur, 161 de Am\u00e9rica del norte, y 41 de Am\u00e9rica central. Espa\u00f1a, como es l\u00f3gico, volvi\u00f3 a ser el pa\u00eds m\u00e1s representado con 678. En total, <strong>en sus 74 a\u00f1os de historia, se han presentado 29.000 originales y se han vendido m\u00e1s de 46 millones de libros<\/strong> de los ganadores y finalistas. \u00abEn un tiempo dif\u00edcil, con tantos colectivos afectados, nos enorgullece trabajar por intentar que este mundo sea un poco mejor, tanto en libros como en educaci\u00f3n y medios de comunicaci\u00f3n, nuestras tres grandes ramas de actuaci\u00f3n\u00bb, afirm\u00f3 Jos\u00e9 Creuheras, presidente del Grupo Planeta.<\/p>\n<p class=\"voc-p\" style=\"\">Seg\u00fan quisieron dejar claro desde el grupo editorial, son buenos tiempos para el libro, que <strong>desde la pandemia ha crecido un 39 por ciento<\/strong>, una cifra sin parang\u00f3n en todo el panorama internacional. \u00abSe habla del milagro espa\u00f1ol\u00bb, reconoc\u00eda Jes\u00fas Badenes, director del \u00e1rea editorial del Grupo Planeta. Despu\u00e9s de que 2024 se cerrara con un crecimiento del 9,8 por ciento, esta a\u00f1o la cifra se ha estancado en cierta forma y el crecimiento total del primer semestre ha alcanzado los 4.1 puntos. El \u00faltimo semestre se espera que esta cifra repunte ya que en la \u00faltima semana el crecimiento volv\u00eda a ser de un 10 por ciento respecto a la misma semana del a\u00f1o anterior.<\/p>\n<p class=\"voc-p\" style=\"\">Este <strong>&#8216;milagro&#8217; espa\u00f1ol<\/strong> s\u00f3lo encuentra un ejemplo similar en Portugal. En el resto de Europa la tendencia est\u00e1 en el estancamiento, despu\u00e9s de a\u00f1os de crecimiento constante. En la Am\u00e9rica latina, M\u00e9xico ha sustituido a Argentina como el gran mercado del libro en espa\u00f1ol. Desde la pandemia ha crecido 19 por ciento. Este a\u00f1os la cifra ya supera el seis por ciento. Y en un mercado de 450 millones de hispanohablantes, todav\u00eda hay mucho margen de mejora. <\/p>\n<p class=\"voc-p\" style=\"\">Lo que destaca sobre manera en los \u00faltimos estudios de mercado es el crecimiento espectacular de los lectores m\u00e1s j\u00f3venes.<strong> Un 75 por ciento de la franja de los 14 a los 24 a\u00f1os se declara lectora<\/strong>, diez puntos por encima de la media general. Si esta cifra la cerramos m\u00e1s, en el p\u00fablico femenino esta cifra sube hasta el 85 por ciento. \u00abHace unos a\u00f1os nos preocupaba que los j\u00f3venes no le\u00edan, y ahora, desde la pandemia, se ha demostrado que la tendencia se ha revertido y ahora son los que m\u00e1s leen\u00bb, asegur\u00f3 Badenes. La clave est\u00e1 en la repercusi\u00f3n de las redes sociales a la hora de saber captar a este nuevo p\u00fablico, y a nuevos g\u00e9neros como el romantasy, que hacen las delicias de los m\u00e1s j\u00f3venes. \u00abTikTok se ha convertido en una herramienta esencial para ganar a los p\u00fablicos m\u00e1s j\u00f3venes, que s\u00ed, empiezan por el romantasy, pero a partir de all\u00ed llegan a literaturas m\u00e1s adultas y, sobre todo, a los grandes cl\u00e1sicos y las historias de amor de toda la vida\u00bb, afirm\u00f3 Badenas.<\/p>\n<p class=\"voc-p\" style=\"\">Desde el <strong>Grupo Planeta<\/strong>, despu\u00e9s de a\u00f1os preocup\u00e1ndose por la pirater\u00eda, ahora tienen la mirada puesta en la <strong>Inteligencia Artificial<\/strong> a la hora de proteger a sus autores y su propiedad intelectual. Desde el grupo editorial insistieron en encontrar una legislaci\u00f3n eficaz que proteja el talento y la creaci\u00f3n. \u00abNuestra raz\u00f3n de ser ha sido siempre ser el compa\u00f1ero de viaje de los autores. El libro nace en las personas, bajo su talento, sentados frente a un ordenador enfrent\u00e1ndose a lo que quieren decir. La Inteligencia Artificial se est\u00e1 nutriendo de este talento sin pedir permiso y es necesario una actuaci\u00f3n clara\u00bb, sentenci\u00f3 Creuheras.<\/p>\n<p>\nLa ciencia ficci\u00f3n saca la cabeza entre los finalistas\n<\/p>\n<p class=\"voc-p\" style=\"\">Las novelas finalistas, como dec\u00edamos, son diez. <strong>&#8216;Todos rien&#8217;, de Noelia Espinar, una novela de ciencia ficci\u00f3n donde los seres humanos ya no saben distingir entre lo que est\u00e1 bien y lo que est\u00e1 mal<\/strong>. &#8216;Ghosting&#8217;. de Salva Rubio, novela con toques de humor donde un escritor entra en contacto con una fantasma. &#8216;Por su gran culpa&#8217;, de Mauro Corti. &#8216;No es tan f\u00e1cil morir de amor&#8217;, de Elvira Torres (pseud\u00f3nimo), historia costumbrista sobre una mujer que se libera de un matrimonio aburrido. &#8216;\u00bfNo es hermosa la luna?, de Selene Noctis (pseud\u00f3nimo), un thriller psicol\u00f3gico y una novela de amor isle\u00f1a. <\/p>\n<p class=\"voc-p\" style=\"\">La ciencia ficci\u00f3n vuelve a aparecer en <strong>&#8216;Zoltar el mago, el pirata Roberts y una novela del oeste&#8217;, de Keith Astra, (pseud\u00f3nimo)<\/strong>, \u00abun derroche de imaginaci\u00f3n que mezcla a Napole\u00f3n III, el western y la s\u00e1tira metaliteraria\u00bb, seg\u00fan la defini\u00f3 Gab\u00e1s. Adem\u00e1s, est\u00e1n &#8216;El color de la lluvia&#8217;, de Sof\u00eda Garc\u00eda (pseud\u00f3nimo), un drama hist\u00f3rico con tintes g\u00f3ticos. &#8216;La muerte de la diosa&#8217;, de Jos\u00e9 Antonio Ariza, que nos lleva a la edad de bronce en una novela simb\u00f3lica sobre el mito de Venus. &#8216;El destino en la esfera de un reloj&#8217;, de Enrique Alejandro Santoyo, novela que nos traslada al siglo XVII para hablarnos de los abusos coloniales a los pueblos ind\u00edgenas. Y &#8216;Donde se escriben los nombres&#8217;, de Blanca Montoya Landa, esta vez traslad\u00e1ndonos a Sud\u00e1frica para hablarnos de identidad, culpa, memoria y los abusos del colonialismo.<\/p>\n<p class=\"voc-p\" style=\"\">El jurado de esta edici\u00f3n estaba compuesto por <strong>Luz Gab\u00e1s, Pere Gimferrer, Eva Giner, Carmen Posadas y Bel\u00e9n L\u00f3pez.<\/strong> Unos problemas de salud han impedido que Jos\u00e9 Manuel Blecua y Juan Eslava Gal\u00e1n estuviesen presentes en la previa de hoy, pero estar\u00e1n telem\u00e1ticamente en las deliberaciones del jurado el mi\u00e9rcoles. La gran gala donde se dar\u00e1 a conocer el ganador o ganadora ser\u00e1 el Museo de Arte Nacional de Catalu\u00f1a (MNAC). Se pronostica que la huelga general anunciada para el mi\u00e9rcoles pueda tener cierta incidencia en la celebraci\u00f3n, pero se espera que todo pueda transcurrir con normalidad.<\/p>\n","protected":false},"excerpt":{"rendered":"El Premio Planeta se falla este mi\u00e9rcoles y todo est\u00e1 preparado para la gran noche de las letras,&hellip;\n","protected":false},"author":2,"featured_media":177722,"comment_status":"","ping_status":"","sticky":false,"template":"","format":"standard","meta":{"footnotes":""},"categories":[172],"tags":[224,146,147,25,24,225,5635,843,23],"class_list":{"0":"post-177721","1":"post","2":"type-post","3":"status-publish","4":"format-standard","5":"has-post-thumbnail","7":"category-libros","8":"tag-books","9":"tag-entertainment","10":"tag-entretenimiento","11":"tag-es","12":"tag-espana","13":"tag-libros","14":"tag-planeta","15":"tag-premio","16":"tag-spain"},"share_on_mastodon":{"url":"","error":""},"_links":{"self":[{"href":"https:\/\/www.europesays.com\/es\/wp-json\/wp\/v2\/posts\/177721","targetHints":{"allow":["GET"]}}],"collection":[{"href":"https:\/\/www.europesays.com\/es\/wp-json\/wp\/v2\/posts"}],"about":[{"href":"https:\/\/www.europesays.com\/es\/wp-json\/wp\/v2\/types\/post"}],"author":[{"embeddable":true,"href":"https:\/\/www.europesays.com\/es\/wp-json\/wp\/v2\/users\/2"}],"replies":[{"embeddable":true,"href":"https:\/\/www.europesays.com\/es\/wp-json\/wp\/v2\/comments?post=177721"}],"version-history":[{"count":0,"href":"https:\/\/www.europesays.com\/es\/wp-json\/wp\/v2\/posts\/177721\/revisions"}],"wp:featuredmedia":[{"embeddable":true,"href":"https:\/\/www.europesays.com\/es\/wp-json\/wp\/v2\/media\/177722"}],"wp:attachment":[{"href":"https:\/\/www.europesays.com\/es\/wp-json\/wp\/v2\/media?parent=177721"}],"wp:term":[{"taxonomy":"category","embeddable":true,"href":"https:\/\/www.europesays.com\/es\/wp-json\/wp\/v2\/categories?post=177721"},{"taxonomy":"post_tag","embeddable":true,"href":"https:\/\/www.europesays.com\/es\/wp-json\/wp\/v2\/tags?post=177721"}],"curies":[{"name":"wp","href":"https:\/\/api.w.org\/{rel}","templated":true}]}}