{"id":177736,"date":"2025-10-15T05:29:11","date_gmt":"2025-10-15T05:29:11","guid":{"rendered":"https:\/\/www.europesays.com\/es\/177736\/"},"modified":"2025-10-15T05:29:11","modified_gmt":"2025-10-15T05:29:11","slug":"las-propuestas-ciudadanas-para-sustituir-el-monumento-a-franco-en-santa-cruz-de-tenerife","status":"publish","type":"post","link":"https:\/\/www.europesays.com\/es\/177736\/","title":{"rendered":"las propuestas ciudadanas para sustituir el monumento a Franco en Santa Cruz de Tenerife"},"content":{"rendered":"<p class=\"article-text\">\n        <strong>El monumento a Franco<\/strong> que pervive en <strong>Santa Cruz de Tenerife<\/strong> sigue generando pol\u00e9mica. El Ayuntamiento ha dado conocer sus <a href=\"https:\/\/www.santacruzdetenerife.es\/participa\/\" data-mrf-recirculation=\"links-noticia\" class=\"link\" target=\"_blank\" rel=\"nofollow noopener\">presupuestos participativos<\/a>, entre los que destacan dos propuestas precisamente para resignficar esta estatua de Juan de \u00c1valos y que evoca la partida del dictador para iniciar el golpe de estado. Una de las ideas es la de sustituirlo por una estatua de Batman y otra por la de una del alcalde de la ciudad, Jos\u00e9 Manuel Berm\u00fadez, en patineta.\n    <\/p>\n<p>    <a href=\"https:\/\/www.eldiario.es\/canariasahora\/sociedad\/propaganda-dictadura-insulto-victimas-lluvia-alegaciones-bic-monumento-franco-tenerife_1_12227469.html\" data-mrf-recirculation=\"saber-mas\" data-dl-event=\"saber-mas\" rel=\"nofollow noopener\" target=\"_blank\"><\/p>\n<p class=\"know-more__title\">\u201cPropaganda\u201d de la dictadura y un \u201cinsulto\u201d a las v\u00edctimas: lluvia de alegaciones contra el BIC del monumento a Franco de Tenerife<\/p>\n<p>            <img decoding=\"async\" class=\"lazy\" loading=\"lazy\" data-src=\"https:\/\/static.eldiario.es\/clip\/cecfc140-9025-4629-be45-89e26c0794b7_16-9-aspect-ratio_default_0.jpg\" src=\"data:image\/svg+xml,%3Csvg xmlns=\" http:=\"\" viewbox=\"0 0 880 495\" alt=\"\u201cPropaganda\u201d de la dictadura y un \u201cinsulto\u201d a las v\u00edctimas: lluvia de alegaciones contra el BIC del monumento a Franco de Tenerife\"\/><\/p>\n<p>                        <\/a><\/p>\n<p class=\"article-text\">\n        \u201cLa existencia de un monumento a Francisco Franco no solo genera divisi\u00f3n social, sino que tambi\u00e9n contradice los principios de una sociedad moderna, plural y democr\u00e1tica\u201d, recuerda la propuesta de Batman, que plantea a este personaje de la cultura popular que \u201cencarna valores universales de justicia, resiliencia y lucha contra la corrupci\u00f3n\u201d.\n    <\/p>\n<p class=\"article-text\">\n        Los promotores de la propuesta hablan de que \u201cretirar el monumento a Franco no solo es un acto de memoria democr\u00e1tica, sino tambi\u00e9n una oportunidad para sustituirlo por un s\u00edmbolo universal de justicia\u201d y que \u201cBatman, a diferencia del dictador, no busca poder personal ni perpetuarse en el mando: lucha contra la corrupci\u00f3n y el crimen, incluso cuando eso le cuesta la simpat\u00eda de la sociedad\u201d.\n    <\/p>\n<p class=\"article-text\">\n        Se\u00f1alan que \u201cmientras que Franco representa divisi\u00f3n y heridas hist\u00f3ricas a\u00fan abiertas, Batman es un personaje de la cultura popular compartido por todas las generaciones y clases sociales\u201d y agregan que \u201cno importa si eres de izquierdas, derechas o si solo te levantas para ver Netflix: todos reconocen a Batman como un luchador incansable contra la injusticia\u201d.\n    <\/p>\n<p class=\"article-text\">\n        En la propuesta se expone que una estatua de Batman en lugar de Franco ser\u00eda \u201cun im\u00e1n tur\u00edstico de primer nivel\u201d y creen que generar\u00eda memes, portadasy \u201cun atractivo cultural mucho m\u00e1s positivo que seguir anclados en la nostalgia dictatorial\u201d.\n    <\/p>\n<p class=\"article-text\">\n        \u201cBatman simboliza resiliencia, justicia, disciplina y lucha contra el abuso de poder. Valores que cualquier democracia deber\u00eda reivindicar\u201d, insisten, para agregar que \u201ccon su est\u00e9tica oscura y tecnol\u00f3gica, representa mejor el siglo XXI que un monumento casposo de la mitad del siglo XX\u201d.\n    <\/p>\n<p class=\"article-text\">\n        \u201cReemplazar el monumento a Franco con una estatua de Batman no es solo una provocaci\u00f3n cultural, sino una oportunidad hist\u00f3rica de cerrar un cap\u00edtulo oscuro y abrir uno nuevo con un mensaje claro: Espa\u00f1a no glorifica dictadores, sino que celebra la justicia, la valent\u00eda y el ingenio. Y, seamos sinceros, \u00bfqui\u00e9n no querr\u00eda hacerse un selfie con Batman?\u201d se cuestiona.\n    <\/p>\n<p class=\"article-text\">\n        Por otro lado, se ha registrado otra propuesta para resignificar el monumento que habla en tono sarc\u00e1stico de la \u201creconquista de Jos\u00e9 Manuel Berm\u00fadez\u201d despu\u00e9s de haber gobernado la ciudad los socialistas con Patricia Hern\u00e1ndez al frente.\n    <\/p>\n<p class=\"article-text\">\n        \u201cMi propuesta es continuar siendo \u201dEl Coraz\u00f3n de Tenerife\u201c y glosar la figura de nuestro amado alcalde e indiscutible l\u00edder, remplazando el feo monumento de bronce por una r\u00e9plica a escala -en granito- de \u201del Corcovado\u201c, una alegor\u00eda al Sagrado Coraz\u00f3n ubicada en Rio de Janeiro, pero con el tipillo y la efiguie de nuestro amado e indiscutible l\u00edder municipal que Dios guarde por siempre\u201d, dice en tono de humor.\n    <\/p>\n<p class=\"article-text\">\n        Pide que se recuerde a Berm\u00fadez por \u201csu afan por el Carril Ciclable de Santa Cruz y su dedicaci\u00f3n a convertir la parte baja de Santa Cruz en un parque tem\u00e1tico para los guiris cruceristas\u201d.\n    <\/p>\n<p>    <strong>Un monumento que puede ser declarado BIC<\/strong><\/p>\n<p class=\"article-text\">\n        Cabe recordar que el Cabildo de Tenerife inici\u00f3 a principios de a\u00f1o los tr\u00e1mites para declara el monumento a Franco Bien de Inter\u00e9s Cultural. Numerosas asociaciones y partidos pol\u00edticos<a href=\"https:\/\/www.eldiario.es\/canariasahora\/sociedad\/propaganda-dictadura-insulto-victimas-lluvia-alegaciones-bic-monumento-franco-tenerife_1_12227469.html\" data-mrf-recirculation=\"links-noticia\" class=\"link\" rel=\"nofollow noopener\" target=\"_blank\"> presentaron alegaciones al respecto. <\/a>\n    <\/p>\n<p class=\"article-text\">\n        Para la Asociaci\u00f3n para la Recuperaci\u00f3n de la Memoria Hist\u00f3rica de Tenerife, la escultura \u201cconstituye un elemento de exaltaci\u00f3n del r\u00e9gimen franquista y, por ende, resulta contraria a los principios de verdad, justicia, reparaci\u00f3n y no repetici\u00f3n que fundamentan las leyes de memoria hist\u00f3rica y democr\u00e1tica\u201d.\n    <\/p>\n<p class=\"article-text\">\n        La Asociaci\u00f3n para la Memoria Hist\u00f3rica de Arucas es otra de las que han presentado alegaciones al procedimiento y a\u00f1ade que en todo el Archipi\u00e9lago fueron represaliadas entre 2.500 y 3.000 personas, por lo que la permanencia del monumento en un espacio p\u00fablico es un \u201cagravio\u201d para las v\u00edctimas. \u201cEs un insulto a la memoria de los desaparecidos, sus familias, y a la historia real de lo que ocurri\u00f3 en Canarias\u201d, insisti\u00f3.\n    <\/p>\n<p class=\"article-text\">\n        Por su parte, la Asociaci\u00f3n para la Recuperaci\u00f3n de la Memoria Hist\u00f3rica estatal, que preside Emilio Silva, recuerda que la estatua representa \u201cel avi\u00f3n Drag\u00f3n Rapide, en el que parti\u00f3 Franco para iniciar el levantamiento militar que desencadenar\u00eda la Guerra Civil espa\u00f1ola. Sobre su espalda se encuentra una figura masculina representando a Francisco Franco, sosteniendo una espada en forma de cruz cristiana cuya punta se\u00f1ala hacia abajo\u201d.\u00a0\n    <\/p>\n<p class=\"article-text\">\n        Asimismo, la Asociaci\u00f3n para la Recuperaci\u00f3n Mas\u00f3nica de Canarias destaca que, para declarar la escultura como BIC, habr\u00eda que determinar la importancia del escultor y Juan de \u00c1valos \u201cno est\u00e1 en ning\u00fan museo de primera l\u00ednea de Espa\u00f1a o del resto del mundo\u201d. En este sentido, alude al informe de la Universidad de La Laguna que sirve de apoyo a su oposici\u00f3n \u201ca que sean postergados los derechos reconocidos en las leyes de memoria hist\u00f3rica por unos valores art\u00edsticos que no suponen ninguna aportaci\u00f3n sustancial al rico y valioso arte contempor\u00e1neo espa\u00f1ol del siglo XX\u201d.\u00a0\n    <\/p>\n<p class=\"article-text\">\n        El Gobierno de Espa\u00f1a tambi\u00e9n informaba de que, a trav\u00e9s de la Delegaci\u00f3n de Gobierno en Canarias, ha presentado alegaciones en este expediente. La principal raz\u00f3n que argumenta es que \u201cno existe ning\u00fan informe que refleje el car\u00e1cter excepcional y sobresaliente de la obra de Juan de \u00c1valos\u201d. En este sentido, remarca que las instituciones acad\u00e9micas consultadas coinciden en que no existen elementos art\u00edsticos relevantes.\n    <\/p>\n<p>    <a href=\"https:\/\/www.eldiario.es\/canariasahora\/tenerifeahora\/sociedad\/monumento-franco-exaltacion-dictadura-acabar-protegida-interes-cultural_1_12137496.html\" data-mrf-recirculation=\"saber-mas-abajo\" data-dl-event=\"saber-mas-abajo\" rel=\"nofollow noopener\" target=\"_blank\"><\/p>\n<p class=\"know-more__title\">El monumento a Franco de Tenerife, una exaltaci\u00f3n de la dictadura que puede acabar protegida como Bien de Inter\u00e9s Cultural\n<\/p>\n<p>            <img decoding=\"async\" class=\"lazy\" loading=\"lazy\" data-src=\"https:\/\/static.eldiario.es\/clip\/149105ff-5044-4fe9-bdaa-fc8791d779bf_16-9-aspect-ratio_default_0.jpg\" src=\"data:image\/svg+xml,%3Csvg xmlns=\" http:=\"\" viewbox=\"0 0 880 495\" alt=\"El monumento a Franco de Tenerife, una exaltaci\u00f3n de la dictadura que puede acabar protegida como Bien de Inter\u00e9s Cultural\"\/><\/p>\n<p>                        <\/a><\/p>\n<p class=\"article-text\">\n        Partidos como el PSOE en Canarias, Podemos, IUC y S\u00ed se Puede tambi\u00e9n han presentado alegaciones a que se declare BIC este monumento.\n    <\/p>\n","protected":false},"excerpt":{"rendered":"El monumento a Franco que pervive en Santa Cruz de Tenerife sigue generando pol\u00e9mica. El Ayuntamiento ha dado&hellip;\n","protected":false},"author":2,"featured_media":177737,"comment_status":"","ping_status":"","sticky":false,"template":"","format":"standard","meta":{"footnotes":""},"categories":[8],"tags":[1201,5978,17,18,50818,7383,25,24,2141,13,14,4999,11,19,20,39590,9,10,15,16,50817,26522,4065,23,10674,1370,12,21,22],"class_list":{"0":"post-177736","1":"post","2":"type-post","3":"status-publish","4":"format-standard","5":"has-post-thumbnail","7":"category-espana","8":"tag-alcalde","9":"tag-batman","10":"tag-breaking-news","11":"tag-breakingnews","12":"tag-ciudadanas","13":"tag-cruz","14":"tag-es","15":"tag-espana","16":"tag-estatua","17":"tag-featured-news","18":"tag-featurednews","19":"tag-franco","20":"tag-headlines","21":"tag-latest-news","22":"tag-latestnews","23":"tag-monumento","24":"tag-news","25":"tag-noticias","26":"tag-noticias-destacadas","27":"tag-noticiasdestacadas","28":"tag-patineta","29":"tag-propuestas","30":"tag-santa","31":"tag-spain","32":"tag-sustituir","33":"tag-tenerife","34":"tag-titulares","35":"tag-ultimas-noticias","36":"tag-ultimasnoticias"},"share_on_mastodon":{"url":"","error":""},"_links":{"self":[{"href":"https:\/\/www.europesays.com\/es\/wp-json\/wp\/v2\/posts\/177736","targetHints":{"allow":["GET"]}}],"collection":[{"href":"https:\/\/www.europesays.com\/es\/wp-json\/wp\/v2\/posts"}],"about":[{"href":"https:\/\/www.europesays.com\/es\/wp-json\/wp\/v2\/types\/post"}],"author":[{"embeddable":true,"href":"https:\/\/www.europesays.com\/es\/wp-json\/wp\/v2\/users\/2"}],"replies":[{"embeddable":true,"href":"https:\/\/www.europesays.com\/es\/wp-json\/wp\/v2\/comments?post=177736"}],"version-history":[{"count":0,"href":"https:\/\/www.europesays.com\/es\/wp-json\/wp\/v2\/posts\/177736\/revisions"}],"wp:featuredmedia":[{"embeddable":true,"href":"https:\/\/www.europesays.com\/es\/wp-json\/wp\/v2\/media\/177737"}],"wp:attachment":[{"href":"https:\/\/www.europesays.com\/es\/wp-json\/wp\/v2\/media?parent=177736"}],"wp:term":[{"taxonomy":"category","embeddable":true,"href":"https:\/\/www.europesays.com\/es\/wp-json\/wp\/v2\/categories?post=177736"},{"taxonomy":"post_tag","embeddable":true,"href":"https:\/\/www.europesays.com\/es\/wp-json\/wp\/v2\/tags?post=177736"}],"curies":[{"name":"wp","href":"https:\/\/api.w.org\/{rel}","templated":true}]}}