{"id":177742,"date":"2025-10-15T05:32:09","date_gmt":"2025-10-15T05:32:09","guid":{"rendered":"https:\/\/www.europesays.com\/es\/177742\/"},"modified":"2025-10-15T05:32:09","modified_gmt":"2025-10-15T05:32:09","slug":"la-genial-respuesta-que-cela-le-dio-a-saramago-cuando-el-portugues-dijo-que-no-le-gustaban-los-toros","status":"publish","type":"post","link":"https:\/\/www.europesays.com\/es\/177742\/","title":{"rendered":"La genial respuesta que Cela le dio a Saramago cuando el portugu\u00e9s dijo que no le gustaban los toros"},"content":{"rendered":"<p class=\"paragraph\">Camilo Jos\u00e9 <b>Cela<\/b>, adem\u00e1s de uno de los escritores m\u00e1s brillantes de la historia de la <b>literatura espa\u00f1ola<\/b>, fue un tertuliano \u00fanico que dej\u00f3 algunos de los momentos m\u00e1s memorables de la televisi\u00f3n en Espa\u00f1a.<\/p>\n<p>            <a href=\"#\" title=\"\"><br \/>\n                <img decoding=\"async\" loading=\"lazy\" width=\"120px\" height=\"90px\" alt=\"Camilo Jos\u00e9 Cela durante una tertulia literaria en una escena de la versi\u00f3n cinematogr\u00e1fica de 'La colmena'\" src=\"https:\/\/imagenes.eldebate.com\/files\/related_image\/files\/fp\/uploads\/2025\/07\/30\/6889fa57af191.r_d.2491-1764.jpeg\" data-full-src=\"https:\/\/www.europesays.com\/es\/wp-content\/uploads\/2025\/10\/6889fa57af191.jpeg\"\/><br \/>\n            <\/a><\/p>\n<p class=\"paragraph\">Corr\u00eda el a\u00f1o 2002. <b>Fernando S\u00e1nchez Drag\u00f3<\/b> se hab\u00eda llevado sus tertulias literarias al valenciano Canal 9. Cela hab\u00eda fallecido poco antes y, por ese motivo, el escritor y presentador televisivo decidi\u00f3 emitir en su programa El Faro de Alejandr\u00eda una antigua tertulia entre <b>Camilo Jos\u00e9 Cela<\/b> y <b>Jos\u00e9 Saramago<\/b>.<\/p>\n<p class=\"paragraph\">El v\u00eddeo lo ha rescatado ahora la<b> Fundaci\u00f3n Toro de Lidia <\/b>en sus redes sociales para recordar que \u00abhubo un tiempo en el que los antitaurinos ten\u00edan un nivel alt\u00edsimo en el debate\u00bb.<\/p>\n<p class=\"paragraph\">La tertulia, en un momento dado, navega entre las procelosas aguas del <b>iberismo<\/b> y, en un momento dado, se entra de lleno en el asunto de la tauromaquia.<\/p>\n<p class=\"paragraph\">Los dos <b>Premios Nobel de Literatura<\/b> tienen opiniones enfrentadas sobre el particular, aunque las expresan con respeto y sin sectarismo.<\/p>\n<p class=\"paragraph\">Dec\u00eda Cela, con su habitual retranca, que \u00abpor fortuna acabaremos civilizando a<b> Europa<\/b>, yo creo. Las corridas de toros son el \u00fanico signo de civilizaci\u00f3n que podemos ense\u00f1ar a Europa. En Suecia hay ya dos pe\u00f1as taurinas que vienen a los Sanfermines\u00bb.<\/p>\n<p class=\"paragraph\">\u00abLas hay incluso en Jap\u00f3n\u00bb, a\u00f1ade <b>S\u00e1nchez Drag\u00f3<\/b>. \u00abEn el Jap\u00f3n las hay\u00bb, concede Cela. \u00abY el l\u00edmite norte en Francia (el l\u00edmite de la afici\u00f3n a los toros, se entiende) est\u00e1 subiendo un poco m\u00e1s\u00bb.<\/p>\n<p class=\"paragraph\">Tras la reflexi\u00f3n de Cela, S\u00e1nchez Drag\u00f3 se dirige al <b>Premio Nobel portugu\u00e9s<\/b>: \u00abAntes he dicho, Jos\u00e9, y es verdad, Camilo quiso ser torero. Me gustar\u00eda saber lo que piensas a cerca de los toros, como portugu\u00e9s, como comunista\u00bb.<\/p>\n<p class=\"paragraph\">Pero Saramago, de una manera elegante, expresa su opini\u00f3n contraria a la tauromaquia: \u00abLo siento, yo s\u00e9 que esto no agradar\u00e1, pero la verdad es que<b> las corridas no me gustan<\/b>\u00bb.<\/p>\n<p class=\"paragraph\">S\u00e1nchez Drag\u00f3 trata de que reconsidere su posici\u00f3n: \u00abT\u00fa que has defendido el<b> iberismo frente al europe\u00edsmo<\/b>, la corrida de toros es un poderoso instrumento de defensa del iberismo\u00bb.<\/p>\n<p class=\"paragraph\">Ante lo que Saramago reivindica su opini\u00f3n: \u00abYo no s\u00e9 si lo es, pero yo no quiero que Espa\u00f1a toda se ponga a cantar el fado. No vamos a tener ahora, porque tenemos unas cuantas cosas nuestras de aqu\u00ed o de all\u00e1, vamos a pon\u00e9rselas a todos\u00bb.<\/p>\n<p class=\"paragraph\">Por \u00faltimo, Cela zanja la cuesti\u00f3n, con la misma elegancia y con su ya famosa socarroner\u00eda: \u00ab<b>Yo preferir\u00eda que Espa\u00f1a entera cantara el fado <\/b>que no estos ritmos yankees que nos est\u00e1n invadiendo\u00bb.<\/p>\n","protected":false},"excerpt":{"rendered":"Camilo Jos\u00e9 Cela, adem\u00e1s de uno de los escritores m\u00e1s brillantes de la historia de la literatura espa\u00f1ola,&hellip;\n","protected":false},"author":2,"featured_media":177743,"comment_status":"","ping_status":"","sticky":false,"template":"","format":"standard","meta":{"footnotes":""},"categories":[277],"tags":[373,168,25,24,23,167,374],"class_list":{"0":"post-177742","1":"post","2":"type-post","3":"status-publish","4":"format-standard","5":"has-post-thumbnail","7":"category-toreo","8":"tag-bullfighting","9":"tag-deportes","10":"tag-es","11":"tag-espana","12":"tag-spain","13":"tag-sports","14":"tag-toreo"},"share_on_mastodon":{"url":"","error":""},"_links":{"self":[{"href":"https:\/\/www.europesays.com\/es\/wp-json\/wp\/v2\/posts\/177742","targetHints":{"allow":["GET"]}}],"collection":[{"href":"https:\/\/www.europesays.com\/es\/wp-json\/wp\/v2\/posts"}],"about":[{"href":"https:\/\/www.europesays.com\/es\/wp-json\/wp\/v2\/types\/post"}],"author":[{"embeddable":true,"href":"https:\/\/www.europesays.com\/es\/wp-json\/wp\/v2\/users\/2"}],"replies":[{"embeddable":true,"href":"https:\/\/www.europesays.com\/es\/wp-json\/wp\/v2\/comments?post=177742"}],"version-history":[{"count":0,"href":"https:\/\/www.europesays.com\/es\/wp-json\/wp\/v2\/posts\/177742\/revisions"}],"wp:featuredmedia":[{"embeddable":true,"href":"https:\/\/www.europesays.com\/es\/wp-json\/wp\/v2\/media\/177743"}],"wp:attachment":[{"href":"https:\/\/www.europesays.com\/es\/wp-json\/wp\/v2\/media?parent=177742"}],"wp:term":[{"taxonomy":"category","embeddable":true,"href":"https:\/\/www.europesays.com\/es\/wp-json\/wp\/v2\/categories?post=177742"},{"taxonomy":"post_tag","embeddable":true,"href":"https:\/\/www.europesays.com\/es\/wp-json\/wp\/v2\/tags?post=177742"}],"curies":[{"name":"wp","href":"https:\/\/api.w.org\/{rel}","templated":true}]}}