{"id":177746,"date":"2025-10-15T05:37:08","date_gmt":"2025-10-15T05:37:08","guid":{"rendered":"https:\/\/www.europesays.com\/es\/177746\/"},"modified":"2025-10-15T05:37:08","modified_gmt":"2025-10-15T05:37:08","slug":"ferrari-mantiene-toda-su-confianza-en-vasseur","status":"publish","type":"post","link":"https:\/\/www.europesays.com\/es\/177746\/","title":{"rendered":"Ferrari mantiene toda su confianza en Vasseur"},"content":{"rendered":"<p data-mrf-recirculation=\"Links P\u00e1rrafos\" class=\"ue-c-article__paragraph paragraph ue-c-article--first-letter-highlighted\">No quieren responder a cada rumor que aparece, argumentado o no sobre 2026. <strong>En Ferrari llevan un a\u00f1o viendo informaciones\u00a0<\/strong>que hablaron primero de una <strong>posible espantada de Charles Leclerc<\/strong> (GP de Canad\u00e1), asegurando que el monegasco estaba muy decepcionado con el coche de 2025 y estaba sopesando cambiar de aires para buscar su sue\u00f1o, ser campe\u00f3n del mundo de F1. Poco despu\u00e9s Leclerc contest\u00f3: \u00abS\u00ed, ese es mi sue\u00f1o, pero quiero que se haga realidad con Ferrari\u00bb.<\/p>\n<p data-mrf-recirculation=\"Links P\u00e1rrafos\" class=\"ue-c-article__paragraph paragraph\">Por esas fechas, tambi\u00e9n <strong>se cuestin\u00f3 la confianza en el &#8216;team principal&#8217;,<\/strong> el jefe deportivo de la Scuderia en la F1, <strong>Fed Vasseur,<\/strong> que terminaba contrato al final de 2025 y todav\u00eda no hab\u00eda firmado la <strong>renovaci\u00f3n<\/strong>. Y esta lleg\u00f3 <strong>el 31 de julio, justo antes del par\u00f3n de las vacaciones<\/strong> veraniegas.\u00a0<\/p>\n<p data-mrf-recirculation=\"Links P\u00e1rrafos\" class=\"ue-c-article__paragraph paragraph\">Y s\u00f3lo dos meses despu\u00e9s una cadena de informaciones dan cr\u00e9dito a al posibilidad de que<strong> Christian Horner, <\/strong>despedido de Red Bull con todo el apoyo de Max Verstappen y su c\u00edrculo m\u00e1s cercano, su padre Jos y Helmut Marko, <strong>podr\u00eda ser un objetivo para Ferrari a partir de 2026.\u00a0<\/strong><\/p>\n<p data-mrf-recirculation=\"Links P\u00e1rrafos\" class=\"ue-c-article__paragraph paragraph\">Ser\u00e1 sobre e<strong>l verano el momento en el que el brit\u00e1nico pueda volver a la F1 tras cumplir el preceptivo &#8216;gardening<\/strong>&#8216; o barbecho, que protege a los equipos de la propiedad industrial e intelectual cuando un trabajador t\u00e9cnico cambia de uno a otro equipo, como le ha sucedido recientemente a Enrico Cardile tras fichar el junio de 2024 por Aston Martin.<\/p>\n<p data-mrf-recirculation=\"Links P\u00e1rrafos\" class=\"ue-c-article__paragraph paragraph\"><strong>MARCA <\/strong>quiso pulsar de forma no oficial el sentir en Maranello sobre estas informaciones, que han sido cascada en estos d\u00edas. La respuesta es muy clara. \u00abEstos rumores<strong> ni siquiera merecen ser comentados, <\/strong>en realidad. Veamos los hechos en lugar de los rumores: <strong>el hecho es que nuestra alta direcci\u00f3n renov\u00f3 la confianza en Fred hace dos meses\u00bb,<\/strong> ha dicho una persona de comunicaci\u00f3n, reafirmando que el futuro del equipo pasa por la jefatura del ingeniero franc\u00e9s, que adem\u00e1s firm\u00f3 un contrato de varios a\u00f1os m\u00e1s.\u00a0<\/p>\n<p data-mrf-recirculation=\"Links P\u00e1rrafos\" class=\"ue-c-article__paragraph paragraph\">Vasseur comenzar\u00e1 2026 y, previsiblemente, en un equipo que respeta los contratos, como sucedi\u00f3 con <strong>Carlos Sainz o Mattia Binotto,<\/strong> acabar\u00e1 el curso, de no mediar un aut\u00e9ntico terremoto. Luego se examinar\u00e1n los resultados, como en todas las escuder\u00edas.<\/p>\n","protected":false},"excerpt":{"rendered":"No quieren responder a cada rumor que aparece, argumentado o no sobre 2026. En Ferrari llevan un a\u00f1o&hellip;\n","protected":false},"author":2,"featured_media":177747,"comment_status":"","ping_status":"","sticky":false,"template":"","format":"standard","meta":{"footnotes":""},"categories":[270],"tags":[168,25,24,306,271,272,23,167],"class_list":{"0":"post-177746","1":"post","2":"type-post","3":"status-publish","4":"format-standard","5":"has-post-thumbnail","7":"category-formula-1","8":"tag-deportes","9":"tag-es","10":"tag-espana","11":"tag-f1","12":"tag-formula-1","13":"tag-formula1","14":"tag-spain","15":"tag-sports"},"share_on_mastodon":{"url":"","error":""},"_links":{"self":[{"href":"https:\/\/www.europesays.com\/es\/wp-json\/wp\/v2\/posts\/177746","targetHints":{"allow":["GET"]}}],"collection":[{"href":"https:\/\/www.europesays.com\/es\/wp-json\/wp\/v2\/posts"}],"about":[{"href":"https:\/\/www.europesays.com\/es\/wp-json\/wp\/v2\/types\/post"}],"author":[{"embeddable":true,"href":"https:\/\/www.europesays.com\/es\/wp-json\/wp\/v2\/users\/2"}],"replies":[{"embeddable":true,"href":"https:\/\/www.europesays.com\/es\/wp-json\/wp\/v2\/comments?post=177746"}],"version-history":[{"count":0,"href":"https:\/\/www.europesays.com\/es\/wp-json\/wp\/v2\/posts\/177746\/revisions"}],"wp:featuredmedia":[{"embeddable":true,"href":"https:\/\/www.europesays.com\/es\/wp-json\/wp\/v2\/media\/177747"}],"wp:attachment":[{"href":"https:\/\/www.europesays.com\/es\/wp-json\/wp\/v2\/media?parent=177746"}],"wp:term":[{"taxonomy":"category","embeddable":true,"href":"https:\/\/www.europesays.com\/es\/wp-json\/wp\/v2\/categories?post=177746"},{"taxonomy":"post_tag","embeddable":true,"href":"https:\/\/www.europesays.com\/es\/wp-json\/wp\/v2\/tags?post=177746"}],"curies":[{"name":"wp","href":"https:\/\/api.w.org\/{rel}","templated":true}]}}