{"id":177777,"date":"2025-10-15T06:00:10","date_gmt":"2025-10-15T06:00:10","guid":{"rendered":"https:\/\/www.europesays.com\/es\/177777\/"},"modified":"2025-10-15T06:00:10","modified_gmt":"2025-10-15T06:00:10","slug":"carlos-sainz-tendra-sustituto-en-williams-en-el-gp-de-estados-unidos-esta-es-la-razon","status":"publish","type":"post","link":"https:\/\/www.europesays.com\/es\/177777\/","title":{"rendered":"Carlos Sainz tendr\u00e1 sustituto en Williams en el GP de Estados Unidos: esta es la raz\u00f3n"},"content":{"rendered":"<p>Que no cunda el p\u00e1nico. A pesar de su excelente estado de forma, con un podio y puntos en las \u00faltimas dos carreras,\u00a0<strong>Carlos Sainz<\/strong>\u00a0no estar\u00e1 al volante de su\u00a0<strong>Williams<\/strong>\u00a0durante la primera sesi\u00f3n de entrenamientos libres del\u00a0<strong>Gran Premio de Estados Unidos<\/strong>. La raz\u00f3n no es un problema de rendimiento ni una sanci\u00f3n, sino una de las normativas m\u00e1s interesantes de la <a href=\"http:\/\/www.formula1.com\" target=\"_blank\" rel=\"noopener nofollow\">F\u00f3rmula 1 <\/a>moderna: la que obliga a los equipos a dar una oportunidad a sus j\u00f3venes talentos.<\/p>\n<p>La normativa que abre la puerta a los novatos<\/p>\n<p>La decisi\u00f3n de Williams responde a una regla de la FIA que exige a cada equipo ceder al menos dos sesiones de entrenamientos libres por temporada a pilotos que no tengan experiencia previa en la categor\u00eda. En el caso del equipo de Grove, han decidido duplicar la apuesta, y esta ser\u00e1 la\u00a0<strong>tercera de las cuatro sesiones obligatorias<\/strong>\u00a0para pilotos debutantes que completar\u00e1n este a\u00f1o.<\/p>\n<p>Esta normativa es fundamental para el futuro del deporte, ya que ofrece a las j\u00f3venes promesas una oportunidad de oro para demostrar su val\u00eda al volante de un monoplaza de F1 y familiarizarse con el entorno de un Gran Premio.<\/p>\n<p><img loading=\"lazy\" decoding=\"async\" width=\"961\" height=\"1200\" src=\"data:image\/svg+xml,%3Csvg%20xmlns=\" http:=\"\" alt=\"Carlos Sainz tendr\u00e1 sustituto en Williams en el GP de Estados Unidos: esta es la raz\u00f3n\" class=\"wp-image-22160\" data-lazy- data-lazy- data-lazy-src=\"https:\/\/www.revistaturbo.com\/wp-content\/uploads\/2025\/10\/\ud83c\uddf8\ud83c\uddec-A-great-recovery-after-starting-P18-in-Singapore-Given-the-circumstances-we-need-to-be-hap-3.jpg\"\/>Foto: Carlos Sainz Instagram <\/p>\n<p>\u00bfQui\u00e9n es Luke Browning? La nueva joya de la corona de Williams<\/p>\n<p>El piloto elegido para subirse al\u00a0<strong>FW47<\/strong>\u00a0de Sainz es\u00a0<strong>Luke Browning<\/strong>, una de las mayores promesas de la academia de Williams. El brit\u00e1nico no es un desconocido en el paddock; actualmente se encuentra inmerso en la batalla por el t\u00edtulo de la\u00a0<strong>F\u00f3rmula 2<\/strong>, ocupando la tercera posici\u00f3n de la clasificaci\u00f3n en su primera temporada completa.<\/p>\n<p>Su rendimiento en la antesala de la F1 ha sido impresionante, acumulando\u00a0<strong>nueve podios<\/strong>\u00a0y\u00a0<strong>una victoria<\/strong>, cifras que justifican con creces la confianza que el equipo ha depositado en \u00e9l para esta importante sesi\u00f3n.<\/p>\n<p><img loading=\"lazy\" decoding=\"async\" width=\"960\" height=\"1200\" src=\"data:image\/svg+xml,%3Csvg%20xmlns=\" http:=\"\" alt=\"Carlos Sainz tendr\u00e1 sustituto en Williams en el GP de Estados Unidos: esta es la raz\u00f3n\" class=\"wp-image-22161\" data-lazy- data-lazy- data-lazy-src=\"https:\/\/www.revistaturbo.com\/wp-content\/uploads\/2025\/10\/\ud83c\uddf8\ud83c\uddec-A-great-recovery-after-starting-P18-in-Singapore-Given-the-circumstances-we-need-to-be-hap-1.jpg\"\/>Foto: Instagram Carlos Sainz <\/p>\n<p>Un fin de semana at\u00edpico y de alta presi\u00f3n para Sainz<\/p>\n<p>Para Carlos Sainz, esta situaci\u00f3n a\u00f1ade una capa extra de desaf\u00edo a un fin de semana que, adem\u00e1s, tiene formato Sprint. Al no participar en la \u00fanica sesi\u00f3n de pr\u00e1cticas libres, el piloto espa\u00f1ol se subir\u00e1 por primera vez al coche directamente para la\u00a0<strong>clasificaci\u00f3n sprint<\/strong>\u00a0del viernes.<\/p>\n<p><img loading=\"lazy\" decoding=\"async\" width=\"960\" height=\"1200\" src=\"data:image\/svg+xml,%3Csvg%20xmlns=\" http:=\"\" alt=\"Carlos Sainz tendr\u00e1 sustituto en Williams en el GP de Estados Unidos: esta es la raz\u00f3n\" class=\"wp-image-22163\" data-lazy- data-lazy- data-lazy-src=\"https:\/\/www.revistaturbo.com\/wp-content\/uploads\/2025\/10\/Nothing-like-that-first-win-feeling-\ud83e\udd79\ud83c\udf7eF2-RoadToF1-ItalianGP-LukeBrowning.jpg\"\/>Foto: Luke Browning Instagram<\/p>\n<p>Esto significa que no tendr\u00e1 tiempo para encontrar el ritmo ni para probar la puesta a punto del monoplaza, dependiendo enteramente de los datos recopilados por su compa\u00f1ero Alex Albon y por el propio Browning. Es una prueba de fuego que pondr\u00e1 a prueba su capacidad de adaptaci\u00f3n inmediata.<\/p>\n<p>La sesi\u00f3n en Austin ser\u00e1, por tanto, un momento de doble inter\u00e9s: por un lado, la oportunidad de ver en acci\u00f3n a una de las posibles futuras estrellas de la F1 y, por otro, el desaf\u00edo de ver c\u00f3mo uno de los pilotos m\u00e1s en forma de la parrilla afronta un Gran Premio sin apenas tiempo de preparaci\u00f3n.<\/p>\n<p><strong>REVISTA TURBO<\/strong><\/p>\n","protected":false},"excerpt":{"rendered":"Que no cunda el p\u00e1nico. A pesar de su excelente estado de forma, con un podio y puntos&hellip;\n","protected":false},"author":2,"featured_media":177778,"comment_status":"","ping_status":"","sticky":false,"template":"","format":"standard","meta":{"footnotes":""},"categories":[270],"tags":[168,25,24,306,271,272,23,167],"class_list":{"0":"post-177777","1":"post","2":"type-post","3":"status-publish","4":"format-standard","5":"has-post-thumbnail","7":"category-formula-1","8":"tag-deportes","9":"tag-es","10":"tag-espana","11":"tag-f1","12":"tag-formula-1","13":"tag-formula1","14":"tag-spain","15":"tag-sports"},"share_on_mastodon":{"url":"","error":""},"_links":{"self":[{"href":"https:\/\/www.europesays.com\/es\/wp-json\/wp\/v2\/posts\/177777","targetHints":{"allow":["GET"]}}],"collection":[{"href":"https:\/\/www.europesays.com\/es\/wp-json\/wp\/v2\/posts"}],"about":[{"href":"https:\/\/www.europesays.com\/es\/wp-json\/wp\/v2\/types\/post"}],"author":[{"embeddable":true,"href":"https:\/\/www.europesays.com\/es\/wp-json\/wp\/v2\/users\/2"}],"replies":[{"embeddable":true,"href":"https:\/\/www.europesays.com\/es\/wp-json\/wp\/v2\/comments?post=177777"}],"version-history":[{"count":0,"href":"https:\/\/www.europesays.com\/es\/wp-json\/wp\/v2\/posts\/177777\/revisions"}],"wp:featuredmedia":[{"embeddable":true,"href":"https:\/\/www.europesays.com\/es\/wp-json\/wp\/v2\/media\/177778"}],"wp:attachment":[{"href":"https:\/\/www.europesays.com\/es\/wp-json\/wp\/v2\/media?parent=177777"}],"wp:term":[{"taxonomy":"category","embeddable":true,"href":"https:\/\/www.europesays.com\/es\/wp-json\/wp\/v2\/categories?post=177777"},{"taxonomy":"post_tag","embeddable":true,"href":"https:\/\/www.europesays.com\/es\/wp-json\/wp\/v2\/tags?post=177777"}],"curies":[{"name":"wp","href":"https:\/\/api.w.org\/{rel}","templated":true}]}}