{"id":177796,"date":"2025-10-15T06:15:09","date_gmt":"2025-10-15T06:15:09","guid":{"rendered":"https:\/\/www.europesays.com\/es\/177796\/"},"modified":"2025-10-15T06:15:09","modified_gmt":"2025-10-15T06:15:09","slug":"el-gobierno-presenta-una-reforma-constitucional-para-blindar-el-aborto-aunque-con-pocas-opciones-de-salir-adelante-el-pais-expres","status":"publish","type":"post","link":"https:\/\/www.europesays.com\/es\/177796\/","title":{"rendered":"El Gobierno presenta una reforma constitucional para blindar el aborto (aunque con pocas opciones de salir adelante) | El PA\u00cdS Expr\u00e9s"},"content":{"rendered":"<p><img fetchpriority=\"high\" decoding=\"auto\" class=\"_re  a_m-h\" height=\"414\"  width=\"414\"  src=\"https:\/\/www.europesays.com\/es\/wp-content\/uploads\/2025\/10\/E2RFO6YT7FDJ5CURPZTEQKI2PM.jpg\" loading=\"eager\"\/>DVD 1253 (12\/02\/2025). Madrid. SEsi\u00f3n de control al Gobierno en el Congreso de los Diputados. Pedro S\u00e1nchez y Yolanda D\u00edaz. Foto de Pablo MongeFOTO: Pablo Monge<\/p>\n<p class=\"\">El Gobierno ya tiene el texto con el que pretende blindar el derecho al aborto en la Constituci\u00f3n. PSOE y Sumar han alcanzado un pacto tras d\u00edas de intenso debate.<\/p>\n<ul>\n<li>La f\u00f3rmula aprobada en el Consejo de Ministros contempla un nuevo apartado en el art\u00edculo 43.4 de la Constituci\u00f3n que reconoce \u201cel derecho de las mujeres a la interrupci\u00f3n voluntaria del embarazo\u201d.<\/li>\n<li>Y espec\u00edfica: \u201cEl ejercicio de este derecho, en todo caso, ser\u00e1 garantizado por los poderes p\u00fablicos, asegurando su prestaci\u00f3n en condiciones de igualdad efectiva\u201d.<\/li>\n<\/ul>\n<p class=\"\"><b>Pero tiene pocas opciones de salir adelante<\/b>. La iniciativa tiene que ser aprobada por una mayor\u00eda de tres quintos en el Congreso, lo que incluir\u00eda el apoyo del PP, que ya ha dicho que votar\u00e1 en contra.<\/p>\n<p class=\"\"><b>Una batalla ideol\u00f3gica.<\/b> La iniciativa se produce tras semanas en las que las derechas han agitado el debate sobre el derecho al aborto.<\/p>\n<ul>\n<li>Una de las protagonistas ha sido la presidenta de la Comunidad de Madrid, Isabel D\u00edaz Ayuso, que se ha enfrentado directamente al Gobierno al negarse a elaborar una lista de m\u00e9dicos objetores de conciencia sobre el aborto, como obliga la ley.<\/li>\n<li>Este martes, el Gobierno ha recordado a Madrid que tiene un mes para cumplir la ley antes de presentar el caso a los tribunales.<\/li>\n<\/ul>\n<p class=\"\">\u00a9Foto: Pablo Monge<\/p>\n<p class=\"\"><a href=\"https:\/\/elpais.com\/espana\/2025-10-14\/sumar-pelea-la-bandera-del-aborto-a-sanchez-denuncia-que-la-propuesta-del-psoe-podria-suponer-un-retroceso.html\" target=\"_self\" rel=\"nofollow noopener\" title=\"https:\/\/elpais.com\/espana\/2025-10-14\/sumar-pelea-la-bandera-del-aborto-a-sanchez-denuncia-que-la-propuesta-del-psoe-podria-suponer-un-retroceso.html\">Si quieres saber m\u00e1s, puedes leer aqu\u00ed<\/a>.<\/p>\n","protected":false},"excerpt":{"rendered":"DVD 1253 (12\/02\/2025). Madrid. SEsi\u00f3n de control al Gobierno en el Congreso de los Diputados. Pedro S\u00e1nchez y&hellip;\n","protected":false},"author":2,"featured_media":177797,"comment_status":"","ping_status":"","sticky":false,"template":"","format":"standard","meta":{"footnotes":""},"categories":[8],"tags":[17020,6069,17,18,1467,50828,25,24,13,14,11,3515,19,20,9,10,15,16,2959,956,17109,23,12,21,22],"class_list":{"0":"post-177796","1":"post","2":"type-post","3":"status-publish","4":"format-standard","5":"has-post-thumbnail","7":"category-espana","8":"tag-aborto","9":"tag-alberto-nunez-feijoo","10":"tag-breaking-news","11":"tag-breakingnews","12":"tag-comunidad-de-madrid","13":"tag-embarazos-no-deseados","14":"tag-es","15":"tag-espana","16":"tag-featured-news","17":"tag-featurednews","18":"tag-headlines","19":"tag-isabel-diaz-ayuso","20":"tag-latest-news","21":"tag-latestnews","22":"tag-news","23":"tag-noticias","24":"tag-noticias-destacadas","25":"tag-noticiasdestacadas","26":"tag-pedro-sanchez","27":"tag-pp","28":"tag-sanidad-publica","29":"tag-spain","30":"tag-titulares","31":"tag-ultimas-noticias","32":"tag-ultimasnoticias"},"share_on_mastodon":{"url":"","error":""},"_links":{"self":[{"href":"https:\/\/www.europesays.com\/es\/wp-json\/wp\/v2\/posts\/177796","targetHints":{"allow":["GET"]}}],"collection":[{"href":"https:\/\/www.europesays.com\/es\/wp-json\/wp\/v2\/posts"}],"about":[{"href":"https:\/\/www.europesays.com\/es\/wp-json\/wp\/v2\/types\/post"}],"author":[{"embeddable":true,"href":"https:\/\/www.europesays.com\/es\/wp-json\/wp\/v2\/users\/2"}],"replies":[{"embeddable":true,"href":"https:\/\/www.europesays.com\/es\/wp-json\/wp\/v2\/comments?post=177796"}],"version-history":[{"count":0,"href":"https:\/\/www.europesays.com\/es\/wp-json\/wp\/v2\/posts\/177796\/revisions"}],"wp:featuredmedia":[{"embeddable":true,"href":"https:\/\/www.europesays.com\/es\/wp-json\/wp\/v2\/media\/177797"}],"wp:attachment":[{"href":"https:\/\/www.europesays.com\/es\/wp-json\/wp\/v2\/media?parent=177796"}],"wp:term":[{"taxonomy":"category","embeddable":true,"href":"https:\/\/www.europesays.com\/es\/wp-json\/wp\/v2\/categories?post=177796"},{"taxonomy":"post_tag","embeddable":true,"href":"https:\/\/www.europesays.com\/es\/wp-json\/wp\/v2\/tags?post=177796"}],"curies":[{"name":"wp","href":"https:\/\/api.w.org\/{rel}","templated":true}]}}