{"id":177798,"date":"2025-10-15T06:16:27","date_gmt":"2025-10-15T06:16:27","guid":{"rendered":"https:\/\/www.europesays.com\/es\/177798\/"},"modified":"2025-10-15T06:16:27","modified_gmt":"2025-10-15T06:16:27","slug":"el-supremo-reclama-al-parlamento-europeo-que-levante-la-inmunidad-de-alvise-para-investigarlo-por-financiacion-irregular-de-su-partido-espana","status":"publish","type":"post","link":"https:\/\/www.europesays.com\/es\/177798\/","title":{"rendered":"El Supremo reclama al Parlamento Europeo que levante la inmunidad de Alvise para investigarlo por financiaci\u00f3n irregular de su partido | Espa\u00f1a"},"content":{"rendered":"<p class=\"\">El magistrado del Tribunal Supremo Juli\u00e1n S\u00e1nchez Melgar ha pedido este mi\u00e9rcoles que se reclame al Parlamento Europeo el permiso necesario para investigar al eurodiputado Luis P\u00e9rez, conocido como Alvise, por, supuestamente, <a href=\"https:\/\/elpais.com\/espana\/2025-09-24\/la-fiscalia-reclama-al-supremo-que-se-levante-la-inmunidad-de-alvise-para-investigarlo-por-financiacion-irregular-de-su-partido.html\" target=\"_self\" rel=\"nofollow noopener\" title=\"https:\/\/elpais.com\/espana\/2025-09-24\/la-fiscalia-reclama-al-supremo-que-se-levante-la-inmunidad-de-alvise-para-investigarlo-por-financiacion-irregular-de-su-partido.html\">recibir 100.000 euros de un empresario para financiar la campa\u00f1a las \u00faltimas elecciones europeas de su agrupaci\u00f3n electoral, <\/a>Se Acab\u00f3 la Fiesta (SALF). El suplicatorio se dirigir\u00e1 al presidente de la Euroc\u00e1mara a trav\u00e9s del presidente de la Sala Penal del Supremo y de la presidenta del alto tribunal. <\/p>\n<p class=\"\">Es el segundo suplicatorio que eleva la Sala Penal por Alvise, quien tiene abiertas cuatro causas en el alto tribunal. En julio pasado, la Sala Penal ya pidi\u00f3 el suplicatorio para investigar al l\u00edder ultra por, supuestamente, acosar en redes a la fiscal contra delitos de odio de Valencia, Susana Gisbert. Adem\u00e1s, el Supremo investiga al eurodiputado por difundir una prueba falsa de Covid del presidente de la Generalitat y exministro de Sanidad Salvador Illa; y por supuestos delitos de revelaci\u00f3n de secretos y acoso a Diego Solier y Nora Junco, dos eurodiputados que se presentaron con \u00e9l a las elecciones europeas de 2024 y acabaron querell\u00e1ndose contra quien fuera su jefe de filas. <\/p>\n<p class=\"\">De todas las causas abiertas, la que se centra en la supuesta financiaci\u00f3n ilegal de SALF es la que le atribuye delitos m\u00e1s graves. En un auto dictado este martes, el magistrado S\u00e1nchez Melgar recuerda que los hechos investigados se basan en la denuncia que present\u00f3 en la Fiscal\u00eda el empresario \u00c1lvaro Romillo, quien asegur\u00f3 que Alvise le pidi\u00f3 dinero para financiar su partido, pero, seg\u00fan el juez, lo hizo \u201cde forma oculta, sin constar en documentaci\u00f3n alguna, ni reflejarse en su contabilidad\u201d; a cambio, se\u00f1ala el instructor, Romillo le pidi\u00f3 \u201cinfluencias y contactos derivados de su actuaci\u00f3n como parlamentario europeo\u201d.<\/p>\n<p class=\"\">Los detalles de ese pacto, seg\u00fan ha constatado la polic\u00eda judicial, se fueron fraguando mediante mensajes de m\u00f3vil. Fue una tercera persona, \u201ccomisionado\u201d de Romillo, se\u00f1ala el instructor, quien llev\u00f3 a cabo la entrega del dinero a Alvise en una mochila, que conten\u00eda 100.000 euros en billetes de distinto valor. El l\u00edder ultra guard\u00f3 el dinero en su casa y gast\u00f3, aproximadamente la mitad, en viajes y comidas y otros gastos vinculados a su agrupaci\u00f3n electoral, a\u00f1ade el instructor. <\/p>\n<p class=\"\">El l\u00edder ultra asegur\u00f3 en su declaraci\u00f3n ante el juez en julio pasado que Romillo le dio el dinero como pago por una conferencia en el hip\u00f3dromo de Madrid durante un acto organizado por el empresario, una justificaci\u00f3n que S\u00e1nchez Melgar considera \u201ca todas luces, poco veros\u00edmil\u201d. El instructor recuerda, adem\u00e1s, que el informe hecho por la polic\u00eda judicial del tel\u00e9fono m\u00f3vil intervenido a Romillo acredita los indicios de una presunta financiaci\u00f3n irregular, ya que se ha recibido dinero por encima de 50.000 euros, que constituye un delito tipificado por el C\u00f3digo Penal. <\/p>\n<p class=\"\">\u201cNo se documenta, se mantiene opaco, y se utiliza para fines electorales, lo que supone una forma de proceder que desequilibra el buen funcionamiento electoral\u201d, explica el magistrado, que considera que los hechos que se investigan encajan con supuestos delitos de financiaci\u00f3n ilegal de partidos pol\u00edticos (art\u00edculo 304 bis 1 del C\u00f3digo Penal) y delito electoral, recogido en el art\u00edculo 149.1 de la Ley Org\u00e1nica del R\u00e9gimen Electoral General.<\/p>\n","protected":false},"excerpt":{"rendered":"El magistrado del Tribunal Supremo Juli\u00e1n S\u00e1nchez Melgar ha pedido este mi\u00e9rcoles que se reclame al Parlamento Europeo&hellip;\n","protected":false},"author":2,"featured_media":177799,"comment_status":"","ping_status":"","sticky":false,"template":"","format":"standard","meta":{"footnotes":""},"categories":[5],"tags":[25790,17,18,25,24,13,14,11,2158,19,20,9,10,15,16,6939,49838,23,12,4874,21,22],"class_list":{"0":"post-177798","1":"post","2":"type-post","3":"status-publish","4":"format-standard","5":"has-post-thumbnail","7":"category-titulares","8":"tag-alvise-perez","9":"tag-breaking-news","10":"tag-breakingnews","11":"tag-es","12":"tag-espana","13":"tag-featured-news","14":"tag-featurednews","15":"tag-headlines","16":"tag-justicia","17":"tag-latest-news","18":"tag-latestnews","19":"tag-news","20":"tag-noticias","21":"tag-noticias-destacadas","22":"tag-noticiasdestacadas","23":"tag-parlamento-europeo","24":"tag-se-acabo-la-fiesta-salf","25":"tag-spain","26":"tag-titulares","27":"tag-tribunal-supremo","28":"tag-ultimas-noticias","29":"tag-ultimasnoticias"},"share_on_mastodon":{"url":"","error":""},"_links":{"self":[{"href":"https:\/\/www.europesays.com\/es\/wp-json\/wp\/v2\/posts\/177798","targetHints":{"allow":["GET"]}}],"collection":[{"href":"https:\/\/www.europesays.com\/es\/wp-json\/wp\/v2\/posts"}],"about":[{"href":"https:\/\/www.europesays.com\/es\/wp-json\/wp\/v2\/types\/post"}],"author":[{"embeddable":true,"href":"https:\/\/www.europesays.com\/es\/wp-json\/wp\/v2\/users\/2"}],"replies":[{"embeddable":true,"href":"https:\/\/www.europesays.com\/es\/wp-json\/wp\/v2\/comments?post=177798"}],"version-history":[{"count":0,"href":"https:\/\/www.europesays.com\/es\/wp-json\/wp\/v2\/posts\/177798\/revisions"}],"wp:featuredmedia":[{"embeddable":true,"href":"https:\/\/www.europesays.com\/es\/wp-json\/wp\/v2\/media\/177799"}],"wp:attachment":[{"href":"https:\/\/www.europesays.com\/es\/wp-json\/wp\/v2\/media?parent=177798"}],"wp:term":[{"taxonomy":"category","embeddable":true,"href":"https:\/\/www.europesays.com\/es\/wp-json\/wp\/v2\/categories?post=177798"},{"taxonomy":"post_tag","embeddable":true,"href":"https:\/\/www.europesays.com\/es\/wp-json\/wp\/v2\/tags?post=177798"}],"curies":[{"name":"wp","href":"https:\/\/api.w.org\/{rel}","templated":true}]}}