{"id":177800,"date":"2025-10-15T06:17:08","date_gmt":"2025-10-15T06:17:08","guid":{"rendered":"https:\/\/www.europesays.com\/es\/177800\/"},"modified":"2025-10-15T06:17:08","modified_gmt":"2025-10-15T06:17:08","slug":"el-dicorpebal-reclama-el-aliento-de-su-aficion","status":"publish","type":"post","link":"https:\/\/www.europesays.com\/es\/177800\/","title":{"rendered":"El Dicorpebal reclama el aliento de su afici\u00f3n"},"content":{"rendered":"<p>Despu\u00e9s del importante triunfo en Valladolid, el <a href=\"https:\/\/www.larioja.com\/temas\/entidades\/club-balonmano-ciudad-de-logrono.html\" title=\"CB Ciudad de Logro\u00f1o\" data-voc-vtm-id=\"in-text-traffic\" data-mrf-link=\"www.larioja.com\" rel=\"nofollow noopener\" target=\"_blank\">Dicorpebal <\/a>regres\u00f3 ayer a los entrenamientos para preparar el duelo de este domingo (16.30 horas) frente al  &#8230; Villa de Aranda. Un nuevo horario que en nada ayuda al club y a los aficionados, pero es algo en lo que se puede hacer poco.<\/p>\n<p class=\"v-p\">Miguel \u00c1ngel Velasco se mostraba ayer tranquilo, relajado despu\u00e9s de ganar en Valladolid. Ahora el objetivo es enlazar la tercera victoria consecutiva. \u00abSer\u00eda muy bueno conseguirlo, pero ser\u00e1 muy complicado\u00bb, reconoc\u00eda el t\u00e9cnico.<\/p>\n<p class=\"v-p\">\u00abVilla de Aranda \u2013continu\u00f3 Miguel \u00c1ngel Velasco\u2013 viene con un buen equipo, con un buen entrenador, con un buen juego. Y con una afici\u00f3n detr\u00e1s que va a venir en gran n\u00famero y vamos a necesitar de los nuestros para que hagan mucho m\u00e1s ruido que ellos\u00bb.<\/p>\n<p class=\"v-p\">Y es que desde el Villa de Aranda se han solicitado m\u00e1s de doscientas entradas al Ciudad de Logro\u00f1o. La afici\u00f3n de Aranda es una de las m\u00e1s fieles de Asobal y el programa para el domingo no es nada malo para ellos: dos horas de coche, ruta gastron\u00f3mica por la ciudad de Logro\u00f1o, partido y regreso a Aranda para no llegar a una hora muy tarde.<\/p>\n<p class=\"v-p\">En este sentido, Miguel \u00c1ngel Velasco tiene un mensaje muy claro para la afici\u00f3n del Ciudad de Logro\u00f1o: \u00abJugamos en casa y queremos que eso se note\u00bb. \u00abQueremos \u2013prosigue el m\u00edster\u2013 que la gente venga, nos anime, nos apoye para sacar el partido como sea\u00bb.<\/p>\n<p class=\"v-p\">El partido del domingo en Valladolid no ha dejado secuelas en la plantilla franjivino. Miguel \u00c1ngel Velasco cuenta con todos sus jugadores aunque algunos de ellos est\u00e1n recuper\u00e1ndose. Es el caso de Popovich, que estuvo con problemas estomacales la semana pasada pero ya est\u00e1 bien. <\/p>\n<p class=\"v-p\">\u00abPancho (Lombardi)anda con la rodilla tocada y lo cuidaremos durante el principio de semana\u00bb respond\u00eda Velasco cuando se le preguntaba por el estado de forma de su plantilla.<\/p>\n<p class=\"v-p\">En cuanto al partido de Valladolid, Velasco mostr\u00f3 su alegr\u00eda por los dos puntos aunque reconoci\u00f3 que el resultado final puede ser enga\u00f1oso: \u00abEs un equipo que estar\u00e1 luchando por estar ah\u00ed arriba. El resultado es enga\u00f1oso porque a siete minutos del final vas de dos o de tres arriba, y luego al final Xoan (Ledo) para todo y nosotros metemos todo\u00bb.<\/p>\n<p class=\"v-p\">Por otro lado, Velasco se mostr\u00f3 contento con la inclusi\u00f3n de \u00c1lvaro Mart\u00ednez en la lista de los Hispanos de Jordi Ribera para un doble amistoso contra Suecia. \u00abEs el fruto del trabajo de mucho tiempo, no solo de los \u00faltimos meses. Pero s\u00ed que el hecho de que ahora defienda m\u00e1s y aparezca por el centro de la defensa y por el dos le convierten en un jugador m\u00e1s completo. Y eso habr\u00e1 ayudado\u00bb.<\/p>\n","protected":false},"excerpt":{"rendered":"Despu\u00e9s del importante triunfo en Valladolid, el Dicorpebal regres\u00f3 ayer a los entrenamientos para preparar el duelo de&hellip;\n","protected":false},"author":2,"featured_media":177801,"comment_status":"","ping_status":"","sticky":false,"template":"","format":"standard","meta":{"footnotes":""},"categories":[278],"tags":[3437,30869,376,168,46472,25,24,375,17585,23,167],"class_list":{"0":"post-177800","1":"post","2":"type-post","3":"status-publish","4":"format-standard","5":"has-post-thumbnail","7":"category-balonmano","8":"tag-aficion","9":"tag-aliento","10":"tag-balonmano","11":"tag-deportes","12":"tag-dicorpebal","13":"tag-es","14":"tag-espana","15":"tag-handball","16":"tag-reclama","17":"tag-spain","18":"tag-sports"},"share_on_mastodon":{"url":"","error":""},"_links":{"self":[{"href":"https:\/\/www.europesays.com\/es\/wp-json\/wp\/v2\/posts\/177800","targetHints":{"allow":["GET"]}}],"collection":[{"href":"https:\/\/www.europesays.com\/es\/wp-json\/wp\/v2\/posts"}],"about":[{"href":"https:\/\/www.europesays.com\/es\/wp-json\/wp\/v2\/types\/post"}],"author":[{"embeddable":true,"href":"https:\/\/www.europesays.com\/es\/wp-json\/wp\/v2\/users\/2"}],"replies":[{"embeddable":true,"href":"https:\/\/www.europesays.com\/es\/wp-json\/wp\/v2\/comments?post=177800"}],"version-history":[{"count":0,"href":"https:\/\/www.europesays.com\/es\/wp-json\/wp\/v2\/posts\/177800\/revisions"}],"wp:featuredmedia":[{"embeddable":true,"href":"https:\/\/www.europesays.com\/es\/wp-json\/wp\/v2\/media\/177801"}],"wp:attachment":[{"href":"https:\/\/www.europesays.com\/es\/wp-json\/wp\/v2\/media?parent=177800"}],"wp:term":[{"taxonomy":"category","embeddable":true,"href":"https:\/\/www.europesays.com\/es\/wp-json\/wp\/v2\/categories?post=177800"},{"taxonomy":"post_tag","embeddable":true,"href":"https:\/\/www.europesays.com\/es\/wp-json\/wp\/v2\/tags?post=177800"}],"curies":[{"name":"wp","href":"https:\/\/api.w.org\/{rel}","templated":true}]}}