{"id":177806,"date":"2025-10-15T06:24:17","date_gmt":"2025-10-15T06:24:17","guid":{"rendered":"https:\/\/www.europesays.com\/es\/177806\/"},"modified":"2025-10-15T06:24:17","modified_gmt":"2025-10-15T06:24:17","slug":"quien-es-sayon-keita-el-pivot-de-17-anos-titular-con-el-barca","status":"publish","type":"post","link":"https:\/\/www.europesays.com\/es\/177806\/","title":{"rendered":"Qui\u00e9n es Sayon Keita, el p\u00edvot de 17 a\u00f1os titular con el Bar\u00e7a"},"content":{"rendered":"<p><strong>Sayon Keita\u00a0<\/strong>ha sido la gran sorpresa del Bar\u00e7a en el partido de Euroliga que el conjunto cul\u00e9 ha disputado frente al Maccabi Tel Aviv. El joven p\u00edvot de 17 a\u00f1os ha jugado sus primeros minutos en la competici\u00f3n continental y lo ha hecho saliendo como titular despu\u00e9s de suplir en la convocatoria a Youssoupha Fall.<\/p>\n<p>\u00bfEl primer bal\u00f3n que ha tocado? Este mate tras asistencia para abrir el marcador del encuentro. En su primera rotaci\u00f3n anot\u00f3 4 puntos con un rebote, una asistencia, una falta recibida y 7 de valoraci\u00f3n.<\/p>\n<blockquote class=\"twitter-tweet\">\n<p dir=\"ltr\" lang=\"es\">\ud83e\udd29 Imposible debutar de mejor manera en la Euroliga.<\/p>\n<p>Sayon Keita, 17 a\u00f1os \ud83d\udc8e<a href=\"https:\/\/t.co\/X9CdtluPcR\" rel=\"nofollow\">pic.twitter.com\/X9CdtluPcR<\/a><\/p>\n<p>\u2014 Gigantes del Basket (@GIGANTESbasket) <a href=\"https:\/\/twitter.com\/GIGANTESbasket\/status\/1978145843770261690?ref_src=twsrc%5Etfw\" rel=\"nofollow noopener\" target=\"_blank\">October 14, 2025<\/a><\/p>\n<\/blockquote>\n<p>Qui\u00e9n es Sayon Keita<\/p>\n<p>Sayon Keita es un p\u00edvot de 17 a\u00f1os y 2.12 de estatura nacido en Mal\u00ed y que ocupa plaza de jugador de formaci\u00f3n local despu\u00e9s de formarse desde 2022 en nuestro pa\u00eds. Lleg\u00f3 a Espa\u00f1a de la mano del Movistar Estudiantes pero poco despu\u00e9s pas\u00f3 a formar parte de la cantera del Bar\u00e7a donde est\u00e1 jugando su tercer a\u00f1o. Anteriormente hab\u00eda pasado por la Serge Ibaka Dreams Academy, llegando a coincidir durante los playoffs del pasado a\u00f1o en la Liga Endesa.<\/p>\n<p><img loading=\"lazy\" decoding=\"async\" class=\"alignnone size-full wp-image-763642\" src=\"https:\/\/www.europesays.com\/es\/wp-content\/uploads\/2025\/10\/Keita-Ibaka.jpg\" alt=\"\" width=\"650\" height=\"433\"  \/><\/p>\n<p>A las \u00f3rdenes de Pe\u00f1arroya debut\u00f3 con el primer equipo durante la 24\/25 teniendo minutos ante R\u00edo Breog\u00e1n, Unicaja M\u00e1laga, For\u00e7a Lleida o Surne Bilbao Basket ante los problemas de lesiones que pas\u00f3 el conjunto cul\u00e9. Promedi\u00f3 <strong>13.5 puntos y 8 rebotes<\/strong> en el ANGT de la Euroliga celebrado a principio de este a\u00f1o.<\/p>\n<p>Keita, adem\u00e1s de jugar minutos con el primer equipo, tambi\u00e9n formar\u00e1 parte del equipo de la Liga U del Bar\u00e7a con el que debut\u00f3 el pasado fin de semana con 15 puntos, 4 rebotes y 19 de valoraci\u00f3n en la contundente victoria frente al BAXI Manresa.<\/p>\n<p style=\"text-align: right;\">Foto: acb Photo \/ V.Salgado<\/p>\n<p><img decoding=\"async\" src=\"https:\/\/www.europesays.com\/es\/wp-content\/uploads\/2025\/10\/1760509455_637_mtracking.gif\" alt=\"Etiquetas de Mautic\" style=\"display:none;\"\/><\/p>\n<p><a href=\"https:\/\/www.gigantes.com\/tienda\/hemeroteca\/guia-nba-2025-26-no-1-561-octubre-2025\/\" rel=\"nofollow noopener\" target=\"_blank\"><img loading=\"lazy\" decoding=\"async\" class=\"aligncenter wp-image-761455 size-large\" src=\"https:\/\/www.europesays.com\/es\/wp-content\/uploads\/2025\/10\/INSTAGRAM-2-1024x1024.jpg.webp.webp\" alt=\"Gu\u00eda NBA\" width=\"680\" height=\"680\"  \/><\/a><\/p>\n<p>\t\t\t\t\t<img loading=\"lazy\" decoding=\"async\" src=\"https:\/\/www.europesays.com\/es\/wp-content\/uploads\/2025\/10\/mano.png\" width=\"60\" height=\"60\" alt=\"Deliza hacia abajo\"\/>Sigue deslizando hacia abajo para ver m\u00e1s contenidos<\/p>\n<p>                <script async src=\"https:\/\/platform.twitter.com\/widgets.js\" charset=\"utf-8\"><\/script><\/p>\n","protected":false},"excerpt":{"rendered":"Sayon Keita\u00a0ha sido la gran sorpresa del Bar\u00e7a en el partido de Euroliga que el conjunto cul\u00e9 ha&hellip;\n","protected":false},"author":2,"featured_media":177807,"comment_status":"","ping_status":"","sticky":false,"template":"","format":"standard","meta":{"footnotes":""},"categories":[269],"tags":[299,298,168,25,24,50829,23,167],"class_list":{"0":"post-177806","1":"post","2":"type-post","3":"status-publish","4":"format-standard","5":"has-post-thumbnail","7":"category-baloncesto","8":"tag-baloncesto","9":"tag-basketball","10":"tag-deportes","11":"tag-es","12":"tag-espana","13":"tag-sayon-keita","14":"tag-spain","15":"tag-sports"},"share_on_mastodon":{"url":"","error":""},"_links":{"self":[{"href":"https:\/\/www.europesays.com\/es\/wp-json\/wp\/v2\/posts\/177806","targetHints":{"allow":["GET"]}}],"collection":[{"href":"https:\/\/www.europesays.com\/es\/wp-json\/wp\/v2\/posts"}],"about":[{"href":"https:\/\/www.europesays.com\/es\/wp-json\/wp\/v2\/types\/post"}],"author":[{"embeddable":true,"href":"https:\/\/www.europesays.com\/es\/wp-json\/wp\/v2\/users\/2"}],"replies":[{"embeddable":true,"href":"https:\/\/www.europesays.com\/es\/wp-json\/wp\/v2\/comments?post=177806"}],"version-history":[{"count":0,"href":"https:\/\/www.europesays.com\/es\/wp-json\/wp\/v2\/posts\/177806\/revisions"}],"wp:featuredmedia":[{"embeddable":true,"href":"https:\/\/www.europesays.com\/es\/wp-json\/wp\/v2\/media\/177807"}],"wp:attachment":[{"href":"https:\/\/www.europesays.com\/es\/wp-json\/wp\/v2\/media?parent=177806"}],"wp:term":[{"taxonomy":"category","embeddable":true,"href":"https:\/\/www.europesays.com\/es\/wp-json\/wp\/v2\/categories?post=177806"},{"taxonomy":"post_tag","embeddable":true,"href":"https:\/\/www.europesays.com\/es\/wp-json\/wp\/v2\/tags?post=177806"}],"curies":[{"name":"wp","href":"https:\/\/api.w.org\/{rel}","templated":true}]}}