{"id":177808,"date":"2025-10-15T06:25:08","date_gmt":"2025-10-15T06:25:08","guid":{"rendered":"https:\/\/www.europesays.com\/es\/177808\/"},"modified":"2025-10-15T06:25:08","modified_gmt":"2025-10-15T06:25:08","slug":"el-barca-solo-da-por-validas-1-867-de-las-3-205-firmas-entregadas-por-marc-ciria","status":"publish","type":"post","link":"https:\/\/www.europesays.com\/es\/177808\/","title":{"rendered":"El Bar\u00e7a s\u00f3lo da por v\u00e1lidas 1.867 de las 3.205 firmas entregadas por Marc Ciria"},"content":{"rendered":"<p data-gtm-element-container=\"modulo-texto-link\" class=\"paragraph\">No ha cristalizado la iniciativa de<strong> Marc Ciria <\/strong>para incluir un punto en el orden del d\u00eda de la <strong>Asamblea General Ordinaria del FC Barcelona<\/strong> del pr\u00f3ximo domingo consistente en la \u201cRevocaci\u00f3n de una participaci\u00f3n por parte de la minoritaria del capital social (hasta el 49,9%) de la sociedad<strong> Bar\u00e7a Licensing &amp; Merchandising, SL (BLM),<\/strong> aprobada en la <strong>Asamblea Extraordinaria telem\u00e1tica del FC Barcelona <\/strong>que tuvo lugar el d\u00eda 16 de junio de 2022\u201d.<\/p>\n<p data-gtm-element-container=\"modulo-texto-link\" class=\"paragraph\"><strong>Ciria<\/strong>, que se acogi\u00f3 al art\u00edculo 20.11 de los <strong>Estatutos <\/strong>para que se tratara el tema en la <strong>Asamblea<\/strong>,\u00a0 ha entregado esta ma\u00f1ana 3.205 firmas, de las que unas 600 eran digitalizadas, algo que no est\u00e1 contemplado en los Estatutos. La cifra necesaria para conseguir su objetivo era de 2.888 apoyos, que resulta del 3% de los 96.251 de socios y socias con derecho a sufragio pasivo a fecha de hoy. De todos los apoyos entregados, el club s\u00f3lo ha dado 1.867 como v\u00e1lidos.\u00a0<\/p>\n<p data-gtm-element-container=\"modulo-texto-link\" class=\"paragraph\">Seg\u00fan el comunicado del <strong>FC Barcelona<\/strong>, que reitera que una posible venta de BLM no est\u00e1 en sus planes, los 3.205 registros de socios y socias estaban clasificados de la siguiente forma:<\/p>\n<p data-gtm-element-container=\"modulo-texto-link\" class=\"paragraph\"><strong>Anexo 1: <\/strong>Fotocopias de un formulario de soporte con datos y firma de 2.605 personas adhiri\u00e9ndose a la propuesta, sin indicar el n\u00famero de DNI ni adjuntar copia.<\/p>\n<p data-gtm-element-container=\"modulo-texto-link\" class=\"paragraph\"><strong>Anexo 2:<\/strong> Una impresi\u00f3n de determinadas hojas de excel con un listado de nombres y datos de 600 personas (3 de ellas repetidas), sin referencia a ninguna propuesta en concreto y sin firma de ning\u00fan tipo. Este Anexo 2 no cumple con los requisitos exigidos en el art\u00edculo 20.11 de los <strong>Estatutos <\/strong>para acreditar el apoyo de los socios y socias.<\/p>\n<p data-gtm-element-container=\"modulo-texto-link\" class=\"paragraph\">El <strong>FC Barcelona <\/strong>informa que \u00aba pesar de no alcanzar el n\u00famero m\u00ednimo necesario, y de no disponer de los DNI&#8217;s de los socios y socias para verificar la correcci\u00f3n de su firma, el <strong>\u00c1rea Social y Legal del Club<\/strong> han procedido a verificar el Anexo 1 con el siguiente resultado:<\/p>\n<p data-gtm-element-container=\"modulo-texto-link\" class=\"paragraph\"><strong>Soportes v\u00e1lidos:<\/strong> 1.867<\/p>\n<p data-gtm-element-container=\"modulo-texto-link\" class=\"paragraph\"><strong>Soportes inv\u00e1lidos por falta del cumplimiento del requisito de antig\u00fcedad (5 a\u00f1os):<\/strong> 452<\/p>\n<p data-gtm-element-container=\"modulo-texto-link\" class=\"paragraph\"><strong>Soportes inv\u00e1lidos por no disponer de la edad m\u00ednima: <\/strong>25<\/p>\n<p data-gtm-element-container=\"modulo-texto-link\" class=\"paragraph\"><strong>Soportes inv\u00e1lidos por no ser socio o socia o ser ilegible:<\/strong> 139<\/p>\n<p data-gtm-element-container=\"modulo-texto-link\" class=\"paragraph\"><strong>Soportes inv\u00e1lidos por duplicidad: <\/strong>121<\/p>\n<p data-gtm-element-container=\"modulo-texto-link\" class=\"paragraph\"><strong>Soportes inv\u00e1lidos por falta de firma: <\/strong>1<\/p>\n<p>    Lee tambi\u00e9n<\/p>\n<p data-gtm-element-container=\"modulo-texto-link\" class=\"paragraph\">Por este motivo, como recalca el FC Barcelona, \u00abla propuesta no ha logrado suficientes soportes para ser incluida como punto del orden del d\u00eda de la pr\u00f3xima asamblea. En cualquier caso, el club reitera que no est\u00e1 en estudio ni hay intenci\u00f3n de vender ninguna parte de su filial <strong>BLM<\/strong>, como ya se ha mencionado de forma p\u00fablica en varias ocasiones por parte de la Junta Directiva\u00bb.<\/p>\n<p data-gtm-element-container=\"modulo-texto-link\" class=\"paragraph\">Por \u00faltimo, el club azulgrana se\u00f1ala que este mi\u00e9rcoles \u00abel <strong>FC<\/strong> <strong>Barcelona <\/strong>proceder\u00e1 a certificar ante notario el resultado de la verificaci\u00f3n, acto al que se ha invitado al solicitante\u00bb.<\/p>\n","protected":false},"excerpt":{"rendered":"No ha cristalizado la iniciativa de Marc Ciria para incluir un punto en el orden del d\u00eda de&hellip;\n","protected":false},"author":2,"featured_media":177809,"comment_status":"","ping_status":"","sticky":false,"template":"","format":"standard","meta":{"footnotes":""},"categories":[268],"tags":[168,25,24,280,282,281,23,167],"class_list":{"0":"post-177808","1":"post","2":"type-post","3":"status-publish","4":"format-standard","5":"has-post-thumbnail","7":"category-futbol","8":"tag-deportes","9":"tag-es","10":"tag-espana","11":"tag-football","12":"tag-futbol","13":"tag-soccer","14":"tag-spain","15":"tag-sports"},"share_on_mastodon":{"url":"","error":""},"_links":{"self":[{"href":"https:\/\/www.europesays.com\/es\/wp-json\/wp\/v2\/posts\/177808","targetHints":{"allow":["GET"]}}],"collection":[{"href":"https:\/\/www.europesays.com\/es\/wp-json\/wp\/v2\/posts"}],"about":[{"href":"https:\/\/www.europesays.com\/es\/wp-json\/wp\/v2\/types\/post"}],"author":[{"embeddable":true,"href":"https:\/\/www.europesays.com\/es\/wp-json\/wp\/v2\/users\/2"}],"replies":[{"embeddable":true,"href":"https:\/\/www.europesays.com\/es\/wp-json\/wp\/v2\/comments?post=177808"}],"version-history":[{"count":0,"href":"https:\/\/www.europesays.com\/es\/wp-json\/wp\/v2\/posts\/177808\/revisions"}],"wp:featuredmedia":[{"embeddable":true,"href":"https:\/\/www.europesays.com\/es\/wp-json\/wp\/v2\/media\/177809"}],"wp:attachment":[{"href":"https:\/\/www.europesays.com\/es\/wp-json\/wp\/v2\/media?parent=177808"}],"wp:term":[{"taxonomy":"category","embeddable":true,"href":"https:\/\/www.europesays.com\/es\/wp-json\/wp\/v2\/categories?post=177808"},{"taxonomy":"post_tag","embeddable":true,"href":"https:\/\/www.europesays.com\/es\/wp-json\/wp\/v2\/tags?post=177808"}],"curies":[{"name":"wp","href":"https:\/\/api.w.org\/{rel}","templated":true}]}}