{"id":177814,"date":"2025-10-15T06:31:13","date_gmt":"2025-10-15T06:31:13","guid":{"rendered":"https:\/\/www.europesays.com\/es\/177814\/"},"modified":"2025-10-15T06:31:13","modified_gmt":"2025-10-15T06:31:13","slug":"el-exito-y-el-fracaso-de-su-documental-de-netflix","status":"publish","type":"post","link":"https:\/\/www.europesays.com\/es\/177814\/","title":{"rendered":"el \u00e9xito y el fracaso de su documental de Netflix"},"content":{"rendered":"<p class=\"c-paragraph\">\u201c<b>A\u00fan me juzgan por de d\u00f3nde vengo<\/b>\u201d. <b>Victoria Beckham <\/b>se siente juzgada porque viene de las Spice Girls. De hecho, su fama se la debe a las Spice Girls. Es m\u00e1s, si no fuera por las Spice Girls tampoco estar\u00eda protagonizando una serie documental en Netflix. \u00a0\u00a0<\/p>\n<p class=\"c-paragraph\">Victoria, date cuenta. Tu \u00e9xito y tu oportunidad viene de la revoluci\u00f3n que supuso aquel grupo musical, las Spice Girls, que hablaba del poder femenino a trav\u00e9s de un casting calculado para<b> cazar la identificaci\u00f3n de un p\u00fablico desde perfiles de mujeres tan estereotipados como reconocibles y cuchicheables.<\/b> Y a ella le toc\u00f3 la pija.\u00a0 <\/p>\n<p class=\"c-paragraph\">Fuera solo papel o no, la realidad es que el futuro ha terminado dando la raz\u00f3n a las Spice: <b>Victoria es la pija<\/b>. Y su documental de Netflix nos recuerda que los documentales m\u00e1s complicados son los que narran la existencia de ricos que no hacen otra cosa que ser ricos.<b> No hay nada m\u00e1s aburrido que la monoton\u00eda de un millonario creyendo que hace cosas interesantes y en realidad solo tiene dinero para pagarlas.<\/b><\/p>\n<p class=\"c-paragraph\">As\u00ed que el guionista debe tirar del hilo para encontrar un arco narrativo que d\u00e9 forma a tres cap\u00edtulos. Porque encima son tres cap\u00edtulos. El primer paso es crear la enso\u00f1aci\u00f3n en el ojo del p\u00fablico contando <b>la bonita historia de amor<\/b>. Ok. El segundo, conseguir una frustraci\u00f3n que ablande la frialdad de su fama y tiran del rechazo de la elitista industria de la moda a su trabajo como dise\u00f1adora porque Victoria fue Spice. Ok. Casi tienen ya el eje vertebral de la trama. Casi incluso la humanizan. Casi.<\/p>\n<p class=\"c-paragraph\">\u201c\u00bfQu\u00e9 hiciste con todo el presupuesto de moda de las Spice?\u00bb. \u201cFui a Gucci\u201d, contesta Victoria.<b> \u201cAntes no hab\u00eda tenido una prenda de marca, as\u00ed que fue algo nuevo y muy emocionante. Si te pones el vestido perfecto y hace que te sientas de un cierto modo. Esa confianza, esa sensaci\u00f3n, era algo a lo que no estaba acostumbrada\u201d.<\/b>\u00a0Hay personas que su serenidad depende del logotipo de la marca que vista su cuerpo. Y lo verbalizan como si fueran coachs profundos. Quiz\u00e1 ah\u00ed empiezan tantos \u00e9xitos y, a la vez, fracasos de nuestro tiempo de ideas cortas que se hacen largas.<\/p>\n<p class=\"c-paragraph\"><b>\u201c\u00bfLlevo suficiente maquillaje?\u201d, pregunta Victoria a David. \u201cM\u00e1s que suficiente\u201d, responde \u00e9l.<\/b> Documental resumido. En seis palabras.<\/p>\n","protected":false},"excerpt":{"rendered":"\u201cA\u00fan me juzgan por de d\u00f3nde vengo\u201d. Victoria Beckham se siente juzgada porque viene de las Spice Girls.&hellip;\n","protected":false},"author":2,"featured_media":177815,"comment_status":"","ping_status":"","sticky":false,"template":"","format":"standard","meta":{"footnotes":""},"categories":[169],"tags":[177,2170,45119,6084,146,147,25,24,176,21051,175,23,2606],"class_list":{"0":"post-177814","1":"post","2":"type-post","3":"status-publish","4":"format-standard","5":"has-post-thumbnail","7":"category-cine","8":"tag-cine","9":"tag-como","10":"tag-digna","11":"tag-documental","12":"tag-entertainment","13":"tag-entretenimiento","14":"tag-es","15":"tag-espana","16":"tag-film","17":"tag-hacer","18":"tag-movies","19":"tag-spain","20":"tag-vida"},"share_on_mastodon":{"url":"","error":""},"_links":{"self":[{"href":"https:\/\/www.europesays.com\/es\/wp-json\/wp\/v2\/posts\/177814","targetHints":{"allow":["GET"]}}],"collection":[{"href":"https:\/\/www.europesays.com\/es\/wp-json\/wp\/v2\/posts"}],"about":[{"href":"https:\/\/www.europesays.com\/es\/wp-json\/wp\/v2\/types\/post"}],"author":[{"embeddable":true,"href":"https:\/\/www.europesays.com\/es\/wp-json\/wp\/v2\/users\/2"}],"replies":[{"embeddable":true,"href":"https:\/\/www.europesays.com\/es\/wp-json\/wp\/v2\/comments?post=177814"}],"version-history":[{"count":0,"href":"https:\/\/www.europesays.com\/es\/wp-json\/wp\/v2\/posts\/177814\/revisions"}],"wp:featuredmedia":[{"embeddable":true,"href":"https:\/\/www.europesays.com\/es\/wp-json\/wp\/v2\/media\/177815"}],"wp:attachment":[{"href":"https:\/\/www.europesays.com\/es\/wp-json\/wp\/v2\/media?parent=177814"}],"wp:term":[{"taxonomy":"category","embeddable":true,"href":"https:\/\/www.europesays.com\/es\/wp-json\/wp\/v2\/categories?post=177814"},{"taxonomy":"post_tag","embeddable":true,"href":"https:\/\/www.europesays.com\/es\/wp-json\/wp\/v2\/tags?post=177814"}],"curies":[{"name":"wp","href":"https:\/\/api.w.org\/{rel}","templated":true}]}}