{"id":177818,"date":"2025-10-15T06:34:12","date_gmt":"2025-10-15T06:34:12","guid":{"rendered":"https:\/\/www.europesays.com\/es\/177818\/"},"modified":"2025-10-15T06:34:12","modified_gmt":"2025-10-15T06:34:12","slug":"ultimas-entradas-a-10-euros-para-ver-a-jose-merce-israel-fernandez-y-maria-terremoto-en-estos-pueblos-de-sevilla","status":"publish","type":"post","link":"https:\/\/www.europesays.com\/es\/177818\/","title":{"rendered":"\u00daltimas entradas a 10 euros para ver a Jos\u00e9 Merc\u00e9, Israel Fern\u00e1ndez y Mar\u00eda Terremoto en estos pueblos de Sevilla"},"content":{"rendered":"<p style=\"\">La <strong>primera edici\u00f3n del Festival Flamenco Duende<\/strong> est\u00e1 a punto de empezar. Esta propuesta organizada por el \u00e1rea de Cultura y Ciudadan\u00eda de la Diputaci\u00f3n se desarrollar\u00e1 <strong>entre el 16 de octubre al 28 de noviembre en 15 teatros de municipios de la provincia<\/strong> &#8230; .<\/p>\n<p class=\"voc-p\" style=\"\">Los primeros en subirse a los escenarios ser\u00e1n <strong>Mar\u00eda Terremoto<\/strong> el <strong>jueves 16 de octubre<\/strong> a las 20.30 horas en Teatro Enrique de la Cuadra de <strong>Utrera<\/strong>; <strong> Jos\u00e9 Merc\u00e9<\/strong> el <strong>viernes 17<\/strong> a las 21.00 horas en la Casa de la Cultura de <strong>Bollullos de la Mitaci\u00f3n<\/strong>; y <strong>Israel Fern\u00e1ndez<\/strong> el <strong>s\u00e1bado 18<\/strong> a las 20.00 horas en la Casa de la Cultura de <strong>Marinaleda<\/strong>.<\/p>\n<p class=\"voc-p\" style=\"\">El precio de la entrada es <strong>10 euros<\/strong>. Por otro lado, el <strong>50% de las entradas<\/strong> ya est\u00e1n disponibles <a href=\"https:\/\/www.giglon.com\/artistas?idArtist=duende-festival-flamenco\" title=\"www.giglon.com\" data-voc-vtm-id=\"in-text-traffic\" data-mrf-link=\"www.giglon.com\" rel=\"nofollow noopener\" target=\"_blank\">online<\/a> desde el lunes 13 de octubre y el <strong>50% restante<\/strong> ya est\u00e1 a la <strong> venta de forma f\u00edsica en los respectivos municipios<\/strong> donde tienen lugar los espect\u00e1culos.<\/p>\n<p>\nLa mitad de las entradas disponibles en los municipios\n<\/p>\n<p class=\"voc-p\" style=\"\">En <strong>Utrera<\/strong>, la venta se realizar\u00e1 en la <strong>taquilla del teatro<\/strong>. En <strong>Bollullos de la Mitaci\u00f3n<\/strong>, en la <strong>Biblioteca municipal<\/strong> y en <strong>Marinaleda<\/strong>, en la misma <strong>Casa de la Cultura<\/strong> en la que tiene lugar el espect\u00e1culo. En los tres casos, solo se podr\u00e1n adquirir un <strong>m\u00e1ximo de 4 entradas por cada comprador<\/strong> que acuda a ventanilla. <\/p>\n<p class=\"voc-p\" style=\"\">Por otro lado, los <strong>tickets para el resto de los conciertos<\/strong> que conforman esta primera edici\u00f3n <strong>ir\u00e1n saliendo a la venta el lunes<\/strong> de la semana, <strong>que tengan lugar los espect\u00e1culos<\/strong>. <\/p>\n","protected":false},"excerpt":{"rendered":"La primera edici\u00f3n del Festival Flamenco Duende est\u00e1 a punto de empezar. Esta propuesta organizada por el \u00e1rea&hellip;\n","protected":false},"author":2,"featured_media":177819,"comment_status":"","ping_status":"","sticky":false,"template":"","format":"standard","meta":{"footnotes":""},"categories":[91],"tags":[146,4401,147,25,24,1557,10994,74,2467,1932,44626,8419,1171,23,7049,4067,809],"class_list":{"0":"post-177818","1":"post","2":"type-post","3":"status-publish","4":"format-standard","5":"has-post-thumbnail","7":"category-entretenimiento","8":"tag-entertainment","9":"tag-entradas","10":"tag-entretenimiento","11":"tag-es","12":"tag-espana","13":"tag-euros","14":"tag-fernandez","15":"tag-israel","16":"tag-jose","17":"tag-maria","18":"tag-merce","19":"tag-pueblos","20":"tag-sevilla","21":"tag-spain","22":"tag-terremoto","23":"tag-ultimas","24":"tag-ver"},"share_on_mastodon":{"url":"","error":""},"_links":{"self":[{"href":"https:\/\/www.europesays.com\/es\/wp-json\/wp\/v2\/posts\/177818","targetHints":{"allow":["GET"]}}],"collection":[{"href":"https:\/\/www.europesays.com\/es\/wp-json\/wp\/v2\/posts"}],"about":[{"href":"https:\/\/www.europesays.com\/es\/wp-json\/wp\/v2\/types\/post"}],"author":[{"embeddable":true,"href":"https:\/\/www.europesays.com\/es\/wp-json\/wp\/v2\/users\/2"}],"replies":[{"embeddable":true,"href":"https:\/\/www.europesays.com\/es\/wp-json\/wp\/v2\/comments?post=177818"}],"version-history":[{"count":0,"href":"https:\/\/www.europesays.com\/es\/wp-json\/wp\/v2\/posts\/177818\/revisions"}],"wp:featuredmedia":[{"embeddable":true,"href":"https:\/\/www.europesays.com\/es\/wp-json\/wp\/v2\/media\/177819"}],"wp:attachment":[{"href":"https:\/\/www.europesays.com\/es\/wp-json\/wp\/v2\/media?parent=177818"}],"wp:term":[{"taxonomy":"category","embeddable":true,"href":"https:\/\/www.europesays.com\/es\/wp-json\/wp\/v2\/categories?post=177818"},{"taxonomy":"post_tag","embeddable":true,"href":"https:\/\/www.europesays.com\/es\/wp-json\/wp\/v2\/tags?post=177818"}],"curies":[{"name":"wp","href":"https:\/\/api.w.org\/{rel}","templated":true}]}}