{"id":177824,"date":"2025-10-15T06:38:10","date_gmt":"2025-10-15T06:38:10","guid":{"rendered":"https:\/\/www.europesays.com\/es\/177824\/"},"modified":"2025-10-15T06:38:10","modified_gmt":"2025-10-15T06:38:10","slug":"el-salto-edicion-general-11","status":"publish","type":"post","link":"https:\/\/www.europesays.com\/es\/177824\/","title":{"rendered":"&#8211; El Salto &#8211; Edici\u00f3n General"},"content":{"rendered":"<p>Ante <a href=\"https:\/\/www.elsaltodiario.com\/palestina\/hamas-libera-20-prisioneros-vivos-trump-israel-habla-un-nuevo-comienzo\" rel=\"nofollow noopener\" target=\"_blank\">la tregua<\/a> alcanzada estos d\u00edas entre EEUU e Israel se ha podido generar una sensaci\u00f3n de que la situaci\u00f3n de genocidio, matanza y hambruna que el gobierno de Benjamin Netanyahu est\u00e1 sometiendo a Gaza ha terminado. Esta \u201cfalsa\u201d sensaci\u00f3n, como indican los sindicatos, puede hacer pensar que ya no hay razones para mantener la Huelga General por Palestina que varios sindicatos han convocado para este mi\u00e9rcoles 15 de octubre, tanto a nivel estatal como auton\u00f3mico. \u201cSe ha firmado un plan de paz, se celebra y la propia resistencia palestina lo ha negociado, pero no sabemos cu\u00e1nto durar\u00e1 la tregua, ya que Israel se ha saltado muchas veces el alto fuego\u201d, explica \u00c1lvaro Ferreira, de Solidaridad Obrera.\u00a0<\/p>\n<p>Se trata de uno de los sindicatos que han convocado huelgas de 24 horas junto a Alternativa Sindical de Clase (ASC) y Confederaci\u00f3n Intersindical y que coincide con la convocatoria similar de CGT. \u201cQueremos queremos que se mantenga la tregua, que dejen de masacrar a la gente, pero sabemos que solo se va a lograr cuando toda la comunidad internacional rompa lazos con Israel, como se hizo con Sud\u00e1frica\u201d, ampl\u00eda el sindicalista, quien recuerda que Netanyahu ya se ha saltado el alto el fuego en numerosas ocasiones. \u201cEs muy necesario que entre alimento a la Gaza, pero no hay que olvidar que lo han destru\u00eddo todo, la tregua no reconoce justicia contra los criminales y Gaza sigue ocupada, por eso hay que romper relaciones con Israel\u201d, resume Ferreira y asegura que los sindicatos convocantes quieren \u201cresponsabilidades penales contra los genocidas\u201d.\u00a0<\/p>\n<p>Por su parte, desde CGT consideran que \u201cm\u00e1s necesario que nunca continuar con todas movilizaciones contra el genocidio del pueblo palestino\u201d y animan a acudir a la manifestaci\u00f3n conjunta que se celebrar\u00e1 con los sindicatos convocantes y otros m\u00e1s, junto con organizaciones propalestinas y otras de la sociedad civil en Madrid a las 19h en Atocha. \u201cSe desconoce si el acuerdo es un alto el fuego o un acuerdo de paz que dure y que permita comenzar con la reconstrucci\u00f3n de los territorios arrasados de Palestina\u201d, comentan desde el sindicato de clase y recuerdan que Israel, durante las negociaciones, \u201cha continuado bombardeando zonas de la franja de Gaza y contin\u00faa sin abrir un corredor humanitario que permita paliar la situaci\u00f3n extrema de miles de personas enfermas y hambrientas\u201d.\u00a0<\/p>\n<p>\u201cLas movilizaciones y las acciones nacidas al calor de la sociedad civil, desde la gente y para la gente con independencia de donde se est\u00e9n produciendo agresiones a los derechos humanos, han demostrado una vez m\u00e1s que la protesta sirve para presionar a gobiernos y Estados\u201d, explican desde CGT y animan a secundar la huelga y ha salir a las calles hasta garantizar los derechos del pueblo palestino.\u00a0<\/p>\n<blockquote><p>\u201cLa presi\u00f3n social ha obligado echar marcha atr\u00e1s a relaciones con Israel como el caso de Sidenor o la Universidad del Pa\u00eds Vasco\u201d, destacan desde ELA<\/p><\/blockquote>\n<p>\u201cLas movilizaciones y las acciones nacidas al calor de la sociedad civil, desde la gente y para la gente con independencia de donde se est\u00e9n produciendo agresiones a los derechos humanos han demostrado una vez m\u00e1s que la protesta sirve para presionar a gobiernos y Estados\u201d, explican desde CGT y animan a secundar la huelga y ha salir a las calles hasta garantizar los derechos del pueblo palestino.\u00a0<\/p>\n<p>Desde el sindicato vasco ELA explican que han convocado paros de cuatro horas junto a CIG e Intersindical de Catalu\u00f1a, que aumentan a 24 horas en Educaci\u00f3n. \u201cEl boicot a eventos culturales y deportivos ha sido clave en Euskal Herria y ha obligado echar marcha atr\u00e1s a relaciones con empresas y gobiernos, como el caso de <a href=\"https:\/\/www.elsaltodiario.com\/bds-israel\/sidenor-deja-vender-acero-israel\" rel=\"nofollow noopener\" target=\"_blank\">Sidenor <\/a>que dej\u00f3 de vender acero para las armas israel\u00edes o cuando la <a href=\"https:\/\/www.elsaltodiario.com\/palestina\/ehu-palestina-exige-al-rectorado-revisar-proyectos-vigor-empresas-complices-israel\" rel=\"nofollow noopener\" target=\"_blank\">Universidad del Pa\u00eds Vasco<\/a>, EHU, tuvo presi\u00f3n para romper lazos con Israel\u201d, explica a El Salto Leire Gallego, responsable del ares a acci\u00f3n social de ELA. \u201cEl mi\u00e9rcoles vamos a parar para pedir la ruptura de relaciones con Israel, no se le puede comprar ni vender nada a un Estado genocida que mata a miles de personas y provoca una hambruna\u201d, comenta Gallego que puntualiza que exigen \u201ca los partidos vascos, aunque no est\u00e9n en los gobiernos, que condicionen con sus votos en Iru\u00f1a, Gasteiz y Madrid hasta que corten todos los lazos con Israel\u201d.\u00a0<\/p>\n<p data-pm-slice=\"1 1 []\">En Andaluc\u00eda se ha activado el plan de servicios m\u00ednimos en previsi\u00f3n de que miles de trabajadoras y trabajadores andaluces se unir\u00e1n a la huelga que, como sostiene Bella de Marco, responsable de Acci\u00f3n Sindical del\u00a0Sindicato Andaluz de Trabajadores, \u201cla clase trabajadora tiene que insistir en seguir reclamando la autodeterminaci\u00f3n de Palestina; la solidaridad es una prioridad ahora m\u00e1s que nunca, hay que seguir haciendo boicot al r\u00e9gimen israel\u00ed\u201d. Adem\u00e1s de piquetes en distintos espacios laborales y estudiantiles, las andaluzas y andaluces est\u00e1n llamados a distintas movilizaciones en todas las provincias.<\/p>\n<p>En Galicia, hay concentraciones por la ma\u00f1ana en las principales ciudades, como a las 11h en Coru\u00f1a, a las 11:30h en Vigo o a las 12h en Compostela convocadas por CIG, junto con los paros legalizados, pero por la tarde, las organizaciones sindicales llaman a unirse a las manifestaciones convocadas por Coordinadora Galega de Solidaridade con Palestina.\u00a0<\/p>\n<p>El movimiento estudiantil tambi\u00e9n est\u00e1 llamado a participar en una huelga que apoyan decenas de asambleas de estudiantes de todo el Estado as\u00ed como el Frente de Estudiantes y el Sindicato de Estudiantes. A las reivindicaciones colectivas de esta movilizaci\u00f3n se unen las espec\u00edficas que concierne a los centros educativos, especialmente a las universidades como el cese total de las relaciones de estas instituciones con empresas israel\u00edes.<\/p>\n<p>Por su parte, CCOO y UGT han convocado paros de dos horas en cada uno de los tres turnos en los que se divide la jornada laboral. Exigen, entre otras medidas, \u201cla suspensi\u00f3n y posterior revisi\u00f3n del Acuerdo de Asociaci\u00f3n entre la Uni\u00f3n Europea e Israel\u201d y la \u201cpuesta en marcha de planes urgentes de cooperaci\u00f3n para Palestina por parte de todas las administraciones p\u00fablicas\u201d. Tambi\u00e9n anima a concentrarse en los centros de trabajo para visibilizar la repulsa por el genocidio y una manera simb\u00f3lica de mostrar solidaridad con el pueblo palestino.\u00a0<\/p>\n","protected":false},"excerpt":{"rendered":"Ante la tregua alcanzada estos d\u00edas entre EEUU e Israel se ha podido generar una sensaci\u00f3n de que&hellip;\n","protected":false},"author":2,"featured_media":177825,"comment_status":"","ping_status":"","sticky":false,"template":"","format":"standard","meta":{"footnotes":""},"categories":[8],"tags":[517,17,18,25,24,13,14,79,11,46107,9416,19,20,9,10,15,16,23,12,21,22],"class_list":{"0":"post-177824","1":"post","2":"type-post","3":"status-publish","4":"format-standard","5":"has-post-thumbnail","7":"category-espana","8":"tag-actualidad","9":"tag-breaking-news","10":"tag-breakingnews","11":"tag-es","12":"tag-espana","13":"tag-featured-news","14":"tag-featurednews","15":"tag-genocidio","16":"tag-headlines","17":"tag-huelga-general","18":"tag-laboral","19":"tag-latest-news","20":"tag-latestnews","21":"tag-news","22":"tag-noticias","23":"tag-noticias-destacadas","24":"tag-noticiasdestacadas","25":"tag-spain","26":"tag-titulares","27":"tag-ultimas-noticias","28":"tag-ultimasnoticias"},"share_on_mastodon":{"url":"","error":""},"_links":{"self":[{"href":"https:\/\/www.europesays.com\/es\/wp-json\/wp\/v2\/posts\/177824","targetHints":{"allow":["GET"]}}],"collection":[{"href":"https:\/\/www.europesays.com\/es\/wp-json\/wp\/v2\/posts"}],"about":[{"href":"https:\/\/www.europesays.com\/es\/wp-json\/wp\/v2\/types\/post"}],"author":[{"embeddable":true,"href":"https:\/\/www.europesays.com\/es\/wp-json\/wp\/v2\/users\/2"}],"replies":[{"embeddable":true,"href":"https:\/\/www.europesays.com\/es\/wp-json\/wp\/v2\/comments?post=177824"}],"version-history":[{"count":0,"href":"https:\/\/www.europesays.com\/es\/wp-json\/wp\/v2\/posts\/177824\/revisions"}],"wp:featuredmedia":[{"embeddable":true,"href":"https:\/\/www.europesays.com\/es\/wp-json\/wp\/v2\/media\/177825"}],"wp:attachment":[{"href":"https:\/\/www.europesays.com\/es\/wp-json\/wp\/v2\/media?parent=177824"}],"wp:term":[{"taxonomy":"category","embeddable":true,"href":"https:\/\/www.europesays.com\/es\/wp-json\/wp\/v2\/categories?post=177824"},{"taxonomy":"post_tag","embeddable":true,"href":"https:\/\/www.europesays.com\/es\/wp-json\/wp\/v2\/tags?post=177824"}],"curies":[{"name":"wp","href":"https:\/\/api.w.org\/{rel}","templated":true}]}}