{"id":177826,"date":"2025-10-15T06:39:37","date_gmt":"2025-10-15T06:39:37","guid":{"rendered":"https:\/\/www.europesays.com\/es\/177826\/"},"modified":"2025-10-15T06:39:37","modified_gmt":"2025-10-15T06:39:37","slug":"oscar-puente-denuncia-el-colapso-del-metro-de-madrid-con-una-foto-del-de-paris","status":"publish","type":"post","link":"https:\/\/www.europesays.com\/es\/177826\/","title":{"rendered":"\u00d3scar Puente denuncia el colapso del metro de Madrid con una foto del de Par\u00eds"},"content":{"rendered":"<p>El ministro de Transportes, <a href=\"https:\/\/theobjective.com\/etiqueta\/oscar-puente\/\" rel=\"nofollow noopener\" target=\"_blank\">\u00d3scar Puente<\/a>, ha vuelto a usar su perfil de X como herramienta pol\u00edtica para arremeter contra la gesti\u00f3n de la Comunidad de Madrid en los servicios del <a href=\"https:\/\/theobjective.com\/etiqueta\/transporte-publico\/\" rel=\"nofollow noopener\" target=\"_blank\">transporte p\u00fablico.<\/a> En concreto, ha  respondido a unas incidencias en la ma\u00f1ana de este martes, pero ha <strong>usado una foto del metro de <a href=\"https:\/\/theobjective.com\/etiqueta\/paris\/\" rel=\"nofollow noopener\" target=\"_blank\">Par\u00eds<\/a>. <\/strong><\/p>\n<p>Puente pretend\u00eda usar la foto para ilustrar que la circulaci\u00f3n segu\u00eda sin estar restablecida en Madrid, acompa\u00f1ando a un ir\u00f3nico \u00ab<strong>circulaci\u00f3n normalizada en metro de Madrid<\/strong>\u00bb. Pero la foto que ha usado no era de la capital espa\u00f1ola, sino del metro de Par\u00eds en hora punta. <\/p>\n<p>La foto mostraba un pasillo lleno de viajeros, pero los usuarios de X no han tardado en darse cuenta de que no era una estaci\u00f3n de Madrid y se lo han hecho saber al ministro. \u00abVaya ministro que pone una foto que\u00a0no es ni actual, ni Madrid\u00bb, <strong>\u00ab\u00d3scar Bulo Puente.\u00a0<\/strong>Oc\u00fapate de lo tuyo, que bastante tienes encima y es por\u00a0lo que te pagamos,\u00a0pesado con el metro de Madrid\u00bb, han sido algunas de las respuestas. <\/p>\n<p>Tras el revuelo provocado, Puente ha decidido borrar el mensaje, aunque ya eran muchos los usuarios que le hab\u00edan hecho captura. El consejero delegado de Metro de Madrid, Ignacio V\u00e1zquez Casavilla, ha sido uno de los primeros en reaccionar al borrado: \u00abAl ministro @oscar_puente_ <strong>se le ha ca\u00eddo esto<\/strong>\u00bb, junto a lo que ha adjuntado la imagen del mensaje borrado. La presidenta madrile\u00f1a, Isabel D\u00edaz Ayuso, tambi\u00e9n se ha hecho eco del error en su cuenta oficial.<\/p>\n<p>El uso de X como plataforma para lanzar mensajes cr\u00edticos contra sus adversarios pol\u00edticos es ya una se\u00f1a de identidad del ministro de Transportes y, adem\u00e1s, esto le ha llevado a protagonizar<strong> varios enfrentamientos. <\/strong>Algunos ejemplos han sido durante los incendios de este verano o tras la alerta roja en la Comunidad Valenciana por el temporal.<\/p>\n","protected":false},"excerpt":{"rendered":"El ministro de Transportes, \u00d3scar Puente, ha vuelto a usar su perfil de X como herramienta pol\u00edtica para&hellip;\n","protected":false},"author":2,"featured_media":177827,"comment_status":"","ping_status":"","sticky":false,"template":"","format":"standard","meta":{"footnotes":""},"categories":[5],"tags":[17,18,25,24,13,14,11,13345,19,20,50831,9,10,15,16,26331,23,12,50832,4887,21,22],"class_list":{"0":"post-177826","1":"post","2":"type-post","3":"status-publish","4":"format-standard","5":"has-post-thumbnail","7":"category-titulares","8":"tag-breaking-news","9":"tag-breakingnews","10":"tag-es","11":"tag-espana","12":"tag-featured-news","13":"tag-featurednews","14":"tag-headlines","15":"tag-isabel-du00edaz-ayuso","16":"tag-latest-news","17":"tag-latestnews","18":"tag-metro-de-madrid","19":"tag-news","20":"tag-noticias","21":"tag-noticias-destacadas","22":"tag-noticiasdestacadas","23":"tag-paru00eds","24":"tag-spain","25":"tag-titulares","26":"tag-transporte-pu00fablico","27":"tag-u00d3scar-puente","28":"tag-ultimas-noticias","29":"tag-ultimasnoticias"},"share_on_mastodon":{"url":"","error":""},"_links":{"self":[{"href":"https:\/\/www.europesays.com\/es\/wp-json\/wp\/v2\/posts\/177826","targetHints":{"allow":["GET"]}}],"collection":[{"href":"https:\/\/www.europesays.com\/es\/wp-json\/wp\/v2\/posts"}],"about":[{"href":"https:\/\/www.europesays.com\/es\/wp-json\/wp\/v2\/types\/post"}],"author":[{"embeddable":true,"href":"https:\/\/www.europesays.com\/es\/wp-json\/wp\/v2\/users\/2"}],"replies":[{"embeddable":true,"href":"https:\/\/www.europesays.com\/es\/wp-json\/wp\/v2\/comments?post=177826"}],"version-history":[{"count":0,"href":"https:\/\/www.europesays.com\/es\/wp-json\/wp\/v2\/posts\/177826\/revisions"}],"wp:featuredmedia":[{"embeddable":true,"href":"https:\/\/www.europesays.com\/es\/wp-json\/wp\/v2\/media\/177827"}],"wp:attachment":[{"href":"https:\/\/www.europesays.com\/es\/wp-json\/wp\/v2\/media?parent=177826"}],"wp:term":[{"taxonomy":"category","embeddable":true,"href":"https:\/\/www.europesays.com\/es\/wp-json\/wp\/v2\/categories?post=177826"},{"taxonomy":"post_tag","embeddable":true,"href":"https:\/\/www.europesays.com\/es\/wp-json\/wp\/v2\/tags?post=177826"}],"curies":[{"name":"wp","href":"https:\/\/api.w.org\/{rel}","templated":true}]}}