{"id":177830,"date":"2025-10-15T06:42:10","date_gmt":"2025-10-15T06:42:10","guid":{"rendered":"https:\/\/www.europesays.com\/es\/177830\/"},"modified":"2025-10-15T06:42:10","modified_gmt":"2025-10-15T06:42:10","slug":"la-ufc-activa-el-plan-topuria-para-estrenar-su-acuerdo-de-7-700-millones-de-dolares","status":"publish","type":"post","link":"https:\/\/www.europesays.com\/es\/177830\/","title":{"rendered":"La UFC &#8216;activa&#8217; el plan Topuria para estrenar su acuerdo de 7.700 millones de d\u00f3lares"},"content":{"rendered":"<p class=\"ft-text\"><strong>La <\/strong><a class=\"ft-link ft-link--decoration\" href=\"https:\/\/www.sport.es\/es\/ufc\/\" rel=\"nofollow noopener\" target=\"_blank\"><strong>UFC <\/strong><\/a><strong>tendr\u00e1 nueva casa a partir de enero de 2026.<\/strong> La mayor liga de artes marciales mixtas del planeta y una de las competiciones m\u00e1s seguidas del mundo <strong>cerr\u00f3 un acuerdo hist\u00f3rico con Paramount+<\/strong>, plataforma que <strong>adquirir\u00e1 los derechos de emisi\u00f3n por 7.700 millones de d\u00f3lares<\/strong> durante los pr\u00f3ximos siete a\u00f1os. Este contrato <strong>pone fin a la era de ESPN y los Pay Per View<\/strong>, el modelo que ha dominado el negocio de la promotora durante el \u00faltimo lustro.<\/p>\n<p class=\"ft-text\">Con el nuevo pacto firmado, <strong>la UFC entra en una etapa completamente distinta<\/strong>. Sin las restricciones del formato de pago por visi\u00f3n \u2014que condicionaba el calendario y el n\u00famero de grandes eventos al a\u00f1o\u2014, <strong>Dana White<\/strong> y su equipo directivo trabajan en una <strong>carta de presentaci\u00f3n de impacto global<\/strong> para su flamante socio televisivo.<\/p>\n<p>Paramount quiere los peces gordos<\/p>\n<p class=\"ft-text\"><strong>Paramount+<\/strong>, por su parte, tiene ante s\u00ed el desaf\u00edo de <strong>atraer a nuevos suscriptores y consolidar su base de usuarios<\/strong> a trav\u00e9s del deporte de combate m\u00e1s popular del planeta. El acuerdo contempla la emisi\u00f3n de <strong>43 eventos anuales<\/strong>, divididos en <strong>13 numerados y 30 Fight Nights<\/strong>, todos incluidos dentro de la suscripci\u00f3n mensual. Para cumplir ese ambicioso objetivo, la plataforma <strong>necesita del tir\u00f3n medi\u00e1tico de las grandes estrellas de la UFC<\/strong>, entre ellas <strong>Ilia Topuria, Islam Makhachev, Khamzat Chimaev y Alex Pereira<\/strong>, las cuatro figuras m\u00e1s reconocibles del panorama actual. Con Chimaev y Pereira ya habiendo competido recientemente, y <strong>Makhachev<\/strong> programado para noviembre, <strong>solo queda una gran carta por jugar: Ilia Topuria.<\/strong><\/p>\n<p>Dana White quiere a Topuria en LA<\/p>\n<p class=\"ft-text\">El hispanogeorgiano, actual campe\u00f3n del peso ligero y n\u00famero uno del r\u00e1nking libra por libra, <strong>es la gran apuesta de la UFC y Paramount para inaugurar esta nueva era televisiva.<\/strong> As\u00ed lo han confirmado varias fuentes cercanas a la compa\u00f1\u00eda, entre ellas <strong>ABC<\/strong>, y el propio <strong>Dana White<\/strong> no esquiv\u00f3 el tema en su \u00faltima comparecencia tras el programa <strong>DWCS<\/strong>.<\/p>\n<p class=\"ft-text\">\u201cEl matchmaking fue hoy. Hemos empezado a trabajar en ese cartel de Paramount\u201d, adelant\u00f3 White antes de que le preguntaran directamente si <strong>Topuria<\/strong> podr\u00eda encabezar el evento inaugural. Su respuesta fue tan breve como reveladora: <strong>\u201cEs una posibilidad.\u201d<\/strong><\/p>\n<p class=\"ft-text\">Todo apunta a que ese estreno tendr\u00e1 lugar en <strong>Los \u00c1ngeles<\/strong>, concretamente en el <strong>Crypto.com Arena<\/strong>, el imponente feudo de los <strong>LA Clippers<\/strong> de la NBA, que ya alberg\u00f3 el <strong>UFC 313<\/strong> a comienzos de 2024. El recinto y la fecha encajan a la perfecci\u00f3n con lo que se perfila como el <strong>UFC 324<\/strong>, la primera gran gala de la nueva etapa en Paramount+. De cumplirse los plazos, <strong>Topuria<\/strong> defender\u00eda all\u00ed por primera vez el cintur\u00f3n del peso ligero que conquist\u00f3 en junio ante <strong>Charles Oliveira<\/strong>.<\/p>\n<p>El calendario del &#8216;Matador&#8217;<\/p>\n<p class=\"ft-text\">El propio <strong>Ilia<\/strong> expres\u00f3 tras aquella victoria su deseo de <strong>volver al oct\u00e1gono antes de terminar 2025<\/strong>, aunque esa posibilidad se desvaneci\u00f3 con el anuncio de <a class=\"ft-link ft-link--decoration\" href=\"https:\/\/www.sport.es\/es\/noticias\/ufc\/aleksandre-topuria-regreso-ufc-22-121203818\" rel=\"nofollow noopener\" target=\"_blank\">que su hermano Aleksandre formar\u00e1 parte del UFC Qatar del 22 de noviembre. <\/a>Adem\u00e1s, la compa\u00f1\u00eda ya confirm\u00f3 que el \u00faltimo evento numerado del a\u00f1o, en diciembre, ser\u00e1 <strong>el cierre de la era ESPN<\/strong>, encabezado por <strong>Merab Dvalishvili y Petr Yan<\/strong> en disputa del t\u00edtulo del peso gallo.<\/p>\n<p><img decoding=\"async\" src=\"https:\/\/www.europesays.com\/es\/wp-content\/uploads\/2025\/10\/c62f3786-adad-45c4-bbb9-eaefba2c5698_alta-libre-aspect-ratio_default_0.jpg\" width=\"1200\" height=\"675\" alt=\"Topuria, antes del combate ante Oliveira\" class=\"ft-helper-img-rd\" loading=\"lazy\" hasdataaida=\"true\"\/><\/p>\n<p class=\"ft-helper-fontColor-quaternary ft-helper-fontSize-body-S ft-helper-spacer-t-xxs\">Topuria, antes del combate ante Oliveira  \/ Ronda Churchill<\/p>\n<p class=\"ft-text\">Con todo ello, <strong>el calendario de la UFC parece empujar al \u2018Matador\u2019 hacia enero o marzo<\/strong> como fechas probables para su retorno. En caso de no concretarse el estreno angelino, el campe\u00f3n podr\u00eda encabezar el <strong>UFC 326 en Las Vegas<\/strong>, la capital mundial de los deportes de combate y territorio donde Topuria se mueve como pez en el agua.<\/p>\n<p class=\"ft-text\">Aun as\u00ed, <strong>la presi\u00f3n de Paramount y la necesidad de debutar por todo lo alto inclinan la balanza hacia enero<\/strong>, cuando Dana White planea <strong>abrir la nueva era medi\u00e1tica de la UFC<\/strong> con su figura m\u00e1s medi\u00e1tica y rentable: <strong>Ilia Topuria<\/strong>, el hombre llamado a liderar el futuro de la compa\u00f1\u00eda.<\/p>\n","protected":false},"excerpt":{"rendered":"La UFC tendr\u00e1 nueva casa a partir de enero de 2026. La mayor liga de artes marciales mixtas&hellip;\n","protected":false},"author":2,"featured_media":177831,"comment_status":"","ping_status":"","sticky":false,"template":"","format":"standard","meta":{"footnotes":""},"categories":[276],"tags":[168,25,24,743,23,167,348,343],"class_list":{"0":"post-177830","1":"post","2":"type-post","3":"status-publish","4":"format-standard","5":"has-post-thumbnail","7":"category-ufc","8":"tag-deportes","9":"tag-es","10":"tag-espana","11":"tag-mma","12":"tag-spain","13":"tag-sports","14":"tag-topuria","15":"tag-ufc"},"share_on_mastodon":{"url":"","error":""},"_links":{"self":[{"href":"https:\/\/www.europesays.com\/es\/wp-json\/wp\/v2\/posts\/177830","targetHints":{"allow":["GET"]}}],"collection":[{"href":"https:\/\/www.europesays.com\/es\/wp-json\/wp\/v2\/posts"}],"about":[{"href":"https:\/\/www.europesays.com\/es\/wp-json\/wp\/v2\/types\/post"}],"author":[{"embeddable":true,"href":"https:\/\/www.europesays.com\/es\/wp-json\/wp\/v2\/users\/2"}],"replies":[{"embeddable":true,"href":"https:\/\/www.europesays.com\/es\/wp-json\/wp\/v2\/comments?post=177830"}],"version-history":[{"count":0,"href":"https:\/\/www.europesays.com\/es\/wp-json\/wp\/v2\/posts\/177830\/revisions"}],"wp:featuredmedia":[{"embeddable":true,"href":"https:\/\/www.europesays.com\/es\/wp-json\/wp\/v2\/media\/177831"}],"wp:attachment":[{"href":"https:\/\/www.europesays.com\/es\/wp-json\/wp\/v2\/media?parent=177830"}],"wp:term":[{"taxonomy":"category","embeddable":true,"href":"https:\/\/www.europesays.com\/es\/wp-json\/wp\/v2\/categories?post=177830"},{"taxonomy":"post_tag","embeddable":true,"href":"https:\/\/www.europesays.com\/es\/wp-json\/wp\/v2\/tags?post=177830"}],"curies":[{"name":"wp","href":"https:\/\/api.w.org\/{rel}","templated":true}]}}