{"id":177834,"date":"2025-10-15T06:46:12","date_gmt":"2025-10-15T06:46:12","guid":{"rendered":"https:\/\/www.europesays.com\/es\/177834\/"},"modified":"2025-10-15T06:46:12","modified_gmt":"2025-10-15T06:46:12","slug":"gran-premio-de-mexico-busca-relacion-a-largo-plazo-con-la-formula-1","status":"publish","type":"post","link":"https:\/\/www.europesays.com\/es\/177834\/","title":{"rendered":"Gran Premio de M\u00e9xico busca relaci\u00f3n a largo plazo con la F\u00f3rmula 1"},"content":{"rendered":"<p class=\"mb-4 text-lg md:leading-8 break-words\">CIUDAD DE M\u00c9XICO, octubre 14 (EL UNIVERSAL).- Desde su regreso al calendario de la F\u00f3rmula 1 en 2015, el Gran Premio de M\u00e9xico se ha consagrado como uno de los mejores eventos deportivos del mundo, y para fortuna de los amantes del automovilismo en el pa\u00eds, la adrenalina de la m\u00e1xima categor\u00eda del deporte motor est\u00e1 garantizada por tres a\u00f1os m\u00e1s.<\/p>\n<p class=\"mb-4 text-lg md:leading-8 break-words\">Federico Gonz\u00e1lez Compe\u00e1n, director general del Gran Premio de M\u00e9xico, confirm\u00f3 la presencia del Gran Circo en el pa\u00eds hasta 2028, y revel\u00f3 los detalles de la negociaci\u00f3n con la F\u00f3rmula 1 para alargar la relaci\u00f3n.<\/p>\n<p class=\"mb-4 text-lg md:leading-8 break-words\">\u00abSeguimos trabajando a\u00f1o con a\u00f1o para firmar a largo plazo, hay condiciones como decir que la F\u00f3rmula 1 ya tiene un calendario programado y van viendo otras alternativas. Cuando se habla de renovaci\u00f3n, a veces hablan de otras fechas y ah\u00ed no nos empieza a gustar\u00bb, confes\u00f3 Compe\u00e1n en la antesala del d\u00e9cimo aniversario del regreso del Gran Premio de M\u00e9xico.<\/p>\n<p class=\"mb-4 text-lg md:leading-8 break-words\">Este a\u00f1o, la carrera ser\u00e1 el 26 de octubre, previo a otra fecha importante en el pa\u00eds como el D\u00eda de Muertos. Estar pegados a la tradicional festividad mexicana, es una decisi\u00f3n estrat\u00e9gica que refleja sus \u00e9xitos en la derrama econ\u00f3mica que beneficia a la capital. En 2024, las ganancias fueron por 19 mil 550 millones 821 mil pesos.<\/p>\n<p class=\"mb-4 text-lg md:leading-8 break-words\">\u00abPor eso vamos de a poco, ellos respetan la fecha que nosotros queremos, que coincide con el D\u00eda de Muertos, sea anterior o posterior y ah\u00ed es donde nos gusta. Vamos despacito porque adem\u00e1s le sirve mucho a la derrama en la ciudad; ellos (gobierno de la ciudad) nos hablan que son los dos fines de semana de mayor ocupaci\u00f3n en la capital por la F\u00f3rmula 1 que es antes y despu\u00e9s por el D\u00eda de Muertos\u00bb, agreg\u00f3.<\/p>\n<p class=\"mb-4 text-lg md:leading-8 break-words\">El GP de M\u00e9xico recibi\u00f3 el galard\u00f3n de la FIA al mejor Gran Premio del a\u00f1o por cinco a\u00f1os consecutivos entre 2015 y 2019. Este \u00faltimo a\u00f1o, gan\u00f3 el premio a Mejor Show de Apertura y Clausura de la temporada.<\/p>\n<p class=\"mb-4 text-lg md:leading-8 break-words\">\u00abEse es el otro prop\u00f3sito del Gran Premio, no solo es lo deportivo, tenemos muy claro que este evento tiene que hablar de lo bien que hacemos las cosas los mexicanos y de todo lo bueno que pasa en M\u00e9xico y la derrama que significa para esta gran ciudad\u00bb, concluy\u00f3 Gonz\u00e1lez Compe\u00e1n.<\/p>\n","protected":false},"excerpt":{"rendered":"CIUDAD DE M\u00c9XICO, octubre 14 (EL UNIVERSAL).- Desde su regreso al calendario de la F\u00f3rmula 1 en 2015,&hellip;\n","protected":false},"author":2,"featured_media":177835,"comment_status":"","ping_status":"","sticky":false,"template":"","format":"standard","meta":{"footnotes":""},"categories":[270],"tags":[168,50833,25,24,306,37861,271,272,50834,469,1906,50835,23,167],"class_list":{"0":"post-177834","1":"post","2":"type-post","3":"status-publish","4":"format-standard","5":"has-post-thumbnail","7":"category-formula-1","8":"tag-deportes","9":"tag-el-dia-de-muertos","10":"tag-es","11":"tag-espana","12":"tag-f1","13":"tag-federico-gonzalez-compean","14":"tag-formula-1","15":"tag-formula1","16":"tag-gobierno-de-la-ciudad","17":"tag-la-formula","18":"tag-mexico","19":"tag-que-pasa-en-mexico","20":"tag-spain","21":"tag-sports"},"share_on_mastodon":{"url":"","error":""},"_links":{"self":[{"href":"https:\/\/www.europesays.com\/es\/wp-json\/wp\/v2\/posts\/177834","targetHints":{"allow":["GET"]}}],"collection":[{"href":"https:\/\/www.europesays.com\/es\/wp-json\/wp\/v2\/posts"}],"about":[{"href":"https:\/\/www.europesays.com\/es\/wp-json\/wp\/v2\/types\/post"}],"author":[{"embeddable":true,"href":"https:\/\/www.europesays.com\/es\/wp-json\/wp\/v2\/users\/2"}],"replies":[{"embeddable":true,"href":"https:\/\/www.europesays.com\/es\/wp-json\/wp\/v2\/comments?post=177834"}],"version-history":[{"count":0,"href":"https:\/\/www.europesays.com\/es\/wp-json\/wp\/v2\/posts\/177834\/revisions"}],"wp:featuredmedia":[{"embeddable":true,"href":"https:\/\/www.europesays.com\/es\/wp-json\/wp\/v2\/media\/177835"}],"wp:attachment":[{"href":"https:\/\/www.europesays.com\/es\/wp-json\/wp\/v2\/media?parent=177834"}],"wp:term":[{"taxonomy":"category","embeddable":true,"href":"https:\/\/www.europesays.com\/es\/wp-json\/wp\/v2\/categories?post=177834"},{"taxonomy":"post_tag","embeddable":true,"href":"https:\/\/www.europesays.com\/es\/wp-json\/wp\/v2\/tags?post=177834"}],"curies":[{"name":"wp","href":"https:\/\/api.w.org\/{rel}","templated":true}]}}