{"id":177842,"date":"2025-10-15T06:52:14","date_gmt":"2025-10-15T06:52:14","guid":{"rendered":"https:\/\/www.europesays.com\/es\/177842\/"},"modified":"2025-10-15T06:52:14","modified_gmt":"2025-10-15T06:52:14","slug":"las-adaptaciones-de-novelas-espanolas-superventas-que-estan-al-caer","status":"publish","type":"post","link":"https:\/\/www.europesays.com\/es\/177842\/","title":{"rendered":"las adaptaciones de novelas espa\u00f1olas superventas que est\u00e1n al caer"},"content":{"rendered":"<p class=\"c-paragraph\">Es un viaje<b> cada vez m\u00e1s frecuente, casi natural<\/b>, el que hacen las novelas de las p\u00e1ginas de papel a la pantalla audiovisual. Las productoras de cine y televisi\u00f3n <b>encuentran en algunos libros atractivas historias<\/b> con tramas y personajes ya desarrollados, listos para cobrar vida.<\/p>\n<p class=\"c-paragraph\">\u00a0La popularidad de ciertos t\u00edtulos garantiza, en algunos casos, una audiencia desde el inicio. <b>Estas son las pr\u00f3ximas adaptaciones de novelas espa\u00f1olas <\/b>que, en formato pel\u00edcula o serie, llegar\u00e1n a los cines y las plataformas.<\/p>\n<ul>\n<li class=\"c-picture__list__item\"><a><img decoding=\"async\" loading=\"lazy\" alt=\"'Culpa nuestra'\" width=\"990\" height=\"556\" src=\"https:\/\/www.europesays.com\/es\/wp-content\/uploads\/2025\/10\/68c190349ab92.jpeg\"\/><\/a><\/li>\n<\/ul>\n<ul>\n<li class=\"c-picture__list__item\"><a><img decoding=\"async\" loading=\"lazy\" alt=\"'Las hijas de la criada'\" width=\"990\" height=\"556\" src=\"https:\/\/www.europesays.com\/es\/wp-content\/uploads\/2025\/10\/68ed0fe63eecf.jpeg\"\/><\/a>\n<p>El pr\u00f3ximo 30 de noviemre, la adaptaci\u00f3n de la novela hom\u00f3nima de Sonsoles \u00d3nega, convertida en la m\u00e1s vendida de 2023 y ganadora del Premio Planeta, llegar\u00e1 a la pantalla en formato de serie de la mano de Atresplayer. Ver\u00f3nica S\u00e1nchez, Carlota Bar\u00f3 y Alain Hern\u00e1ndez protagonizan esta ficci\u00f3n de ocho cap\u00edtulos, un drama ambientado a principios del siglo XX que ofrece un retrato de la \u00e9poca a trav\u00e9s de la saga familiar de los Vald\u00e9s. La trama se sit\u00faa en un pazo gallego y en una Cuba de pasado colonial, y aborda temas como los amores prohibidos, las traiciones o la lucha de clases.<\/p>\n<\/li>\n<\/ul>\n<ul>\n<li class=\"c-picture__list__item\"><a><img decoding=\"async\" loading=\"lazy\" alt=\"'El libro negro de las horas'\" width=\"990\" height=\"556\" src=\"https:\/\/www.europesays.com\/es\/wp-content\/uploads\/2025\/10\/68ed174af1411.jpeg\"\/><\/a><\/li>\n<\/ul>\n<ul>\n<li class=\"c-picture__list__item\"><a><img decoding=\"async\" loading=\"lazy\" alt=\"'Todo lo que nunca fuimos'\" width=\"990\" height=\"556\" src=\"https:\/\/www.europesays.com\/es\/wp-content\/uploads\/2025\/10\/68ed1137b5f28.jpeg\"\/><\/a><\/li>\n<\/ul>\n<ul>\n<li class=\"c-picture__list__item\"><a><img decoding=\"async\" loading=\"lazy\" alt=\"'El mapa de los anhelos'\" width=\"990\" height=\"556\" src=\"https:\/\/www.europesays.com\/es\/wp-content\/uploads\/2025\/10\/68ed119cd7ddf.jpeg\"\/><\/a>\n<p>Alicia Falc\u00f3, Georgina Amor\u00f3s y Pablo \u00c1lvarez son el tr\u00edo protagonista de esta nueva miniserie de Netflix, basada en la novela de \u00e9xito de Alice Kellen, en pleno rodaje. La ficci\u00f3n narra la historia de Greta (Alicia Falc\u00f3), que asegura haber nacido con el prop\u00f3sito de salvar a su hermana Lucy (Georgina Amor\u00f3s), que padece leucemia, a trav\u00e9s de sus c\u00e9lulas madre. Sin embargo, los acontecimientos toman un giro inesperado y Lucy fallece, dejando a Greta con un profundo vac\u00edo existencial.<\/p>\n<\/li>\n<\/ul>\n<ul>\n<li class=\"c-picture__list__item\"><a><img decoding=\"async\" loading=\"lazy\" alt=\"'Sira'\" width=\"990\" height=\"556\" src=\"https:\/\/www.europesays.com\/es\/wp-content\/uploads\/2025\/10\/68ed1244cce99.jpeg\"\/><\/a><\/li>\n<\/ul>\n<ul>\n<li class=\"c-picture__list__item\"><a><img decoding=\"async\" loading=\"lazy\" alt=\"'Apocalipsis Z'\" width=\"990\" height=\"556\" src=\"https:\/\/www.europesays.com\/es\/wp-content\/uploads\/2025\/10\/68ed14220c16d.jpeg\"\/><\/a><\/li>\n<\/ul>\n<ul>\n<li class=\"c-picture__list__item\"><a><img decoding=\"async\" loading=\"lazy\" alt=\"'\u00bfA qu\u00e9 est\u00e1s esperando?'\" width=\"990\" height=\"556\" src=\"https:\/\/www.europesays.com\/es\/wp-content\/uploads\/2025\/10\/68ed13570a81e.jpeg\"\/><\/a><\/li>\n<\/ul>\n<ul>\n<li class=\"c-picture__list__item\"><a><img decoding=\"async\" loading=\"lazy\" alt=\"'Ciudad de sombras'\" width=\"990\" height=\"556\" src=\"https:\/\/www.europesays.com\/es\/wp-content\/uploads\/2025\/10\/68ed13e56201e.jpeg\"\/><\/a><\/li>\n<\/ul>\n","protected":false},"excerpt":{"rendered":"Es un viaje cada vez m\u00e1s frecuente, casi natural, el que hacen las novelas de las p\u00e1ginas de&hellip;\n","protected":false},"author":2,"featured_media":177843,"comment_status":"","ping_status":"","sticky":false,"template":"","format":"standard","meta":{"footnotes":""},"categories":[171],"tags":[1643,16395,146,147,25,24,1642,4207,13760,23,214],"class_list":{"0":"post-177842","1":"post","2":"type-post","3":"status-publish","4":"format-standard","5":"has-post-thumbnail","7":"category-tv","8":"tag-criada","9":"tag-culpa","10":"tag-entertainment","11":"tag-entretenimiento","12":"tag-es","13":"tag-espana","14":"tag-hijas","15":"tag-las","16":"tag-nuestra","17":"tag-spain","18":"tag-tv"},"share_on_mastodon":{"url":"","error":""},"_links":{"self":[{"href":"https:\/\/www.europesays.com\/es\/wp-json\/wp\/v2\/posts\/177842","targetHints":{"allow":["GET"]}}],"collection":[{"href":"https:\/\/www.europesays.com\/es\/wp-json\/wp\/v2\/posts"}],"about":[{"href":"https:\/\/www.europesays.com\/es\/wp-json\/wp\/v2\/types\/post"}],"author":[{"embeddable":true,"href":"https:\/\/www.europesays.com\/es\/wp-json\/wp\/v2\/users\/2"}],"replies":[{"embeddable":true,"href":"https:\/\/www.europesays.com\/es\/wp-json\/wp\/v2\/comments?post=177842"}],"version-history":[{"count":0,"href":"https:\/\/www.europesays.com\/es\/wp-json\/wp\/v2\/posts\/177842\/revisions"}],"wp:featuredmedia":[{"embeddable":true,"href":"https:\/\/www.europesays.com\/es\/wp-json\/wp\/v2\/media\/177843"}],"wp:attachment":[{"href":"https:\/\/www.europesays.com\/es\/wp-json\/wp\/v2\/media?parent=177842"}],"wp:term":[{"taxonomy":"category","embeddable":true,"href":"https:\/\/www.europesays.com\/es\/wp-json\/wp\/v2\/categories?post=177842"},{"taxonomy":"post_tag","embeddable":true,"href":"https:\/\/www.europesays.com\/es\/wp-json\/wp\/v2\/tags?post=177842"}],"curies":[{"name":"wp","href":"https:\/\/api.w.org\/{rel}","templated":true}]}}