{"id":177864,"date":"2025-10-15T07:08:08","date_gmt":"2025-10-15T07:08:08","guid":{"rendered":"https:\/\/www.europesays.com\/es\/177864\/"},"modified":"2025-10-15T07:08:08","modified_gmt":"2025-10-15T07:08:08","slug":"ruth-moll-no-se-cansa-y-se-hace-con-otro-primero-en-la-copa-de-espana","status":"publish","type":"post","link":"https:\/\/www.europesays.com\/es\/177864\/","title":{"rendered":"Ruth Moll no se cansa y se hace con otro \u2018primero\u2019 en la Copa de Espa\u00f1a"},"content":{"rendered":"<p>La <strong>Copa de Espa\u00f1a 2025<\/strong> celebr\u00f3 en Mar\u00edn su segunda prueba puntuable con el <strong>Ciclocross Internacional XaxanCX<\/strong>, que coron\u00f3 como vencedores a la asturiana Luc\u00eda Gonz\u00e1lez y al c\u00e1ntabro Gonzalo Inguanzo, quienes lideran adem\u00e1s el certamen nacional.<\/p>\n<p>Tambi\u00e9n lo hace la veterana ciutadellenca,<strong> <a href=\"https:\/\/www.menorca.info\/etiqueta\/Ruth+Moll.html?utm_source=Inline-tag&amp;utm_medium=internal\" rel=\"nofollow noopener\" target=\"_blank\">Ruth Moll<\/a> (Oviedo.es), que hizo lo mismo en su categor\u00eda de M\u00e1ster 50<\/strong>,<strong> mostr\u00e1ndose intratable<\/strong>, con un \u2018crono\u2019 final de 0:37:43, batiendo a Noelia Gonz\u00e1lez (El Corneyu CC), con 0:39:28.<\/p>\n<p>El XSM Clube Ciclista fue el encargado de organizar la cita de la clase C2 en Chan de Gag\u00e1n, Mar\u00edn; circuito gallego de 2600 metros que puso a prueba a los 350 participantes en las distintas categor\u00edas.<\/p>\n","protected":false},"excerpt":{"rendered":"La Copa de Espa\u00f1a 2025 celebr\u00f3 en Mar\u00edn su segunda prueba puntuable con el Ciclocross Internacional XaxanCX, que&hellip;\n","protected":false},"author":2,"featured_media":177865,"comment_status":"","ping_status":"","sticky":false,"template":"","format":"standard","meta":{"footnotes":""},"categories":[273],"tags":[313,312,168,25,24,50839,23,167],"class_list":{"0":"post-177864","1":"post","2":"type-post","3":"status-publish","4":"format-standard","5":"has-post-thumbnail","7":"category-ciclismo","8":"tag-ciclismo","9":"tag-cycling","10":"tag-deportes","11":"tag-es","12":"tag-espana","13":"tag-ruth-moll","14":"tag-spain","15":"tag-sports"},"share_on_mastodon":{"url":"","error":""},"_links":{"self":[{"href":"https:\/\/www.europesays.com\/es\/wp-json\/wp\/v2\/posts\/177864","targetHints":{"allow":["GET"]}}],"collection":[{"href":"https:\/\/www.europesays.com\/es\/wp-json\/wp\/v2\/posts"}],"about":[{"href":"https:\/\/www.europesays.com\/es\/wp-json\/wp\/v2\/types\/post"}],"author":[{"embeddable":true,"href":"https:\/\/www.europesays.com\/es\/wp-json\/wp\/v2\/users\/2"}],"replies":[{"embeddable":true,"href":"https:\/\/www.europesays.com\/es\/wp-json\/wp\/v2\/comments?post=177864"}],"version-history":[{"count":0,"href":"https:\/\/www.europesays.com\/es\/wp-json\/wp\/v2\/posts\/177864\/revisions"}],"wp:featuredmedia":[{"embeddable":true,"href":"https:\/\/www.europesays.com\/es\/wp-json\/wp\/v2\/media\/177865"}],"wp:attachment":[{"href":"https:\/\/www.europesays.com\/es\/wp-json\/wp\/v2\/media?parent=177864"}],"wp:term":[{"taxonomy":"category","embeddable":true,"href":"https:\/\/www.europesays.com\/es\/wp-json\/wp\/v2\/categories?post=177864"},{"taxonomy":"post_tag","embeddable":true,"href":"https:\/\/www.europesays.com\/es\/wp-json\/wp\/v2\/tags?post=177864"}],"curies":[{"name":"wp","href":"https:\/\/api.w.org\/{rel}","templated":true}]}}