{"id":177866,"date":"2025-10-15T07:09:07","date_gmt":"2025-10-15T07:09:07","guid":{"rendered":"https:\/\/www.europesays.com\/es\/177866\/"},"modified":"2025-10-15T07:09:07","modified_gmt":"2025-10-15T07:09:07","slug":"con-22-curvas-y-mas-de-5-km-esta-es-la-velocidad-maxima-que-se-podra-alcanzar-en-el-circuito-de-formula-1-madring","status":"publish","type":"post","link":"https:\/\/www.europesays.com\/es\/177866\/","title":{"rendered":"Con 22 curvas y m\u00e1s de 5 km, esta es la velocidad m\u00e1xima que se podr\u00e1 alcanzar en el circuito de F\u00f3rmula 1 &#8216;Madring&#8217;"},"content":{"rendered":"<p class=\"c-paragraph\">El circuito urbano <b>\u2018Madring\u2019<\/b>, que acoger\u00e1 el <b>Gran Premio de Espa\u00f1a de F\u00f3rmula 1 entre 2026 y 2035,<\/b> ya est\u00e1 a la vuelta de la esquina<b\/>. Tras a\u00f1os de dise\u00f1o y permisos, la maquinaria ya ha comenzado a girar. De hecho, <a href=\"https:\/\/www.20minutos.es\/deportes\/deportes_motor\/formula-1\/ayuso-alucina-con-gran-premio-madrid-f1-tras-recaudar-ya-mas-25-millones-euros-entradas-algo-nunca-visto_6372640_0.html\" title=\"Ayuso alucina con el Gran Premio de Madrid de F1 tras recaudar ya &quot;m\u00e1s de 25 millones de euros&quot; en entradas: &quot;Algo nunca visto&quot;\" rel=\"nofollow noopener\" target=\"_blank\">las entradas ya se han lanzado al p\u00fablico general<\/a> y todos esos fan\u00e1ticos que sue\u00f1an con ver a <a href=\"https:\/\/www.20minutos.es\/deportes\/deportes_motor\/formula-1\/max-verstappen-posible-sustituto-fernando-alonso-aston-martin-que-esta-claro-es-que-no-le-queda-mucho-f1_6514676_0.html\" title=\"Max Verstappen, posible sustituto de Fernando Alonso en Aston Martin: &quot;Lo que est\u00e1 claro es que no le queda mucho en la F1&quot;\" rel=\"nofollow noopener\" target=\"_blank\">Alonso<\/a>, <a href=\"https:\/\/www.20minutos.es\/deportes\/deportes_motor\/formula-1\/carlos-sainz-sustituido-williams-gp-estados-unidos-f1_6514978_0.html\" title=\"Carlos Sainz, sustituido por Williams para el GP de Estados Unidos de F\u00f3rmula 1\" rel=\"nofollow noopener\" target=\"_blank\">Sainz <\/a>y el resto de la parrilla corriendo cobre el asfalto madrile\u00f1o.<\/p>\n<p class=\"c-paragraph\">Sobre el circuito ya es de conocimiento p\u00fablico que contar\u00e1 con <b>5,4 kil\u00f3metros de longitud y 22 curvas<\/b>, recordando el dise\u00f1o inicial presentado por los organizadores. En \u00e9l, se integrar\u00e1 <a href=\"https:\/\/www.20minutos.es\/deportes\/asi-monumental-curva-peraltada-madring-mas-larga-mundial-mundial-f1_6401933_0.html\" title=\"As\u00ed ser\u00e1 La Monumental, la curva peraltada de Madring: ser\u00e1 la m\u00e1s larga del mundial del mundial de F1\" rel=\"nofollow noopener\" target=\"_blank\">una curva singular bautizada como <b>\u2018La Monumental\u2019<\/b><\/a>, con un peralte dise\u00f1ado para desafiar a los pilotos, y rectas donde la velocidad alcanza los l\u00edmites de cualquier monoplaza.\u00a0<\/p>\n<p>La velocidad m\u00e1xima que se podr\u00e1 alcanzar en el Madring<\/p>\n<p class=\"c-paragraph\">El trazado se desarrollar\u00e1 en torno a <b>Ifema y Valdebebas<\/b>, con un total de 57 vueltas previstas para la carrera. La recta principal y la primera curva ampliar\u00e1n su anchura a 15 metros, mientras que el resto del circuito mantendr\u00e1 unos 12 metros de ancho<b> para mezclar zonas de alta velocidad con curvas t\u00e9cnicas.<\/b> Pero la verdadera pregunta es \u00bfqu\u00e9 tan r\u00e1pido ser\u00e1 este circuito?\u00a0<\/p>\n<p class=\"c-paragraph\">Para referencia, el circuito m\u00e1s r\u00e1pido de la F\u00f3rmula 1 (hasta 2025, a\u00f1o en el que se corri\u00f3 por \u00faltima vez all\u00ed) se ubica en<b> Monza, Italia.<\/b> Este circuito ha sido denominado <b>&#8216;Temple of Speed&#8217; o &#8216;templo de la velocidad&#8217;. <\/b>All\u00ed, los tiempos de clasificaci\u00f3n suelen alcanzar los 264,4 km\/h de velocidad media en la vuelta y la m\u00e1xima registrada ha llegado a<b> los 357,1 km\/h en el \u201ctop speed\u201d <\/b>(o m\u00e1ximo en los trap de velocidad).<\/p>\n<p class=\"c-paragraph\">En el caso del Madring, la velocidad promedio estimada es de aproximadamente 213 km\/h. Sin embargo,\u00a0en la curva 4, <b>los monoplazas alcanzar\u00e1n la velocidad m\u00e1xima del trazado, con 340 km\/h<\/b>, antes de reducir a 80 km\/h en la curva 5.<\/p>\n<p>La velocidad m\u00e1s alta jam\u00e1s registrada en la F1\u00a0<\/p>\n<p class=\"c-paragraph\">La <b>velocidad m\u00e1s alta jam\u00e1s registrada en la F\u00f3rmula 1<\/b> en condiciones oficiales de carrera es de <b>372,5 km\/h<\/b>, alcanzada por <b>Valtteri Bottas<\/b> durante el Gran Premio de M\u00e9xico de 2016.\u00a0<\/p>\n","protected":false},"excerpt":{"rendered":"El circuito urbano \u2018Madring\u2019, que acoger\u00e1 el Gran Premio de Espa\u00f1a de F\u00f3rmula 1 entre 2026 y 2035,&hellip;\n","protected":false},"author":2,"featured_media":177867,"comment_status":"","ping_status":"","sticky":false,"template":"","format":"standard","meta":{"footnotes":""},"categories":[270],"tags":[307,1558,168,25,24,306,2096,271,272,3100,205,12267,2362,3215,23,167],"class_list":{"0":"post-177866","1":"post","2":"type-post","3":"status-publish","4":"format-standard","5":"has-post-thumbnail","7":"category-formula-1","8":"tag-carlos-sainz","9":"tag-coches","10":"tag-deportes","11":"tag-es","12":"tag-espana","13":"tag-f1","14":"tag-fernando-alonso","15":"tag-formula-1","16":"tag-formula1","17":"tag-ifema","18":"tag-madrid","19":"tag-madring","20":"tag-motor","21":"tag-seo20","22":"tag-spain","23":"tag-sports"},"share_on_mastodon":{"url":"","error":""},"_links":{"self":[{"href":"https:\/\/www.europesays.com\/es\/wp-json\/wp\/v2\/posts\/177866","targetHints":{"allow":["GET"]}}],"collection":[{"href":"https:\/\/www.europesays.com\/es\/wp-json\/wp\/v2\/posts"}],"about":[{"href":"https:\/\/www.europesays.com\/es\/wp-json\/wp\/v2\/types\/post"}],"author":[{"embeddable":true,"href":"https:\/\/www.europesays.com\/es\/wp-json\/wp\/v2\/users\/2"}],"replies":[{"embeddable":true,"href":"https:\/\/www.europesays.com\/es\/wp-json\/wp\/v2\/comments?post=177866"}],"version-history":[{"count":0,"href":"https:\/\/www.europesays.com\/es\/wp-json\/wp\/v2\/posts\/177866\/revisions"}],"wp:featuredmedia":[{"embeddable":true,"href":"https:\/\/www.europesays.com\/es\/wp-json\/wp\/v2\/media\/177867"}],"wp:attachment":[{"href":"https:\/\/www.europesays.com\/es\/wp-json\/wp\/v2\/media?parent=177866"}],"wp:term":[{"taxonomy":"category","embeddable":true,"href":"https:\/\/www.europesays.com\/es\/wp-json\/wp\/v2\/categories?post=177866"},{"taxonomy":"post_tag","embeddable":true,"href":"https:\/\/www.europesays.com\/es\/wp-json\/wp\/v2\/tags?post=177866"}],"curies":[{"name":"wp","href":"https:\/\/api.w.org\/{rel}","templated":true}]}}