{"id":177874,"date":"2025-10-15T07:14:07","date_gmt":"2025-10-15T07:14:07","guid":{"rendered":"https:\/\/www.europesays.com\/es\/177874\/"},"modified":"2025-10-15T07:14:07","modified_gmt":"2025-10-15T07:14:07","slug":"fundacion-unicaja-presenta-una-reedicion-de-sociologia-del-cante-flamenco-de-gerhard-steingress-ocio-y-cultura","status":"publish","type":"post","link":"https:\/\/www.europesays.com\/es\/177874\/","title":{"rendered":"Fundaci\u00f3n Unicaja presenta una reedici\u00f3n de \u2018Sociolog\u00eda del cante flamenco\u2019 de Gerhard Steingress | Ocio y cultura"},"content":{"rendered":"<p class=\"loc\">Sevilla<\/p>\n<p>Fundaci\u00f3n Unicaja presenta el libro \u2018Sociolog\u00eda del cante flamenco\u2019 de Gerhard Steingress el jueves 23 de octubre. El acto tendr\u00e1 lugar a las 19:45 horas en el Espacio Fundaci\u00f3n Unicaja de la Feria del Libro de Sevilla 2025 con entrada libre hasta completar aforo. La obra, reeditada por el Servicio de Publicaciones de la instituci\u00f3n y comentada por la flamenc\u00f3loga y profesora de la Universidad de Granada Elena Galad\u00ed, es un libro que supone una revoluci\u00f3n en los estudios flamenc\u00f3logos, abriendo la puerta a la nueva promoci\u00f3n de investigadores e historiadores que han fijado con mayor rigor cient\u00edfico el origen y la evoluci\u00f3n del arte flamenco.<\/p>\n<p>M\u00e1s informaci\u00f3n<\/p>\n<p>Esta reedici\u00f3n del libro publicado en 2005 aborda c\u00f3mo la investigaci\u00f3n alrededor del flamenco cambi\u00f3 de manera radical a finales de la d\u00e9cada de 1980. Los estudios sociol\u00f3gicos y est\u00e9ticos de Gerhard Steingress contribuyeron a esta transformaci\u00f3n de manera radical. En la actualidad, el flamenco ya se encuentra aceptado como objeto de estudio acad\u00e9mico, ya que a la paulatina profesionalizaci\u00f3n de sus artistas le ha seguido igualmente la de sus estudiosos, ya lejos de la mera afici\u00f3n y de la anterior flamencolog\u00eda, anclada en mistificaciones m\u00e1s o menos interesadas. <\/p>\n<p>La nueva flamencolog\u00eda se basa en informaciones hist\u00f3ricas fiables, en una documentaci\u00f3n escrupulosa y en metodolog\u00edas de mayor rigor. La obra de Steingress fue uno de los primeros trabajos en este sentido, y el primero en lo que a la s\u00edntesis de datos sociohist\u00f3ricos y socioculturales se refiere.<\/p>\n","protected":false},"excerpt":{"rendered":"Sevilla Fundaci\u00f3n Unicaja presenta el libro \u2018Sociolog\u00eda del cante flamenco\u2019 de Gerhard Steingress el jueves 23 de octubre.&hellip;\n","protected":false},"author":2,"featured_media":177875,"comment_status":"","ping_status":"","sticky":false,"template":"","format":"standard","meta":{"footnotes":""},"categories":[172],"tags":[224,146,147,25,24,225,23],"class_list":{"0":"post-177874","1":"post","2":"type-post","3":"status-publish","4":"format-standard","5":"has-post-thumbnail","7":"category-libros","8":"tag-books","9":"tag-entertainment","10":"tag-entretenimiento","11":"tag-es","12":"tag-espana","13":"tag-libros","14":"tag-spain"},"share_on_mastodon":{"url":"","error":""},"_links":{"self":[{"href":"https:\/\/www.europesays.com\/es\/wp-json\/wp\/v2\/posts\/177874","targetHints":{"allow":["GET"]}}],"collection":[{"href":"https:\/\/www.europesays.com\/es\/wp-json\/wp\/v2\/posts"}],"about":[{"href":"https:\/\/www.europesays.com\/es\/wp-json\/wp\/v2\/types\/post"}],"author":[{"embeddable":true,"href":"https:\/\/www.europesays.com\/es\/wp-json\/wp\/v2\/users\/2"}],"replies":[{"embeddable":true,"href":"https:\/\/www.europesays.com\/es\/wp-json\/wp\/v2\/comments?post=177874"}],"version-history":[{"count":0,"href":"https:\/\/www.europesays.com\/es\/wp-json\/wp\/v2\/posts\/177874\/revisions"}],"wp:featuredmedia":[{"embeddable":true,"href":"https:\/\/www.europesays.com\/es\/wp-json\/wp\/v2\/media\/177875"}],"wp:attachment":[{"href":"https:\/\/www.europesays.com\/es\/wp-json\/wp\/v2\/media?parent=177874"}],"wp:term":[{"taxonomy":"category","embeddable":true,"href":"https:\/\/www.europesays.com\/es\/wp-json\/wp\/v2\/categories?post=177874"},{"taxonomy":"post_tag","embeddable":true,"href":"https:\/\/www.europesays.com\/es\/wp-json\/wp\/v2\/tags?post=177874"}],"curies":[{"name":"wp","href":"https:\/\/api.w.org\/{rel}","templated":true}]}}