{"id":177880,"date":"2025-10-15T07:19:09","date_gmt":"2025-10-15T07:19:09","guid":{"rendered":"https:\/\/www.europesays.com\/es\/177880\/"},"modified":"2025-10-15T07:19:09","modified_gmt":"2025-10-15T07:19:09","slug":"canarias-inicia-la-vacunacion-contra-la-gripe-con-prioridad-a-mayores-ninos-y-vulnerables-gomera-verde-2","status":"publish","type":"post","link":"https:\/\/www.europesays.com\/es\/177880\/","title":{"rendered":"Canarias inicia la vacunaci\u00f3n contra la gripe con prioridad a mayores, ni\u00f1os y vulnerables | Gomera Verde"},"content":{"rendered":"<p>\u00a0<\/p>\n<p><img decoding=\"async\" alt=\"[Img #100989]\" class=\"RichTextAlignCenter\" src=\"https:\/\/www.europesays.com\/es\/wp-content\/uploads\/2025\/10\/1760482330_9972_00.jpg\"\/><\/p>\n<p>\u00a0<\/p>\n<p>El director general de Salud P\u00fablica del Servicio Canario de la Salud, Jos\u00e9 D\u00edaz-Flores, ha presentado este martes en rueda de prensa la campa\u00f1a de vacunaci\u00f3n contra la gripe para la temporada 2025-26 acompa\u00f1ado del responsable de la unidad de Vigilancia Epidemiol\u00f3gica y Prevenci\u00f3n, \u00c1lvaro Torres, y del t\u00e9cnico superior del Programa de Vacunas de la Direcci\u00f3n General de Salud P\u00fablica, Abi\u00e1n Montesdeoca.<\/p>\n<p>Los grupos que ya han comenzado a vacunarse son los mayores institucionalizados, los ni\u00f1os menores de seis a\u00f1os en colegios y las personas vulnerables en sus domicilios.<\/p>\n<p>El resto de la poblaci\u00f3n incluida en los grupos de riesgo, como mayores de 60 a\u00f1os, embarazadas, enfermos cr\u00f3nicos, personal sanitario y profesiones esenciales, podr\u00e1 empezar a vacunarse a partir del 16 de octubre, con previsi\u00f3n de cierre el 31 de diciembre, aunque la campa\u00f1a puede extenderse hasta el 31 de marzo, seg\u00fan la evoluci\u00f3n epidemiol\u00f3gica.<\/p>\n<p>Los ciudadanos pueden solicitar cita para vacunarse a trav\u00e9s del 012 o en sus centros de salud.<\/p>\n<p>Como novedad este a\u00f1o se ampl\u00eda la vacunaci\u00f3n infantil, que el a\u00f1o pasado se limitaba al alumnado de centros p\u00fablicos y ahora se extiende tambi\u00e9n a los concertados, con el objetivo de aumentar las coberturas y llegar a los menores de hasta seis a\u00f1os de edad.<\/p>\n<p>Adem\u00e1s, se mantiene la administraci\u00f3n de la vacuna intranasal para los menores de entre dos y seis a\u00f1os, siempre que no presenten inmunodeficiencias.<\/p>\n<p><b>Cifras<\/b><\/p>\n<p>Los responsables de Salud P\u00fablica han destacado que en la primera semana de la campa\u00f1a ya se han vacunado m\u00e1s de 5.000 mayores institucionalizados y m\u00e1s de 4.000 ni\u00f1os.<\/p>\n<p>El objetivo es alcanzar una cobertura superior al 70 por ciento, aunque en los \u00faltimos a\u00f1os no se ha logrado, y superar el 50 por ciento en la poblaci\u00f3n infantil, frente al 38 por ciento registrado el a\u00f1o anterior.<\/p>\n<p>Sanidad estima que en torno a 10.000 mayores institucionalizados ser\u00e1n vacunados, adem\u00e1s de 15.000 a 20.000 personas vulnerables en domicilios.<\/p>\n<p>Para ello, prev\u00e9n administrar unas 270.000 dosis, una cifra ajustada a la demanda real de campa\u00f1as anteriores, con posibilidad de incrementarla si fuera necesario.<\/p>\n<p>Han recordado que la vacuna de la gripe se indica principalmente a los grupos con mayor riesgo de hospitalizaci\u00f3n o complicaciones, como personas mayores, institucionalizadas o con patolog\u00edas cr\u00f3nicas.<\/p>\n<p>Asimismo, han insistido en la importancia de proteger tambi\u00e9n a los beb\u00e9s menores de seis meses vacunando a su entorno familiar, ya que no pueden recibir la vacuna directamente.<\/p>\n<p><b>Vacuna COVID<\/b><\/p>\n<p>Este a\u00f1o se diferencia la campa\u00f1a de COVID y gripe, pues la del primer virus est\u00e1 centrada en mayores de 70 a\u00f1os, personas inmunodeprimidas de m\u00e1s de seis meses de edad y personas institucionalizadas.<\/p>\n<p>En el caso del personal sanitario, la recomendaci\u00f3n se mantiene como medida de autoprotecci\u00f3n.<\/p>\n<p>La variante \u00f3micron contin\u00faa siendo predominante desde finales de 2021 y la mayor\u00eda de la poblaci\u00f3n mantiene cierto nivel de inmunidad, por lo que, seg\u00fan Sanidad, el patr\u00f3n de circulaci\u00f3n del virus difiere del de la gripe, m\u00e1s concentrado entre diciembre y febrero.<\/p>\n<p>Durante la presentaci\u00f3n, los responsables de la Consejer\u00eda insistieron en la necesidad de combatir la \u201cbanalizaci\u00f3n\u201d de la gripe y el \u201chartazgo vacunal\u201d tras la pandemia, al tiempo que recordaron que el 89 por ciento de los hospitalizados por gripe el a\u00f1o pasado no estaban vacunados.<\/p>\n<p><b>Vigilancia epidemiol\u00f3gica<\/b><\/p>\n<p>Actualmente la situaci\u00f3n epidemiol\u00f3gica en Canarias se mantiene estable y sin alcanzar el umbral epid\u00e9mico, con un ligero aumento de las infecciones respiratorias agudas similar al de las mismas semanas de los dos a\u00f1os anteriores, ha detallado el responsable de la unidad de Vigilancia Epidemiol\u00f3gica y Prevenci\u00f3n.<\/p>\n<p>Canarias sigue en el nivel 0 y se prev\u00e9 que el pico de la onda gripal se produzca a mediados de enero, con una duraci\u00f3n media de 12 a 14 semanas.<\/p>\n<p>La vigilancia se realiza semanalmente, tanto en atenci\u00f3n primaria como hospitalaria, identificando gripe, COVID y otros virus respiratorios.<\/p>\n<p>\u00a0<\/p>\n<p>\u00a0<\/p>\n","protected":false},"excerpt":{"rendered":"\u00a0 \u00a0 El director general de Salud P\u00fablica del Servicio Canario de la Salud, Jos\u00e9 D\u00edaz-Flores, ha presentado&hellip;\n","protected":false},"author":2,"featured_media":177190,"comment_status":"","ping_status":"","sticky":false,"template":"","format":"standard","meta":{"footnotes":""},"categories":[92],"tags":[1896,14491,168,25,24,14490,14493,14487,165,14489,14488,10,166,14492,23],"class_list":{"0":"post-177880","1":"post","2":"type-post","3":"status-publish","4":"format-standard","5":"has-post-thumbnail","7":"category-salud","8":"tag-canarias","9":"tag-chacaras","10":"tag-deportes","11":"tag-es","12":"tag-espana","13":"tag-esquelas","14":"tag-folklore","15":"tag-gomeraverde","16":"tag-health","17":"tag-lagomera","18":"tag-necrologicas","19":"tag-noticias","20":"tag-salud","21":"tag-silbo","22":"tag-spain"},"share_on_mastodon":{"url":"","error":""},"_links":{"self":[{"href":"https:\/\/www.europesays.com\/es\/wp-json\/wp\/v2\/posts\/177880","targetHints":{"allow":["GET"]}}],"collection":[{"href":"https:\/\/www.europesays.com\/es\/wp-json\/wp\/v2\/posts"}],"about":[{"href":"https:\/\/www.europesays.com\/es\/wp-json\/wp\/v2\/types\/post"}],"author":[{"embeddable":true,"href":"https:\/\/www.europesays.com\/es\/wp-json\/wp\/v2\/users\/2"}],"replies":[{"embeddable":true,"href":"https:\/\/www.europesays.com\/es\/wp-json\/wp\/v2\/comments?post=177880"}],"version-history":[{"count":0,"href":"https:\/\/www.europesays.com\/es\/wp-json\/wp\/v2\/posts\/177880\/revisions"}],"wp:featuredmedia":[{"embeddable":true,"href":"https:\/\/www.europesays.com\/es\/wp-json\/wp\/v2\/media\/177190"}],"wp:attachment":[{"href":"https:\/\/www.europesays.com\/es\/wp-json\/wp\/v2\/media?parent=177880"}],"wp:term":[{"taxonomy":"category","embeddable":true,"href":"https:\/\/www.europesays.com\/es\/wp-json\/wp\/v2\/categories?post=177880"},{"taxonomy":"post_tag","embeddable":true,"href":"https:\/\/www.europesays.com\/es\/wp-json\/wp\/v2\/tags?post=177880"}],"curies":[{"name":"wp","href":"https:\/\/api.w.org\/{rel}","templated":true}]}}