{"id":177885,"date":"2025-10-15T07:23:09","date_gmt":"2025-10-15T07:23:09","guid":{"rendered":"https:\/\/www.europesays.com\/es\/177885\/"},"modified":"2025-10-15T07:23:09","modified_gmt":"2025-10-15T07:23:09","slug":"sanchez-ha-felicitado-a-otros-ganadores-el-premio-nobel-de-la-paz","status":"publish","type":"post","link":"https:\/\/www.europesays.com\/es\/177885\/","title":{"rendered":"S\u00e1nchez ha felicitado a otros ganadores el Premio Nobel de la Paz"},"content":{"rendered":"<p>En los \u00faltimos d\u00edas, la oposici\u00f3n ha criticado que el Gobierno no haya felicitado a la opositora venezolana <a href=\"https:\/\/www.newtral.es\/bulos-maria-corina-machado\/20251010\/\" rel=\"nofollow noopener\" target=\"_blank\">Mar\u00eda Corina Machado<\/a> por ganar el Premio Nobel de la Paz 2025 el pasado 10 de octubre. Al ser preguntado por esto en Cadena SER, el presidente del Gobierno, Pedro S\u00e1nchez, ha asegurado lo siguiente: \u201cYo es que no me pronuncio sobre los premios nobeles (\u2026), no entro a valorarlo\u201d (<a href=\"https:\/\/www.youtube.com\/live\/yeVws1ya1Vs?si=RYLUD3LaX3xNygvO&amp;t=2205\" rel=\"nofollow noopener\" target=\"_blank\">min. 36:45<\/a>).<\/p>\n<p>Pero es <strong>falso<\/strong>. El socialista ha felicitado por redes sociales a los galardonados hasta en seis ocasiones, tanto en su etapa como l\u00edder de la oposici\u00f3n como ya en la presidencia.\u00a0<\/p>\n<p><strong>Como presidente. <\/strong>S\u00e1nchez asumi\u00f3 la presidencia en <a href=\"https:\/\/boe.es\/boe\/dias\/2018\/06\/02\/pdfs\/BOE-A-2018-7400.pdf\" rel=\"nofollow noopener\" target=\"_blank\">junio de 2018<\/a> y, desde entonces, ha felicitado<strong> <\/strong>tres veces<strong> <\/strong>de forma p\u00fablica y a trav\u00e9s de sus redes a los ganadores del Premio Nobel de la Paz.<\/p>\n<ul class=\"wp-block-list\">\n<li>En octubre de <strong>2018 <\/strong>felicit\u00f3 al m\u00e9dico congole\u00f1o <a href=\"https:\/\/www.nobelprize.org\/prizes\/peace\/2018\/mukwege\/facts\/\" rel=\"nofollow noopener\" target=\"_blank\">Denis Mukwege<\/a> y a la activista iraqu\u00ed <a href=\"https:\/\/www.nobelprize.org\/prizes\/peace\/2018\/murad\/facts\/\" rel=\"nofollow noopener\" target=\"_blank\">Nadia Murad<\/a> compartiendo <a href=\"https:\/\/archive.fo\/FMlvh\" target=\"_blank\" rel=\"noreferrer noopener nofollow\">en X<\/a> la publicaci\u00f3n de la organizaci\u00f3n.<\/li>\n<\/ul>\n<ul class=\"wp-block-list\">\n<li>Un a\u00f1o m\u00e1s tarde, en octubre de <strong>2019<\/strong>, <a href=\"https:\/\/archive.ph\/fnjGu#selection-785.125-785.140\" target=\"_blank\" rel=\"noreferrer noopener nofollow\">volvi\u00f3 a compartir<\/a> la publicaci\u00f3n de la cuenta oficial del Premio Nobel y felicit\u00f3 al ganador, el primer ministro de Etiop\u00eda, Abiy Ahmed Ali. \u201cCongrats\u201d, escribi\u00f3 S\u00e1nchez <a href=\"https:\/\/archive.ph\/fnjGu#selection-619.0-646.0\" rel=\"nofollow noopener\" target=\"_blank\">en X<\/a>.\u00a0<\/li>\n<\/ul>\n<ul class=\"wp-block-list\">\n<li>En <strong>2020<\/strong>, dio la enhorabuena <a href=\"https:\/\/archive.fo\/qgyAE\" target=\"_blank\" rel=\"noreferrer noopener nofollow\">en X<\/a> a los ganadores del Premio Nobel de la Paz, que fueron los miembros del <a href=\"https:\/\/x.com\/WFP\" rel=\"nofollow\">Programa Mundial de Alimentos<\/a>, dependiente de Naciones Unidas.\u00a0<\/li>\n<\/ul>\n<p><strong>Antes de asumir el cargo<\/strong>, S\u00e1nchez tambi\u00e9n dio la enhorabuena a los ganadores del Premio Nobel de la Paz. En redes sociales lo hizo en otras tres ocasiones.\u00a0<\/p>\n<ul class=\"wp-block-list\">\n<li>\u201cMerecido #Nobel de la Paz. Malala y Satyarthi luchadores contra la opresi\u00f3n de ni\u00f1os y j\u00f3venes y defensores del derecho a la educaci\u00f3n\u201d, escribi\u00f3 <a href=\"https:\/\/archive.ph\/yX6GK#selection-619.0-634.0\" rel=\"nofollow noopener\" target=\"_blank\">en X<\/a> <strong>en 2014<\/strong>.\u00a0<\/li>\n<\/ul>\n<ul class=\"wp-block-list\">\n<li>En <strong>2015<\/strong>, dio <a href=\"https:\/\/archive.ph\/5GDvT#selection-619.0-624.0\" rel=\"nofollow noopener\" target=\"_blank\">en redes sociales<\/a> la enhorabuena al Cuarteto para el Di\u00e1logo Nacional Tunecino, ganadores del galard\u00f3n de ese a\u00f1o.\u00a0<\/li>\n<\/ul>\n<ul class=\"wp-block-list\">\n<li>Un a\u00f1o despu\u00e9s, en <strong>2016<\/strong>, escribi\u00f3 en X: \u201cTodo mi cari\u00f1o y reconocimiento al presidente\u00a0Juan Manuel Santos [expresidente de Colombia], galardonado hoy con el Nobel de la Paz. Felicidades\u201d.\u00a0<\/li>\n<\/ul>\n<p><strong>El Gobierno. <\/strong>Tras las cr\u00edticas por parte de la oposici\u00f3n ante la ausencia de felicitaci\u00f3n a Mar\u00eda Corina Machado, fuentes de Moncloa afirmaron este fin de semana que \u201cno siempre felicitamos a todo el mundo\u201d, seg\u00fan recoge <a href=\"https:\/\/www.elconfidencial.com\/espana\/2025-10-11\/gobierno-justifica-corina-nobel-de-la-paz_4226483\/\" rel=\"nofollow noopener\" target=\"_blank\">El Confidencial<\/a>.\u00a0<\/p>\n<ul class=\"wp-block-list\">\n<li><strong>Un apunte<\/strong>. Algunos miembros del PP como <a href=\"https:\/\/archive.fo\/Krrh1\" rel=\"nofollow noopener\" target=\"_blank\">Miguel Tellado<\/a> han afirmado que S\u00e1nchez dijo que \u201cnunca\u201d hab\u00eda felicitado a un Premio Nobel. Sin embargo, el socialista no dice \u201cnunca\u201d, sino que es la periodista \u00c0ngels Barcel\u00f3 quien le pregunta utilizando esa palabra.\u00a0<\/li>\n<\/ul>\n<p><strong>Otros premios. <\/strong>Con una b\u00fasqueda de las publicaciones en X de S\u00e1nchez, hemos encontrado otra felicitaci\u00f3n del presidente a una ganadora del Premio Nobel, en este caso, de Literatura. Dio la enhorabuena <a href=\"https:\/\/x.com\/sanchezcastejon\/status\/652094208787021825\" rel=\"nofollow\">en 2015 <\/a>a la escritora y periodista Svetlana Alexievich.\u00a0<\/p>\n<p><strong>Sin respuesta. <\/strong>Desde Newtral.es hemos preguntado al equipo de Presidencia por las declaraciones de Pedro S\u00e1nchez sobre el Premio Nobel de la Paz. Por el momento, no hemos obtenido respuesta.<\/p>\n<p class=\"factchecks-methodology-block-text mb-4\">\n        Esta es nuestra metodolog\u00eda de trabajo. Despu\u00e9s del proceso de verificaci\u00f3n, y en funci\u00f3n de los datos, otorgamos una de estas categor\u00edas:\n    <\/p>\n<p>        <img loading=\"lazy\" decoding=\"async\" src=\"data:image\/svg+xml;base64,PHN2ZyB3aWR0aD0iMzciIGhlaWdodD0iMzYiIGNsYXNzPSJzdmctZmFsc2UiIHhtbG5zPSJodHRwOi8vd3d3LnczLm9yZy8yMDAwL3N2ZyIgZmlsbD0ibm9uZSIgdmlld0JveD0iMCAwIDQ4IDQ4Ij48Y2lyY2xlIGN4PSIyNCIgY3k9IjI0IiByPSIyNCIgZmlsbD0iI0Y1NDI0MiI+PC9jaXJjbGU+PGNpcmNsZSBjeD0iMjQiIGN5PSIyNCIgcj0iMjMiIHN0cm9rZT0iIzAwMCIgc3Ryb2tlLW9wYWNpdHk9Ii4wNSIgc3Ryb2tlLXdpZHRoPSIyIj48L2NpcmNsZT48cGF0aCBjbGFzcz0iZmlsbC1jb2xvci1pY29uIiBmaWxsPSIjZmZmIiBmaWxsLXJ1bGU9ImV2ZW5vZGQiIGQ9Im0yOS40MzcgMjQtNC40MzUgNC40MzYgMy41NjIgMy41NjIgNC40MzUtNC40MzVMMzcuNDM2IDMybDMuNTYyLTMuNTYyTDM2LjU2MSAyNCA0MSAxOS41NjIgMzcuNDM4IDE2bC00LjQ0IDQuNDM5LTQuNDM2LTQuNDM3TDI1IDE5LjU2NGw0LjQzNyA0LjQzN3ptLTE3IDAtNC40MzUgNC40MzYgMy41NjIgMy41NjIgNC40MzUtNC40MzVMMjAuNDM2IDMybDMuNTYyLTMuNTYyTDE5LjU2IDI0bDQuNDM4LTQuNDM5TDIwLjQzNyAxNiAxNiAyMC40MzlsLTQuNDM3LTQuNDM3TDggMTkuNTY0bDQuNDM3IDQuNDM3eiIgY2xpcC1ydWxlPSJldmVub2RkIj48L3BhdGg+PC9zdmc+\" width=\"37\" height=\"36\" alt=\"Valoraci\u00f3n\"\/>        <\/p>\n<p>Falso<\/p>\n<p class=\"factchecks-methodology-block-text\">\n        La afirmaci\u00f3n es falsa\n    <\/p>\n<p>        <img loading=\"lazy\" decoding=\"async\" src=\"data:image\/svg+xml;base64,PHN2ZyB3aWR0aD0iMzciIGhlaWdodD0iMzYiIGNsYXNzPSJzdmctbWlzbGVhZGluZyIgZmlsbD0ibm9uZSIgeG1sbnM9Imh0dHA6Ly93d3cudzMub3JnLzIwMDAvc3ZnIiB2aWV3Qm94PSIwIDAgMzcgMzYiPjxnIGNsaXAtcGF0aD0idXJsKCNhKSI+PHBhdGggY2xhc3M9ImZpbGwtY29sb3ItYmFja2dyb3VuZCIgZD0iTTE4LjE5NyAzNmM5Ljk0MSAwIDE4LTguMDU5IDE4LTE4cy04LjA1OS0xOC0xOC0xOC0xOCA4LjA1OS0xOCAxOCA4LjA1OSAxOCAxOCAxOFoiIGZpbGw9IiNGRjg0MzMiPjwvcGF0aD48cGF0aCBkPSJNMTguMTk3IDM1LjI1YzkuNTI3IDAgMTcuMjUtNy43MjMgMTcuMjUtMTcuMjUgMC05LjUyNy03LjcyMy0xNy4yNS0xNy4yNS0xNy4yNUM4LjY3Ljc1Ljk0NyA4LjQ3My45NDcgMThjMCA5LjUyNyA3LjcyMyAxNy4yNSAxNy4yNSAxNy4yNVoiIHN0cm9rZT0iIzAwMCIgc3Ryb2tlLW9wYWNpdHk9Ii4wNSIgc3Ryb2tlLXdpZHRoPSIyIj48L3BhdGg+PHBhdGggY2xhc3M9ImZpbGwtY29sb3ItaWNvbiIgZmlsbC1ydWxlPSJldmVub2RkIiBjbGlwLXJ1bGU9ImV2ZW5vZGQiIGQ9Im0xNS41MjUgMTgtMy4zMjcgMy4zMjcgMi42NzIgMi42NzEgMy4zMjYtMy4zMjZMMjEuNTI0IDI0bDIuNjcxLTIuNjcyTDIwLjg2NyAxOGwzLjMyOC0zLjMzLTIuNjctMi42Ny0zLjMyOCAzLjMzTDE0Ljg2OSAxMmwtMi42NzIgMi42NzJMMTUuNTI1IDE4WiIgZmlsbD0iI2ZmZiI+PC9wYXRoPjwvZz48ZGVmcz48Y2xpcFBhdGggaWQ9ImEiPjxwYXRoIGZpbGw9IiNmZmYiIHRyYW5zZm9ybT0idHJhbnNsYXRlKC4xOTcpIiBkPSJNMCAwaDM2djM2SDB6Ij48L3BhdGg+PC9jbGlwUGF0aD48L2RlZnM+PC9zdmc+\" width=\"37\" height=\"36\" alt=\"Valoraci\u00f3n\"\/>        <\/p>\n<p>Enga\u00f1oso<\/p>\n<p class=\"factchecks-methodology-block-text\">\n        La afirmaci\u00f3n contiene datos correctos pero ignora elementos muy importantes o se mezcla con datos incorrectos dando una impresi\u00f3n diferente, imprecisa o falsa.\n    <\/p>\n<p>        <img loading=\"lazy\" decoding=\"async\" src=\"data:image\/svg+xml;base64,PHN2ZyB3aWR0aD0iMzciIGhlaWdodD0iMzYiIGNsYXNzPSJzdmctaGFsZnRydWUiIHhtbG5zPSJodHRwOi8vd3d3LnczLm9yZy8yMDAwL3N2ZyIgZmlsbD0ibm9uZSIgdmlld0JveD0iMCAwIDQ4IDQ4Ij48Y2lyY2xlIGN4PSIyNCIgY3k9IjI0IiByPSIyNCIgZmlsbD0iI0VCRTAxMyI+PC9jaXJjbGU+PGNpcmNsZSBjeD0iMjQiIGN5PSIyNCIgcj0iMjMiIHN0cm9rZT0iIzAwMCIgc3Ryb2tlLW9wYWNpdHk9Ii4wNSIgc3Ryb2tlLXdpZHRoPSIyIj48L2NpcmNsZT48cGF0aCBjbGFzcz0iZmlsbC1jb2xvci1pY29uIiBmaWxsPSIjZmZmIiBmaWxsLXJ1bGU9ImV2ZW5vZGQiIGQ9Ik0yMC44MTcgMzMgMTMgMjQuMDM1bDMuNDgtMy41NDkgNy44MTcgOC45NjZMMjAuODE3IDMzeiIgY2xpcC1ydWxlPSJldmVub2RkIj48L3BhdGg+PHBhdGggY2xhc3M9ImZpbGwtY29sb3ItaWNvbiIgZmlsbD0iI2ZmZiIgZmlsbC1ydWxlPSJldmVub2RkIiBkPSJtMTcuNSAyOSAxMS42Ni0xMkgzNkwyMC45MzggMzIuOTM1IDE3LjUgMjl6IiBjbGlwLXJ1bGU9ImV2ZW5vZGQiPjwvcGF0aD48L3N2Zz4=\" width=\"37\" height=\"36\" alt=\"Valoraci\u00f3n\"\/>        <\/p>\n<p>Verdad a medias<\/p>\n<p class=\"factchecks-methodology-block-text\">\n        La afirmaci\u00f3n es correcta, aunque necesita aclaraci\u00f3n, informaci\u00f3n adicional o contexto\n    <\/p>\n<p>        <img loading=\"lazy\" decoding=\"async\" src=\"data:image\/svg+xml;base64,PHN2ZyB3aWR0aD0iMzciIGhlaWdodD0iMzYiIGNsYXNzPSJzdmctdHJ1ZSIgeG1sbnM9Imh0dHA6Ly93d3cudzMub3JnLzIwMDAvc3ZnIiBmaWxsPSJub25lIiB2aWV3Qm94PSIwIDAgNDggNDgiPjxjaXJjbGUgY3g9IjI0IiBjeT0iMjQiIHI9IjI0IiBmaWxsPSIjMDBFN0FBIj48L2NpcmNsZT48Y2lyY2xlIGN4PSIyNCIgY3k9IjI0IiByPSIyMyIgc3Ryb2tlPSIjMDAwIiBzdHJva2Utb3BhY2l0eT0iLjA1IiBzdHJva2Utd2lkdGg9IjIiPjwvY2lyY2xlPjxwYXRoIGNsYXNzPSJmaWxsLWNvbG9yLWljb24iIGZpbGw9IiNmZmYiIGZpbGwtcnVsZT0iZXZlbm9kZCIgZD0ibTE2IDMzLTgtOC45NjUgMy41NjItMy41NDkgOCA4Ljk2NkwxNiAzM3oiIGNsaXAtcnVsZT0iZXZlbm9kZCI+PC9wYXRoPjxwYXRoIGNsYXNzPSJmaWxsLWNvbG9yLWljb24iIGZpbGw9IiNmZmYiIGZpbGwtcnVsZT0iZXZlbm9kZCIgZD0ibTEzIDI5IDExLjU2Mi0xMmg3TDE2LjEyNCAzMi45MzUgMTMgMjl6bTkgMS40NDhMMzQuNSAxN2g0LjMyYS41LjUgMCAwIDEgLjM1OC44NDhMMjQuNTYzIDMyLjkzNSAyMiAzMC40NDd6IiBjbGlwLXJ1bGU9ImV2ZW5vZGQiPjwvcGF0aD48L3N2Zz4=\" width=\"37\" height=\"36\" alt=\"Valoraci\u00f3n\"\/>        <\/p>\n<p>Verdadero<\/p>\n<p class=\"factchecks-methodology-block-text\">\n        La afirmaci\u00f3n es rigurosa y no falta contexto ni datos adicionales significativos.\n    <\/p>\n","protected":false},"excerpt":{"rendered":"En los \u00faltimos d\u00edas, la oposici\u00f3n ha criticado que el Gobierno no haya felicitado a la opositora venezolana&hellip;\n","protected":false},"author":2,"featured_media":177886,"comment_status":"","ping_status":"","sticky":false,"template":"","format":"standard","meta":{"footnotes":""},"categories":[42],"tags":[17,18,13,14,11,61,62,63,64,19,20,9,10,15,16,2959,38709,12,21,22,65,66,67],"class_list":{"0":"post-177885","1":"post","2":"type-post","3":"status-publish","4":"format-standard","5":"has-post-thumbnail","7":"category-internacional","8":"tag-breaking-news","9":"tag-breakingnews","10":"tag-featured-news","11":"tag-featurednews","12":"tag-headlines","13":"tag-internacional","14":"tag-international","15":"tag-international-news","16":"tag-internationalnews","17":"tag-latest-news","18":"tag-latestnews","19":"tag-news","20":"tag-noticias","21":"tag-noticias-destacadas","22":"tag-noticiasdestacadas","23":"tag-pedro-sanchez","24":"tag-premio-nobel","25":"tag-titulares","26":"tag-ultimas-noticias","27":"tag-ultimasnoticias","28":"tag-world","29":"tag-world-news","30":"tag-worldnews"},"share_on_mastodon":{"url":"","error":""},"_links":{"self":[{"href":"https:\/\/www.europesays.com\/es\/wp-json\/wp\/v2\/posts\/177885","targetHints":{"allow":["GET"]}}],"collection":[{"href":"https:\/\/www.europesays.com\/es\/wp-json\/wp\/v2\/posts"}],"about":[{"href":"https:\/\/www.europesays.com\/es\/wp-json\/wp\/v2\/types\/post"}],"author":[{"embeddable":true,"href":"https:\/\/www.europesays.com\/es\/wp-json\/wp\/v2\/users\/2"}],"replies":[{"embeddable":true,"href":"https:\/\/www.europesays.com\/es\/wp-json\/wp\/v2\/comments?post=177885"}],"version-history":[{"count":0,"href":"https:\/\/www.europesays.com\/es\/wp-json\/wp\/v2\/posts\/177885\/revisions"}],"wp:featuredmedia":[{"embeddable":true,"href":"https:\/\/www.europesays.com\/es\/wp-json\/wp\/v2\/media\/177886"}],"wp:attachment":[{"href":"https:\/\/www.europesays.com\/es\/wp-json\/wp\/v2\/media?parent=177885"}],"wp:term":[{"taxonomy":"category","embeddable":true,"href":"https:\/\/www.europesays.com\/es\/wp-json\/wp\/v2\/categories?post=177885"},{"taxonomy":"post_tag","embeddable":true,"href":"https:\/\/www.europesays.com\/es\/wp-json\/wp\/v2\/tags?post=177885"}],"curies":[{"name":"wp","href":"https:\/\/api.w.org\/{rel}","templated":true}]}}