{"id":17789,"date":"2025-08-01T05:02:09","date_gmt":"2025-08-01T05:02:09","guid":{"rendered":"https:\/\/www.europesays.com\/es\/17789\/"},"modified":"2025-08-01T05:02:09","modified_gmt":"2025-08-01T05:02:09","slug":"riefenstahl-las-mentiras-de-la-cineasta-visionaria-que-creo-la-epica-visual-del-nazismo-cultura","status":"publish","type":"post","link":"https:\/\/www.europesays.com\/es\/17789\/","title":{"rendered":"\u2018Riefenstahl\u2019: las mentiras de la cineasta visionaria que cre\u00f3 la \u00e9pica visual del nazismo | Cultura"},"content":{"rendered":"<p class=\"\"><a href=\"https:\/\/elpais.com\/noticias\/leni-riefenstahl\/\" target=\"_self\" rel=\"nofollow noopener\" title=\"https:\/\/elpais.com\/noticias\/leni-riefenstahl\/\">Leni Riefenstahl<\/a> nunca nos pondr\u00e1 de acuerdo, ni siquiera con nosotros mismos. La mujer que cre\u00f3 la \u00e9pica visual del <a href=\"https:\/\/elpais.com\/noticias\/nazismo\/\" target=\"_self\" rel=\"nofollow noopener\" title=\"https:\/\/elpais.com\/noticias\/nazismo\/\">nazismo<\/a>, la bruja mala de la historia del cine, es uno de esos personajes odiosos que, como sus pel\u00edculas, resulta fascinante. El nuevo y muy recomendable documental <a href=\"https:\/\/elpais.com\/cultura\/2025-01-12\/rienfenstahl-sol-y-sombra-la-cineasta-de-hitler-al-desnudo-en-un-nuevo-documental.html\" target=\"_self\" rel=\"nofollow noopener\" title=\"https:\/\/elpais.com\/cultura\/2025-01-12\/rienfenstahl-sol-y-sombra-la-cineasta-de-hitler-al-desnudo-en-un-nuevo-documental.html\">Riefenstahl<\/a>, de <a href=\"https:\/\/elpais.com\/cultura\/2011\/11\/25\/actualidad\/1322175613_850215.html\" target=\"_self\" rel=\"nofollow noopener\" title=\"https:\/\/elpais.com\/cultura\/2011\/11\/25\/actualidad\/1322175613_850215.html\">Andres Veiel<\/a>, se estrena en Filmin junto a las dos obras de propaganda m\u00e1s importantes de la cineasta alemana, <a href=\"https:\/\/www.filmaffinity.com\/es\/film241205.html\" target=\"_self\" rel=\"nofollow noopener\" title=\"https:\/\/www.filmaffinity.com\/es\/film241205.html\">El triunfo de la voluntad<\/a> y Olympia, dos pel\u00edculas cuya influencia t\u00e9cnica y est\u00e9tica llega hasta nuestros d\u00edas.<\/p>\n<p>M\u00e1s informaci\u00f3n<\/p>\n<p class=\"\"><a href=\"https:\/\/www.filmaffinity.com\/es\/film245791.html\" target=\"_self\" rel=\"nofollow noopener\" title=\"https:\/\/www.filmaffinity.com\/es\/film245791.html\">El documental de Veiel<\/a> desentra\u00f1a muchas mentiras de una mujer inquietante que se pas\u00f3 media vida (naci\u00f3 en Berl\u00edn en 1902 y falleci\u00f3 en 2003 con 101 a\u00f1os en su casa de la frondosa Baviera) intentando justificar lo injustificable en nombre del arte. A partir de los a\u00f1os sesenta \u2014cuando se embarca en su proyecto con el pueblo Nuba, en Sud\u00e1n\u2014, Riefenstahl empez\u00f3 a salir en programas de entrevistas para dar la cara sobre su vida. Gran parte de los documentos televisivos que utiliza Veiel proceden de aquellos a\u00f1os en los que la cineasta intentaba de forma esforzada dar una imagen candorosa mientras el rictus de su sonrisa la delataba.<\/p>\n<p class=\"\">Riefenstahl muestra a una mujer tenaz y manipuladora que junto a su pareja y socio desde finales de los sesenta \u2014el director de fotograf\u00eda <a href=\"https:\/\/elpais.com\/ccaa\/2017\/04\/26\/catalunya\/1493239594_076972.html\" target=\"_self\" rel=\"nofollow noopener\" title=\"https:\/\/elpais.com\/ccaa\/2017\/04\/26\/catalunya\/1493239594_076972.html\">Horst Kettner<\/a>, 40 a\u00f1os m\u00e1s joven\u2014, grab\u00f3 llamadas telef\u00f3nicas y recopil\u00f3 las cartas de sus numerosos seguidores secretos. Aquellos admiradores an\u00f3nimos justificaban el mantra de Riefenstahl: ella hab\u00eda sido tan nazi como el 90% de los alemanes y se enter\u00f3 de las atrocidades del <a href=\"https:\/\/elpais.com\/cultura\/2018\/06\/29\/actualidad\/1530273225_845191.html\" target=\"_self\" rel=\"nofollow noopener\" title=\"https:\/\/elpais.com\/cultura\/2018\/06\/29\/actualidad\/1530273225_845191.html\">Tercer Reich<\/a> tras la guerra. El documental de Veiel desmonta esta teor\u00eda a trav\u00e9s del escrutinio del material in\u00e9dito de las 700 cajas de los archivos personales de la cineasta, custodiados desde su muerte por la fundaci\u00f3n p\u00fablica berlinesa <a href=\"https:\/\/www.preussischer-kulturbesitz.de\/index.html\" target=\"_self\" rel=\"nofollow noopener\" title=\"https:\/\/www.preussischer-kulturbesitz.de\/index.html\">Preu\u00dfischer Kulturbesitz<\/a>. <\/p>\n<p class=\"\">Con una infancia marcada por un padre autoritario y maltratador que la endureci\u00f3 de por vida \u2014y seguramente cauteriz\u00f3 su compasi\u00f3n por los dem\u00e1s\u2014, a Riefenstahl solo le qued\u00f3 la mentira como salvavidas. En <a href=\"https:\/\/en.wikipedia.org\/wiki\/The_Wonderful_Horrible_Life_of_Leni_Riefenstahl\" target=\"_self\" rel=\"nofollow noopener\" title=\"https:\/\/en.wikipedia.org\/wiki\/The_Wonderful_Horrible_Life_of_Leni_Riefenstahl\">The Wonderful Horrible Life of Leni Riefenstahl<\/a> (imprescindible documental de Ray M\u00fcller de 1993) la actriz, directora y montadora se empe\u00f1a en compararse con su compatriota <a href=\"https:\/\/elpais.com\/cultura\/2017\/12\/27\/actualidad\/1514329685_208334.html\" target=\"_self\" rel=\"nofollow noopener\" title=\"https:\/\/elpais.com\/cultura\/2017\/12\/27\/actualidad\/1514329685_208334.html\">Marlene Dietrich<\/a>. Las carreras de ambas hab\u00edan despuntado en paralelo a finales de los a\u00f1os veinte y, seg\u00fan Riefenstahl, cuando Dietrich rodaba <a href=\"https:\/\/elpais.com\/diario\/1979\/11\/04\/cultura\/310518010_850215.html\" target=\"_self\" rel=\"nofollow noopener\" title=\"https:\/\/elpais.com\/diario\/1979\/11\/04\/cultura\/310518010_850215.html\">El \u00e1ngel azul<\/a>, su director, <a href=\"https:\/\/es.wikipedia.org\/wiki\/Josef_von_Sternberg\" target=\"_self\" rel=\"nofollow noopener\" title=\"https:\/\/es.wikipedia.org\/wiki\/Josef_von_Sternberg\">Josef von Sternberg<\/a>, le hizo ver lo mucho que ten\u00edan en com\u00fan. Sin duda, hab\u00eda semejanzas. Ambas fueron mujeres perfeccionistas hasta el delirio, de una fuerza y determinaci\u00f3n asombrosas, pero sus diferencias son mucho m\u00e1s importantes que sus coincidencias. Ten\u00edan todo el talento del mundo y tomaron decisiones vitales opuestas: Riefenstahl se qued\u00f3 en Alemania, pactando con el diablo; Dietrich march\u00f3 al exilio, y denunci\u00f3 la semilla de odio y destrucci\u00f3n que anidaba en el <a href=\"https:\/\/elpais.com\/cultura\/2018\/06\/29\/actualidad\/1530273225_845191.html\" target=\"_self\" rel=\"nofollow noopener\" title=\"https:\/\/elpais.com\/cultura\/2018\/06\/29\/actualidad\/1530273225_845191.html\">Tercer Reich<\/a>.<\/p>\n<p><img alt=\"Leni Riefenstahl, en una imagen de 'Riefenstahl' (2024).\" decoding=\"auto\" class=\"_re lazyload a_m-h\" height=\"233\"  width=\"414\"  src=\"https:\/\/www.europesays.com\/es\/wp-content\/uploads\/2025\/08\/VOV7XID6IZBN7NS3R6WD2ISDCM.jpg\" loading=\"lazy\"\/>Leni Riefenstahl, en una imagen de &#8216;Riefenstahl&#8217; (2024).IMDB<\/p>\n<p class=\"\">La an\u00e9cdota sobre lo que le dijo <a href=\"https:\/\/elpais.com\/diario\/1981\/05\/13\/cultura\/358552814_850215.html\" target=\"_self\" rel=\"nofollow noopener\" title=\"https:\/\/elpais.com\/diario\/1981\/05\/13\/cultura\/358552814_850215.html\">Von Sternberg <\/a>forma parte de esos embustes y medias verdades que Riefenstahl se fue contando a s\u00ed misma y a los dem\u00e1s a lo largo de su larga vida. El documental de M\u00fcller \u2014auspiciado por ella misma y, por eso, due\u00f1o de un material muy valioso\u2014, se emiti\u00f3 cuando Riefenstahl ten\u00eda 90 a\u00f1os y su nombre a\u00fan era un tab\u00fa en Alemania. Su eco resuena en el trabajo de<a href=\"https:\/\/elpais.com\/cultura\/2011\/11\/25\/actualidad\/1322175613_850215.html\" target=\"_self\" rel=\"nofollow noopener\" title=\"https:\/\/elpais.com\/cultura\/2011\/11\/25\/actualidad\/1322175613_850215.html\"> Veiel<\/a> a trav\u00e9s de descartes tambi\u00e9n in\u00e9ditos en los que, por ejemplo, vemos a Riefenstahl perder los papeles cuando M\u00fcller la contradice sobre su proximidad con el Ministro de Propaganda del Tercer Reich, <a href=\"https:\/\/elpais.com\/noticias\/joseph-goebbels\/\" target=\"_self\" rel=\"nofollow noopener\" title=\"https:\/\/elpais.com\/noticias\/joseph-goebbels\/\">Joseph Goebbels<\/a>.<\/p>\n<p class=\"\">Riefenstahl embelleci\u00f3 con una emoci\u00f3n escalofriante el nazismo y es imposible, por mucho que ella lo persiguiera hasta la extenuaci\u00f3n, desligar su obra de su fin. Pero adem\u00e1s resulta revelador, y a\u00fan m\u00e1s fascinante si cabe, su trabajo en los a\u00f1os sesenta y setenta con <a href=\"https:\/\/cincodias.elpais.com\/cincodias\/2004\/05\/18\/sentidos\/1084847238_850215.html\" target=\"_self\" rel=\"nofollow noopener\" title=\"https:\/\/cincodias.elpais.com\/cincodias\/2004\/05\/18\/sentidos\/1084847238_850215.html\">el pueblo Nuba<\/a>. La obsesi\u00f3n de Riefenstahl con el cuerpo de los africanos hab\u00eda nacido precisamente con Olympia, cuando observ\u00f3 correr al atleta afroestadounidense <a href=\"https:\/\/elpais.com\/noticias\/jesse-owens\/\" target=\"_self\" rel=\"nofollow noopener\" title=\"https:\/\/elpais.com\/noticias\/jesse-owens\/\">Jesse Owens<\/a>. Pero fue una fotograf\u00eda de dos nubios desnudos y, al parecer, la lectura de <a href=\"https:\/\/elpais.com\/cultura\/2024-01-27\/un-viaje-de-ida-y-vuelta-al-infierno.html\" target=\"_self\" rel=\"nofollow noopener\" title=\"https:\/\/elpais.com\/cultura\/2024-01-27\/un-viaje-de-ida-y-vuelta-al-infierno.html\">Las verdes colinas de \u00c1frica<\/a>, de Hemingway, las que la empujaron a vivir durante meses en Sud\u00e1n junto a estas tribus para filmar y retratar su perfecci\u00f3n f\u00edsica. <\/p>\n<p class=\"\">Su proyecto con los Nuba (cuya ejecuci\u00f3n tambi\u00e9n estuvo salpicada de mentirijillas) no fue el salvoconducto que ella esperaba porque en su obsesi\u00f3n por la belleza perfecta, los Nuba ocupan, seg\u00fan un c\u00e9lebre an\u00e1lisis de <a href=\"https:\/\/elpais.com\/autor\/susan-sontag\/\" target=\"_self\" rel=\"nofollow noopener\" title=\"https:\/\/elpais.com\/autor\/susan-sontag\/\">Susan Sontag<\/a>, el tercer lugar \u201cen su tr\u00edptico de exposiciones fascistas\u201d. Una vez m\u00e1s, su fijaci\u00f3n con el mito por encima de la verdad y la historia la desenmascararon.<\/p>\n<p>&#8216;Riefenstahl&#8217;<\/p>\n<p><strong>Direcci\u00f3n: <\/strong>Andres Veiel.<br \/><strong>G\u00e9nero:<\/strong> documental, Alemania, 2024.<br \/><strong>Duraci\u00f3n:<\/strong> 115 minutos<br \/><strong>Plataforma: <\/strong>Filmin<\/p>\n","protected":false},"excerpt":{"rendered":"Leni Riefenstahl nunca nos pondr\u00e1 de acuerdo, ni siquiera con nosotros mismos. La mujer que cre\u00f3 la \u00e9pica&hellip;\n","protected":false},"author":2,"featured_media":17790,"comment_status":"","ping_status":"","sticky":false,"template":"","format":"standard","meta":{"footnotes":""},"categories":[169],"tags":[1660,177,11344,209,6084,146,147,25,24,176,11342,175,4196,11343,23],"class_list":{"0":"post-17789","1":"post","2":"type-post","3":"status-publish","4":"format-standard","5":"has-post-thumbnail","7":"category-cine","8":"tag-alemania","9":"tag-cine","10":"tag-critica-cine","11":"tag-cultura","12":"tag-documental","13":"tag-entertainment","14":"tag-entretenimiento","15":"tag-es","16":"tag-espana","17":"tag-film","18":"tag-leni-riefenstahl","19":"tag-movies","20":"tag-nazismo","21":"tag-segunda-guerra-mundial","22":"tag-spain"},"share_on_mastodon":{"url":"","error":""},"_links":{"self":[{"href":"https:\/\/www.europesays.com\/es\/wp-json\/wp\/v2\/posts\/17789","targetHints":{"allow":["GET"]}}],"collection":[{"href":"https:\/\/www.europesays.com\/es\/wp-json\/wp\/v2\/posts"}],"about":[{"href":"https:\/\/www.europesays.com\/es\/wp-json\/wp\/v2\/types\/post"}],"author":[{"embeddable":true,"href":"https:\/\/www.europesays.com\/es\/wp-json\/wp\/v2\/users\/2"}],"replies":[{"embeddable":true,"href":"https:\/\/www.europesays.com\/es\/wp-json\/wp\/v2\/comments?post=17789"}],"version-history":[{"count":0,"href":"https:\/\/www.europesays.com\/es\/wp-json\/wp\/v2\/posts\/17789\/revisions"}],"wp:featuredmedia":[{"embeddable":true,"href":"https:\/\/www.europesays.com\/es\/wp-json\/wp\/v2\/media\/17790"}],"wp:attachment":[{"href":"https:\/\/www.europesays.com\/es\/wp-json\/wp\/v2\/media?parent=17789"}],"wp:term":[{"taxonomy":"category","embeddable":true,"href":"https:\/\/www.europesays.com\/es\/wp-json\/wp\/v2\/categories?post=17789"},{"taxonomy":"post_tag","embeddable":true,"href":"https:\/\/www.europesays.com\/es\/wp-json\/wp\/v2\/tags?post=17789"}],"curies":[{"name":"wp","href":"https:\/\/api.w.org\/{rel}","templated":true}]}}