{"id":177905,"date":"2025-10-15T07:37:10","date_gmt":"2025-10-15T07:37:10","guid":{"rendered":"https:\/\/www.europesays.com\/es\/177905\/"},"modified":"2025-10-15T07:37:10","modified_gmt":"2025-10-15T07:37:10","slug":"muerte-en-enigma-land-de-eva-nunez","status":"publish","type":"post","link":"https:\/\/www.europesays.com\/es\/177905\/","title":{"rendered":"&#8216;Muerte en Enigma Land&#8217; de Eva N\u00fa\u00f1ez"},"content":{"rendered":"<p class=\"c-paragraph\">Hoy comparto con vosotros la recomendaci\u00f3n de la <b>nueva novela polic\u00edaca de Eva N\u00fa\u00f1ez<\/b>, un whodunit contempor\u00e1neo ambientado en un escenario irresistible para los amantes del misterio: <b>Enigma Land<\/b>, un peque\u00f1o parque tem\u00e1tico dedicado al mundo de los detectives, los espect\u00e1culos y los secretos bien guardados.<a href=\"\"> <\/a><a href=\"\"> <\/a><\/p>\n<p class=\"c-paragraph\">Tras sus dos novelas anteriores, <b>Aprende a matar<\/b> y <b>La boda de Samantha Parker<\/b>, la autora confirma su gusto por el juego limpio con el lector, con una trama precisa, personajes bien perfilados y un escenario que no es un simple decorado, sino parte del enigma.<\/p>\n<p class=\"c-paragraph\">La sinopsis (sin spoilers): durante el ensayo de un espect\u00e1culo en Enigma Land, algo sale mal y hay una muerte que nadie entiende. Los inspectores Georgina Bruned y Alonso Smith toman el caso y, entre trampillas, horarios y camerinos, deben separar lo que es truco de lo que es verdad mientras todo el mundo parece tener una coartada\u2026 y un motivo.<\/p>\n<p class=\"c-paragraph\">Lo mejor est\u00e1 en c\u00f3mo Eva N\u00fa\u00f1ez exprime el parque como microcosmos: pasillos, normas internas y jerarqu\u00edas que tensan cada interrogatorio. La prosa es clara, el ritmo \u00e1gil y los giros llegan sin trampa ni cart\u00f3n; hay pistas colocadas con intenci\u00f3n, falsos culpables que funcionan y una pareja investigadora cuya qu\u00edmica sostiene la narraci\u00f3n sin acapararla.<\/p>\n<p class=\"c-paragraph\">Recomendable para quienes disfrutan del whodunit cl\u00e1sico en clave actual. Si te atraen los misterios bien armados, con atm\u00f3sfera, l\u00f3gica interna y un final que encaja, Muerte en Enigma Land es una apuesta segura y, adem\u00e1s, un paso adelante coherente tras las dos novelas anteriores de la autora.<\/p>\n<p class=\"c-paragraph\">La <b>presentaci\u00f3n oficial del libro \u2018<\/b>Muerte en Enigma Land\u2019 de <b>Eva N\u00fa\u00f1ez<\/b> tendr\u00e1 lugar el jueves 16 de octubre, a partir de las 19:30, en\u00a0<b>La Paretense<\/b> (Av. Joaquim Guasch, 4, 08150 Parets del Vall\u00e8s, Barcelona), donde estar\u00e1 acompa\u00f1ada y presentada por el periodista Carles Font.<\/p>\n<p class=\"c-paragraph\"><b>Muerte en Enigma Land<\/b> de <b>Eva N\u00fa\u00f1ez<\/b><\/p>\n<p class=\"c-paragraph\"><b>Aleva Ediciones<\/b><\/p>\n<p class=\"c-paragraph\"><b>P\u00e1ginas:<\/b> 317<\/p>\n<p class=\"c-paragraph\"><b>ISBN-13:<\/b> 979-8316383368<\/p>\n<p class=\"c-paragraph\"><a href=\"https:\/\/www.amazon.es\/dp\/B0FNJMDW5G\" rel=\"nofollow noreferrer sponsored noopener\" target=\"_blank\">https:\/\/www.amazon.es\/dp\/B0FNJMDW5G<\/a><\/p>\n","protected":false},"excerpt":{"rendered":"Hoy comparto con vosotros la recomendaci\u00f3n de la nueva novela polic\u00edaca de Eva N\u00fa\u00f1ez, un whodunit contempor\u00e1neo ambientado&hellip;\n","protected":false},"author":2,"featured_media":177906,"comment_status":"","ping_status":"","sticky":false,"template":"","format":"standard","meta":{"footnotes":""},"categories":[172],"tags":[224,41681,146,147,25,24,27704,1496,225,4920,50847,23],"class_list":{"0":"post-177905","1":"post","2":"type-post","3":"status-publish","4":"format-standard","5":"has-post-thumbnail","7":"category-libros","8":"tag-books","9":"tag-enigma","10":"tag-entertainment","11":"tag-entretenimiento","12":"tag-es","13":"tag-espana","14":"tag-land","15":"tag-libro","16":"tag-libros","17":"tag-muerte","18":"tag-recomendado","19":"tag-spain"},"share_on_mastodon":{"url":"","error":""},"_links":{"self":[{"href":"https:\/\/www.europesays.com\/es\/wp-json\/wp\/v2\/posts\/177905","targetHints":{"allow":["GET"]}}],"collection":[{"href":"https:\/\/www.europesays.com\/es\/wp-json\/wp\/v2\/posts"}],"about":[{"href":"https:\/\/www.europesays.com\/es\/wp-json\/wp\/v2\/types\/post"}],"author":[{"embeddable":true,"href":"https:\/\/www.europesays.com\/es\/wp-json\/wp\/v2\/users\/2"}],"replies":[{"embeddable":true,"href":"https:\/\/www.europesays.com\/es\/wp-json\/wp\/v2\/comments?post=177905"}],"version-history":[{"count":0,"href":"https:\/\/www.europesays.com\/es\/wp-json\/wp\/v2\/posts\/177905\/revisions"}],"wp:featuredmedia":[{"embeddable":true,"href":"https:\/\/www.europesays.com\/es\/wp-json\/wp\/v2\/media\/177906"}],"wp:attachment":[{"href":"https:\/\/www.europesays.com\/es\/wp-json\/wp\/v2\/media?parent=177905"}],"wp:term":[{"taxonomy":"category","embeddable":true,"href":"https:\/\/www.europesays.com\/es\/wp-json\/wp\/v2\/categories?post=177905"},{"taxonomy":"post_tag","embeddable":true,"href":"https:\/\/www.europesays.com\/es\/wp-json\/wp\/v2\/tags?post=177905"}],"curies":[{"name":"wp","href":"https:\/\/api.w.org\/{rel}","templated":true}]}}