{"id":177918,"date":"2025-10-15T07:47:07","date_gmt":"2025-10-15T07:47:07","guid":{"rendered":"https:\/\/www.europesays.com\/es\/177918\/"},"modified":"2025-10-15T07:47:07","modified_gmt":"2025-10-15T07:47:07","slug":"enero-de-2013-reunion-de-vecinos-el-ultimo-rastro-de-antonio-famoso-muerto-en-su-casa-de-valencia-espana","status":"publish","type":"post","link":"https:\/\/www.europesays.com\/es\/177918\/","title":{"rendered":"Enero de 2013, reuni\u00f3n de vecinos: el \u00faltimo rastro de Antonio Famoso, muerto en su casa de Valencia | Espa\u00f1a"},"content":{"rendered":"<p class=\"\">Los dos se llamaban Antonio. A los dos los encontraron en macabras circunstancias: sus cad\u00e1veres, devorados por animales. En la absoluta soledad de sus casas, desplomados en la cama o en el pasillo. En edificios rodeados de vecinos. Ten\u00edan una edad similar cuando fallecieron: entre 70 y 74 a\u00f1os. Uno estuvo muerto 15 d\u00edas en marzo en un piso del barrio de Arganzuela (en Madrid) sin que nadie se diera cuenta y de su cuerpo se aliment\u00f3 su perro. Otro, muerto 12 a\u00f1os, momificado ya, sepultado por excrementos de ave y decenas de palomas, encontrado este s\u00e1bado en el barrio de Fuensanta (en Valencia). Al primero, lo echaron en falta en el bar a las dos semanas. Del segundo solo se han percatado <a href=\"https:\/\/elpais.com\/espana\/comunidad-valenciana\/2025-10-13\/la-vida-secreta-de-antonio-el-jubilado-que-permanecio-15-anos-muerto-en-casa.html\" target=\"_self\" rel=\"nofollow noopener\" title=\"https:\/\/elpais.com\/espana\/comunidad-valenciana\/2025-10-13\/la-vida-secreta-de-antonio-el-jubilado-que-permanecio-15-anos-muerto-en-casa.html\">hasta que una gotera de agua turbia y maloliente<\/a> cay\u00f3 sobre el dormitorio de una vecina. <\/p>\n<p class=\"\">Antonio Famoso hubiera tenido 86 a\u00f1os hoy, nacido en Malag\u00f3n (Ciudad Real, 7.754 habitantes). Y ahora, en el n\u00famero 6 de la calle Luis Fenollet de Valencia, apenas lo recuerdan. Su vecina de en frente, Sole, de una edad similar, con la que comparti\u00f3 rellano durante d\u00e9cadas, cuyo balc\u00f3n est\u00e1 pegado al de Antonio, no se explica c\u00f3mo pudo estar tantos a\u00f1os conviviendo con el cad\u00e1ver de su vecino y un palomar sin darse cuenta. \u201cYo no me enter\u00e9 de nada. Pensaba que se habr\u00eda ido a una residencia\u201d, comenta este martes desde el portal. Las ventanas abiertas del balc\u00f3n mueven los toldos verdes de una vivienda que todav\u00eda hoy no tiene due\u00f1o. Que ni siquiera saben si lo tendr\u00e1, ni qui\u00e9n ser\u00e1 el encargado de limpiar el vertedero que ha quedado en la \u00faltima planta del edificio, pues por el momento ninguno de sus dos hijos ha contactado al administrador de la finca, seg\u00fan ha asegurado este a EL PA\u00cdS, y no saben si aceptar\u00e1n el piso como herencia. <\/p>\n<p class=\"\"><a href=\"https:\/\/elpais.com\/espana\/comunidad-valenciana\/2025-10-12\/encuentran-el-cadaver-de-un-hombre-que-llevaba-muerto-15-anos-en-su-casa-de-valencia.html#?rel=mas\" target=\"_self\" rel=\"nofollow noopener\" title=\"https:\/\/elpais.com\/espana\/comunidad-valenciana\/2025-10-12\/encuentran-el-cadaver-de-un-hombre-que-llevaba-muerto-15-anos-en-su-casa-de-valencia.html#?rel=mas\">La muerte de Antonio Famoso sigue siendo un enigma<\/a>. En el Instituto de Medicina Legal de Valencia no han podido concluir todav\u00eda las causas de su fallecimiento, aseguran. La Polic\u00eda Nacional ha descartado, por el momento, que se tratara de un homicidio. Y el misterio se agranda m\u00e1s a\u00fan cuando se desvela que, tal y como ha asegurado el administrador a este diario, estaba al corriente de todos sus pagos de la comunidad. \u201cNo pusimos ninguna denuncia por desaparici\u00f3n porque pagaba todas las deudas. Unos 120 euros al trimestre, m\u00e1s o menos. Se ve que segu\u00eda cobrando la pensi\u00f3n\u201d, cuenta Alejo P\u00e9rez.<\/p>\n<p>\u00daltima constancia de vida<\/p>\n<p class=\"\">P\u00e9rez es la \u00fanica persona que tiene una constancia por escrito de su \u00faltima presencia en alg\u00fan sitio. Un acta de una reuni\u00f3n de propietarios de enero de 2013 registra su asistencia. De manera que, a falta de una necropsia que determine tambi\u00e9n la fecha de muerte, Antonio Famoso estuvo vivo hace 12 a\u00f1os y nueve meses. \u201cEn enero de 2014 ya no vino\u201d, asegura. P\u00e9rez ha estado revisando las actas de un edificio que se ha convertido estos d\u00edas en el epicentro<a href=\"https:\/\/elpais.com\/economia\/negocios\/2025-02-16\/la-soledad-no-deseada-un-reto-social-que-exige-respuestas-comunitarias.html\" target=\"_self\" rel=\"nofollow noopener\" title=\"https:\/\/elpais.com\/economia\/negocios\/2025-02-16\/la-soledad-no-deseada-un-reto-social-que-exige-respuestas-comunitarias.html\"> de la soledad extrema<\/a> que sufren miles de personas en el pa\u00eds.<\/p>\n<p class=\"\">Los vecinos alertaron al menos en dos ocasiones de la ausencia de Antonio, asegura el administrador y han confirmado tambi\u00e9n algunos de ellos. En 2015, P\u00e9rez recuerda haber avisado a la polic\u00eda de que no lo localizaban, pero no puso una denuncia. Sole recuerda que unos agentes se acercaron a la puerta y \u201cno hicieron nada m\u00e1s porque dijeron que no pod\u00edan entrar\u201d. Hace \u201ccuatro o cinco a\u00f1os\u201d, recuerda P\u00e9rez, los vecinos solicitaron al cuerpo de bomberos que cerrara las ventanas del balc\u00f3n, por donde se colaron las palomas que acabaron con sus restos, por miedo a que se inundara el piso y afectara a la comunidad. \u201cPero tambi\u00e9n nos dijeron que no pod\u00edan hacer eso\u201d, se\u00f1ala P\u00e9rez.<\/p>\n<p class=\"\">Y pasaron los a\u00f1os. Doce. Y nueve meses. Cuando la exalcaldesa de Valencia, Rita Barber\u00e1, <a href=\"https:\/\/elpais.com\/politica\/2016\/11\/23\/actualidad\/1479887130_732014.html\" target=\"_self\" rel=\"nofollow noopener\" title=\"https:\/\/elpais.com\/politica\/2016\/11\/23\/actualidad\/1479887130_732014.html\">fue hallada muerta en un hotel del centro de Madrid<\/a>, Antonio Famoso ya llevaba tres a\u00f1os muerto. Cuando Pedro S\u00e1nchez tom\u00f3 por primera vez posesi\u00f3n como presidente del Gobierno, Antonio Famoso llevaba cinco a\u00f1os fallecido. Las ventanas de par en par, los toldos verdes bailando. Y nadie, en todo este tiempo en el que han llegado nuevos vecinos que ni siquiera lo conocieron, se dio cuenta de que ah\u00ed, al cruzar el \u00faltimo umbral del edificio, estaba su cad\u00e1ver.<\/p>\n<p class=\"\">Las intensas lluvias de estos d\u00edas, <a href=\"https:\/\/elpais.com\/el-tiempo\/2025-10-13\/el-mediterraneo-sigue-en-alerta-tras-la-dana-alice-avisos-naranjas-por-lluvias-muy-fuertes-y-persistentes.html\" target=\"_self\" rel=\"nofollow noopener\" title=\"https:\/\/elpais.com\/el-tiempo\/2025-10-13\/el-mediterraneo-sigue-en-alerta-tras-la-dana-alice-avisos-naranjas-por-lluvias-muy-fuertes-y-persistentes.html\">que pusieron de nuevo en alerta a la Comunidad Valenciana<\/a>, encharcaron la terraza. Y el agua se acab\u00f3 filtrando hacia los pisos de abajo, inund\u00f3 la puerta 12, donde yac\u00eda Antonio. Y continu\u00f3 cayendo hacia abajo. Hasta que un vecino, que hab\u00eda perdido el contacto con Antonio en 2010, llam\u00f3 al seguro para comunicar una filtraci\u00f3n por la inundaci\u00f3n de la azotea. <\/p>\n<p class=\"\">Cuando el s\u00e1bado a las 16.17 horas los bomberos se colaron por la ventana de su piso, en la sexta planta de un desgastado edificio, todos se sorprendieron del macabro hallazgo. En uno de los dormitorios de la vivienda, de unos 100 metros, reposaba el cad\u00e1ver de Antonio. Estaba vestido, rodeado de palomas muertas, cartones de leche, insectos y rodeado de excrementos.<\/p>\n<p class=\"\">Los dos Antonios viv\u00edan solos. No se llevaban del todo bien con su familia, seg\u00fan comentan los vecinos. Antonio Famoso tiene dos hijos, seg\u00fan ha podido comprobar este diario con fuentes municipales. Uno de ellos es polic\u00eda local y ya ha prestado declaraci\u00f3n en el juzgado que lleva el caso de la misteriosa muerte de su padre. Fuentes cercanas han asegurado a este peri\u00f3dico que no quiere hacer ning\u00fan tipo de declaraci\u00f3n. Su otra hija, recuerda Sole, trabajaba hace a\u00f1os en el Hospital General de Valencia. <\/p>\n<p class=\"\">El 8 de agosto, en el \u00faltimo piso de un bloque de la calle Ciudad Real de Madrid, un equipo del Samur Social preguntaba a los vecinos por el paradero de uno de ellos. Tambi\u00e9n de 76 a\u00f1os. Que viv\u00eda solo. Que no ten\u00eda ning\u00fan contacto de emergencia. Que dos d\u00edas antes hab\u00eda sido atendido por una ambulancia al encontrarlo vomitando en el parque del Retiro. Que cuando llamaban a su tel\u00e9fono sonaba del otro lado de la puerta. Los bomberos accedieron por una ventana abierta, otra ventana abierta. Y no lo encontraron. Dos horas despu\u00e9s, el vecino regres\u00f3 como si nadie lo hubiera buscado toda la tarde. \u201c\u00bfY por qu\u00e9 entraron as\u00ed?, \u00bfde verdad que pensaron que estaba muerto?\u201d, le pregunt\u00f3 sorprendido a esta vecina que escribe. Otra vecina mayor que \u00e9l, que vive sola, dej\u00f3 a partir de entonces el contacto de una amiga a toda la planta: \u201cSi alg\u00fan d\u00eda me pasa algo, si no abro la puerta, pod\u00e9is llamar aqu\u00ed\u201d. <\/p>\n","protected":false},"excerpt":{"rendered":"Los dos se llamaban Antonio. A los dos los encontraron en macabras circunstancias: sus cad\u00e1veres, devorados por animales.&hellip;\n","protected":false},"author":2,"featured_media":173171,"comment_status":"","ping_status":"","sticky":false,"template":"","format":"standard","meta":{"footnotes":""},"categories":[8],"tags":[17,18,27929,50849,7212,50848,25,24,13,14,11,19,20,45916,4809,9,10,15,16,7663,32840,23,257,12,21,22,235,3096],"class_list":{"0":"post-177918","1":"post","2":"type-post","3":"status-publish","4":"format-standard","5":"has-post-thumbnail","7":"category-espana","8":"tag-breaking-news","9":"tag-breakingnews","10":"tag-cadaveres","11":"tag-cadaveres-sin-identificar","12":"tag-dependencia","13":"tag-edificios-ruinosos","14":"tag-es","15":"tag-espana","16":"tag-featured-news","17":"tag-featurednews","18":"tag-headlines","19":"tag-latest-news","20":"tag-latestnews","21":"tag-medicina-forense","22":"tag-muertes","23":"tag-news","24":"tag-noticias","25":"tag-noticias-destacadas","26":"tag-noticiasdestacadas","27":"tag-problemas-sociales","28":"tag-soledad","29":"tag-spain","30":"tag-sucesos","31":"tag-titulares","32":"tag-ultimas-noticias","33":"tag-ultimasnoticias","34":"tag-valencia","35":"tag-vecinos"},"share_on_mastodon":{"url":"","error":""},"_links":{"self":[{"href":"https:\/\/www.europesays.com\/es\/wp-json\/wp\/v2\/posts\/177918","targetHints":{"allow":["GET"]}}],"collection":[{"href":"https:\/\/www.europesays.com\/es\/wp-json\/wp\/v2\/posts"}],"about":[{"href":"https:\/\/www.europesays.com\/es\/wp-json\/wp\/v2\/types\/post"}],"author":[{"embeddable":true,"href":"https:\/\/www.europesays.com\/es\/wp-json\/wp\/v2\/users\/2"}],"replies":[{"embeddable":true,"href":"https:\/\/www.europesays.com\/es\/wp-json\/wp\/v2\/comments?post=177918"}],"version-history":[{"count":0,"href":"https:\/\/www.europesays.com\/es\/wp-json\/wp\/v2\/posts\/177918\/revisions"}],"wp:featuredmedia":[{"embeddable":true,"href":"https:\/\/www.europesays.com\/es\/wp-json\/wp\/v2\/media\/173171"}],"wp:attachment":[{"href":"https:\/\/www.europesays.com\/es\/wp-json\/wp\/v2\/media?parent=177918"}],"wp:term":[{"taxonomy":"category","embeddable":true,"href":"https:\/\/www.europesays.com\/es\/wp-json\/wp\/v2\/categories?post=177918"},{"taxonomy":"post_tag","embeddable":true,"href":"https:\/\/www.europesays.com\/es\/wp-json\/wp\/v2\/tags?post=177918"}],"curies":[{"name":"wp","href":"https:\/\/api.w.org\/{rel}","templated":true}]}}