{"id":177923,"date":"2025-10-15T07:53:07","date_gmt":"2025-10-15T07:53:07","guid":{"rendered":"https:\/\/www.europesays.com\/es\/177923\/"},"modified":"2025-10-15T07:53:07","modified_gmt":"2025-10-15T07:53:07","slug":"la-sentencia-de-gabriela-sabatini-del-potro-hubiera-sido-numero-uno-del-mundo-la-mejor-tenista-de-la-historia-de-la-argentina-destaco-la-trayectoria-del-tandilense","status":"publish","type":"post","link":"https:\/\/www.europesays.com\/es\/177923\/","title":{"rendered":"La sentencia de Gabriela Sabatini: \u00abDel Potro hubiera sido n\u00famero uno del mundo\u00bb | La mejor tenista de la historia de la Argentina destac\u00f3 la trayectoria del tandilense"},"content":{"rendered":"<p><b><a href=\"https:\/\/www.pagina12.com.ar\/tags\/28844-gabriela-sabatini\" rel=\"nofollow noopener\" target=\"_blank\">Gabriela Sabatini<\/a><\/b>, una leyenda indiscutible del deporte argentino, utiliz\u00f3 su potente voz autorizada en el rubro del tenis para hacer una sentencia respecto de\u00a0<b><a href=\"https:\/\/www.pagina12.com.ar\/tags\/1600-juan-martin-del-potro\" rel=\"nofollow noopener\" target=\"_blank\">Juan Mart\u00edn del Potro<\/a>, otro de los hist\u00f3ricos exponentes entre las raquetas nacionales.<\/b><\/p>\n<p>En el marco de su presencia en el WTA 125 de Mallorca, en el que se desempe\u00f1\u00f3 como embajadora y en el que <b><a href=\"https:\/\/www.pagina12.com.ar\/865224-solana-sierra-campeona-en-mallorca-la-numero-1-de-argentina-\" rel=\"nofollow noopener\" target=\"_blank\">le entreg\u00f3 el trofeo a la n\u00famero uno argentina Solana Sierra<\/a><\/b>, la ganadora del US Open 1990 reflexion\u00f3 que, de no haber sido por el impacto negativo de las lesiones en su carrera, <strong>Del Potro habr\u00eda llegado al n\u00famero uno del mundo, <\/strong>incluso cuando sus mejores momentos coincidieron en una etapa del circuito monopolizada por los tres gigantes de todos los tiempos: <b>Roger Federer<\/b>, <b>Rafael N<\/b><strong>adal y Novak Djokovic.<\/strong><\/p>\n<p><b>La ex n\u00famero tres del mundo, cuya vitrina exhibe 27 trofeos en singles del circuito de la WTA,<\/b> incluidos el US Open y los Masters de 1988 y de 1994 en el Madison Square Garden, no dej\u00f3 espacio para las dudas: <b>\u00ab<\/b><strong>Yo creo que si a Juan Mart\u00edn lo hubieran respetado un poco m\u00e1s las lesiones habr\u00eda llegado al n\u00famero uno del mundo, incluso a pesar de que estaban Federer, Nadal y Djokovic\u201d.<\/strong><\/p>\n<p>Las potentes declaraciones de Sabatini llegaron en un contexto bisagra: <b><a href=\"https:\/\/www.pagina12.com.ar\/862294-juan-martin-del-potro-rumbo-al-olimpo-fue-nominado-para-entr\" rel=\"nofollow noopener\" target=\"_blank\">Del Potro es uno de los ex tenistas nominados<\/a><\/b> para ingresar el a\u00f1o pr\u00f3ximo al\u00a0<b>selectivo Sal\u00f3n de la Fama del Tenis Internacional <\/b>(ITHF, por sus siglas en ingl\u00e9s), ubicado en Newport, Estados Unidos. El tandilense es uno de los tres candidatos en la categor\u00eda Jugadores para la clase 2026 junto con otras dos leyendas: <b>el suizo Roger Federer y la rusa Svetlana Kuznetsova. <\/b>Las palabras de la ex tenista argentina no s\u00f3lo aparecieron en un momento clave sino que, adem\u00e1s, podr\u00edan envolver cierta influencia externa: <b>la propia Sabatini integra el Sal\u00f3n de la Fama desde 2006<\/b> y Del Potro apunta a ser apenas el tercer argentino <b><a href=\"https:\/\/www.pagina12.com.ar\/tags\/9645-guillermo-vilas\" rel=\"nofollow noopener\" target=\"_blank\">-Guillermo Vilas ingres\u00f3 en 1991-.<\/a><\/b><\/p>\n<p>Campe\u00f3n del US Open 2009 y pieza fundamental en la hist\u00f3rica conquista de la Copa Davis 2016, <b>Del Potro lleg\u00f3 a tocar el n\u00famero tres del mundo y hasta pudo haber luchado por la cima del ranking<\/b>, como bien sostuvo Sabatini. M\u00e1s all\u00e1 de las anteriores lesiones en las mu\u00f1ecas, la fractura en la r\u00f3tula de la rodilla derecha que sufriera en Shanghai, en octubre de 2018, cuando era el n\u00famero cuatro del mundo, <b>lo fren\u00f3 en un momento en el que ten\u00eda a tiro la pelea por el liderazgo hacia fin de a\u00f1o contra Djokovic<\/b> y, en los a\u00f1os venideros, lo oblig\u00f3 a pasar<b> hasta ocho veces por el quir\u00f3fano en busca de una mejor calidad de vida.<\/b><\/p>\n<p><b>\u201cA veces ya no tengo m\u00e1s ganas. No soy indestructible, soy como cualquier persona que tiene cosas buenas y cosas malas,<\/b> pero muchas veces<b> tengo que poner buena cara en determinadas situaciones\u00bb<\/b>, lleg\u00f3 a reflexionar alguna vez Del Potro.<\/p>\n<p>La trayectoria del tandilense, que incluye 22 conquistas en el circuito de la ATP y hasta dos medallas ol\u00edmpicas, tuvo su corolario en diciembre de 2024, cuando recibi\u00f3\u00a0<b><a href=\"https:\/\/www.pagina12.com.ar\/787050-djokovic-el-abrazo-de-la-gente-y-el-alma-al-desnudo-un-dia-d\" rel=\"nofollow noopener\" target=\"_blank\">el abrazo de 15 mil personas en un colmado estadio del Parque Roca junto con Djokovic<\/a>,<\/b> quien lleg\u00f3 a Buenos Aires para acompa\u00f1arlo en la exhibici\u00f3n. Aquel partido despedida cont\u00f3 con la presencia estelar de Sabatini, quien se volvi\u00f3 una muy buena amiga para Del Potro: <b>\u00abEl a\u00f1o pasado, cuando yo ten\u00eda que afrontar una cirug\u00eda, me llam\u00f3 y me dijo: &#8216;Ma\u00f1ana me tomo un avi\u00f3n y voy a estar con vos hasta que te recuperes&#8217;. Desde ah\u00ed pr\u00e1cticamente somos inseparables\u00bb.<\/b><\/p>\n<p><a href=\"https:\/\/www.pagina12.com.ar\/cdn-cgi\/l\/email-protection\" class=\"__cf_email__\" data-cfemail=\"bbcbdad6dad7d2cfdad5d4fbcbdadcd2d5da8a8995d8d4d695dac9\" rel=\"nofollow noopener\" target=\"_blank\">[email\u00a0protected]<\/a><\/p>\n","protected":false},"excerpt":{"rendered":"Gabriela Sabatini, una leyenda indiscutible del deporte argentino, utiliz\u00f3 su potente voz autorizada en el rubro del tenis&hellip;\n","protected":false},"author":2,"featured_media":177924,"comment_status":"","ping_status":"","sticky":false,"template":"","format":"standard","meta":{"footnotes":""},"categories":[274],"tags":[168,25,24,49841,3438,23,167,327,326],"class_list":{"0":"post-177923","1":"post","2":"type-post","3":"status-publish","4":"format-standard","5":"has-post-thumbnail","7":"category-tenis","8":"tag-deportes","9":"tag-es","10":"tag-espana","11":"tag-gabriela-sabatini","12":"tag-juan-martin-del-potro","13":"tag-spain","14":"tag-sports","15":"tag-tenis","16":"tag-tennis"},"share_on_mastodon":{"url":"","error":""},"_links":{"self":[{"href":"https:\/\/www.europesays.com\/es\/wp-json\/wp\/v2\/posts\/177923","targetHints":{"allow":["GET"]}}],"collection":[{"href":"https:\/\/www.europesays.com\/es\/wp-json\/wp\/v2\/posts"}],"about":[{"href":"https:\/\/www.europesays.com\/es\/wp-json\/wp\/v2\/types\/post"}],"author":[{"embeddable":true,"href":"https:\/\/www.europesays.com\/es\/wp-json\/wp\/v2\/users\/2"}],"replies":[{"embeddable":true,"href":"https:\/\/www.europesays.com\/es\/wp-json\/wp\/v2\/comments?post=177923"}],"version-history":[{"count":0,"href":"https:\/\/www.europesays.com\/es\/wp-json\/wp\/v2\/posts\/177923\/revisions"}],"wp:featuredmedia":[{"embeddable":true,"href":"https:\/\/www.europesays.com\/es\/wp-json\/wp\/v2\/media\/177924"}],"wp:attachment":[{"href":"https:\/\/www.europesays.com\/es\/wp-json\/wp\/v2\/media?parent=177923"}],"wp:term":[{"taxonomy":"category","embeddable":true,"href":"https:\/\/www.europesays.com\/es\/wp-json\/wp\/v2\/categories?post=177923"},{"taxonomy":"post_tag","embeddable":true,"href":"https:\/\/www.europesays.com\/es\/wp-json\/wp\/v2\/tags?post=177923"}],"curies":[{"name":"wp","href":"https:\/\/api.w.org\/{rel}","templated":true}]}}