{"id":177927,"date":"2025-10-15T07:55:07","date_gmt":"2025-10-15T07:55:07","guid":{"rendered":"https:\/\/www.europesays.com\/es\/177927\/"},"modified":"2025-10-15T07:55:07","modified_gmt":"2025-10-15T07:55:07","slug":"mclaren-teme-que-max-verstappen-de-un-zarpazo-al-mundial-sigue-presente","status":"publish","type":"post","link":"https:\/\/www.europesays.com\/es\/177927\/","title":{"rendered":"McLaren teme que Max Verstappen d\u00e9 un &#8216;zarpazo&#8217; al mundial: \u00abSigue presente&#8230;\u00bb"},"content":{"rendered":"<p class=\"L6-news-detail__text\">Seg\u00fan avanza el calendario, con los McLaren muy favoritos para el t\u00edtulo mundial, <b><a title=\"Max Verstappen\" href=\"https:\/\/www.lasexta.com\/noticias\/deportes\/motor\/formula1\/jefe-aston-martin-lanza-cana-max-verstappen-que-estamos-dando-pasos-correctos_2025101468ee3a8b9c028a4cad376304.html\" target=\"_blank\" rel=\"nofollow noopener\">Max Verstappen<\/a><\/b> se va acercando poco a poco. Carrera a carrera sigue recortando puntos y este fin de semana en el <b>Gran Premio de Estados Unidos<\/b> podr\u00eda tener una doble oportunidad con la sprint y la cita del s\u00e1bado.<\/p>\n<p class=\"L6-news-detail__text\">Por eso en McLaren ya hablan abiertamente de que es candidato al t\u00edtulo. Lo dice <b>Zak Brown<\/b>, el jefe de <b>Oscar Piastri y Lando Norris.<\/b><\/p>\n<p class=\"L6-news-detail__text\">En la previa del fin de semana Brown reconoce que ya no depende exclusivamente de ellos: \u00abAunque nos gustar\u00eda que todo dependiera solo de nuestros dos pilotos, <b>Max sigue muy presente<\/b>. Creo que la clave ha sido que el equipo se ha mantenido muy concentrado, pero tambi\u00e9n muy humilde\u00bb.<\/p>\n<p class=\"L6-news-detail__text\">McLaren no va a cambiar su plan. Las pol\u00e9micas <b>&#8216;papaya rules&#8217;<\/b> seguir\u00e1n en vigor si sus pilotos est\u00e1n en plena lucha: \u00abAs\u00ed que seguiremos haciendo lo mismo. Nuestra estrategia no cambiar\u00e1 por haber ganado el Campeonato de Constructores&#8230; afrontaremos los fines de semana de carreras restantes de la misma manera que todos los anteriores\u00bb.<\/p>\n<p class=\"L6-news-detail__text\">Max <b>est\u00e1 a 63 puntos del liderato<\/b> que todav\u00eda posee Piastri. En el medio est\u00e1 un Lando Norris con 314 puntos.<\/p>\n<p class=\"L6-news-detail__text\">Un margen que se va estrechando. Y Verstappen prepara su gran zarpazo al mundial. <b>Red Bull<\/b> se lo est\u00e1 permitiendo con unas actualizaciones inesperadas antes de que lleguen las nuevas normas de la F\u00f3rmula 1 para la temporada que viene.<\/p>\n<p class=\"L6-support-news-video__title\">\u00abSiempre he hecho lo que he querido\u00bb<\/p>\n<p>            <a href=\"https:\/\/www.lasexta.com\/noticias\/deportes\/futbol\/puede-futbolista-salir-noche-tomarse-copa-ojo-opinion-guiza-cafelito_2025101468ee61fc9c028a4cad3a1829.html\" class=\"L6-news__link\" rel=\"nofollow noopener\" target=\"_blank\"><br \/>\n                \u00bfPuede un futbolista salir de noche y tomarse una copa? Ojo a la opini\u00f3n de G\u00fciza en &#8216;El Cafelito&#8217;<\/p>\n<p class=\"recirculation-video-desc\">Josep Pedrerol le pregunt\u00f3 al gaditano si sal\u00eda de noche durante su etapa en la \u00e9lite y su respuesta no deja indiferente a nadie. <\/p>\n<p>            <\/a><\/p>\n","protected":false},"excerpt":{"rendered":"Seg\u00fan avanza el calendario, con los McLaren muy favoritos para el t\u00edtulo mundial, Max Verstappen se va acercando&hellip;\n","protected":false},"author":2,"featured_media":16618,"comment_status":"","ping_status":"","sticky":false,"template":"","format":"standard","meta":{"footnotes":""},"categories":[270],"tags":[168,25,24,306,271,272,23,167],"class_list":{"0":"post-177927","1":"post","2":"type-post","3":"status-publish","4":"format-standard","5":"has-post-thumbnail","7":"category-formula-1","8":"tag-deportes","9":"tag-es","10":"tag-espana","11":"tag-f1","12":"tag-formula-1","13":"tag-formula1","14":"tag-spain","15":"tag-sports"},"share_on_mastodon":{"url":"","error":""},"_links":{"self":[{"href":"https:\/\/www.europesays.com\/es\/wp-json\/wp\/v2\/posts\/177927","targetHints":{"allow":["GET"]}}],"collection":[{"href":"https:\/\/www.europesays.com\/es\/wp-json\/wp\/v2\/posts"}],"about":[{"href":"https:\/\/www.europesays.com\/es\/wp-json\/wp\/v2\/types\/post"}],"author":[{"embeddable":true,"href":"https:\/\/www.europesays.com\/es\/wp-json\/wp\/v2\/users\/2"}],"replies":[{"embeddable":true,"href":"https:\/\/www.europesays.com\/es\/wp-json\/wp\/v2\/comments?post=177927"}],"version-history":[{"count":0,"href":"https:\/\/www.europesays.com\/es\/wp-json\/wp\/v2\/posts\/177927\/revisions"}],"wp:featuredmedia":[{"embeddable":true,"href":"https:\/\/www.europesays.com\/es\/wp-json\/wp\/v2\/media\/16618"}],"wp:attachment":[{"href":"https:\/\/www.europesays.com\/es\/wp-json\/wp\/v2\/media?parent=177927"}],"wp:term":[{"taxonomy":"category","embeddable":true,"href":"https:\/\/www.europesays.com\/es\/wp-json\/wp\/v2\/categories?post=177927"},{"taxonomy":"post_tag","embeddable":true,"href":"https:\/\/www.europesays.com\/es\/wp-json\/wp\/v2\/tags?post=177927"}],"curies":[{"name":"wp","href":"https:\/\/api.w.org\/{rel}","templated":true}]}}