{"id":177936,"date":"2025-10-15T08:01:10","date_gmt":"2025-10-15T08:01:10","guid":{"rendered":"https:\/\/www.europesays.com\/es\/177936\/"},"modified":"2025-10-15T08:01:10","modified_gmt":"2025-10-15T08:01:10","slug":"ot-se-posiciona-a-favor-de-leire-martinez-en-medio-del-revuelo-de-lodvg","status":"publish","type":"post","link":"https:\/\/www.europesays.com\/es\/177936\/","title":{"rendered":"&#8216;OT&#8217; se posiciona a favor de Leire Mart\u00ednez en medio del revuelo de &#8216;LODVG&#8217;"},"content":{"rendered":"<p>\n        El pasado 14 de octubre del pasado a\u00f1o, &#8216;<a href=\"https:\/\/www.noticiasdenavarra.com\/tags\/la-oreja-de-van-gogh\/\" title=\"La Oreja de Van Gogh\" class=\"link copy\" rel=\"nofollow noopener\" target=\"_blank\"><strong>La Oreja de Van Gogh<\/strong><\/a>&#8216; anunciaba que Leire Mart\u00ednez dejaba de ser su cantante despu\u00e9s de 17 a\u00f1os. Un a\u00f1o despu\u00e9s del comunicado,<strong>\u00a0la banda vuelve a estar en el centro de todas las miradas<\/strong>.\n<\/p>\n<p>  &#8216;La Oreja de Van Gogh&#8217; desata la pol\u00e9mica con un misterioso movimiento en redes sociales<\/p>\n<p class=\"article-body__text \">\n        Al parecer, el anuncio oficial del\u00a0<strong>regreso de\u00a0<\/strong><a href=\"https:\/\/www.noticiasdenavarra.com\/tags\/amaia-montero\/\" title=\"Amaia Montero\" class=\"link copy\" rel=\"nofollow noopener\" target=\"_blank\"><strong>Amaia Montero<\/strong><\/a><strong>\u00a0a &#8216;La Oreja de Van Gogh&#8217; es inminente.\u00a0<\/strong>Dos d\u00edas despu\u00e9s de que\u00a0el periodista Javier Hoyos lo adelantase en &#8216;<a href=\"https:\/\/www.noticiasdenavarra.com\/cultura\/musica\/2025\/10\/12\/amaia-montero-regreso-lodvg-inminente-10204401.html\" title=\"D Coraz\u00f3n\" class=\"link copy\" rel=\"nofollow noopener\" target=\"_blank\"><strong>D Coraz\u00f3n<\/strong><\/a>&#8216;,<strong>\u00a0el grupo ha reactivado sus redes sociales tras casi un a\u00f1o sin compartir contenido.<\/strong>\n<\/p>\n<p class=\"article-body__text \">\n        El post es una aut\u00e9ntica inc\u00f3gnita:\u00a0<strong>una foto en blanco y sin pie de foto.\u00a0<\/strong>Todo apunta a que se trata de una estrategia para\u00a0<strong>crear expectaci\u00f3n<\/strong>\u00a0ante el inminente anuncio. Pero m\u00e1s all\u00e1 del post,\u00a0llama la atenci\u00f3n que\u00a0<strong>el grupo ha eliminado<\/strong>\u00a0la que hasta hace unas horas era su \u00faltima publicaci\u00f3n:\u00a0<strong>el comunicado que anunciaba el despido de\u00a0<\/strong><a href=\"https:\/\/www.noticiasdenavarra.com\/tags\/leire-martinez\/\" title=\"Leire Mart\u00ednez\" class=\"link copy\" rel=\"nofollow noopener\" target=\"_blank\"><strong>Leire Mart\u00ednez<\/strong><\/a><strong>\u00a0del grupo.<\/strong>\n<\/p>\n<p class=\"article-body__text \">\n        Unas horas despu\u00e9s de &#8216;mover ficha&#8217; en redes sociales, el programa &#8216;\u00a1Buenos d\u00edas, Javi y Mar!&#8217; de\u00a0&#8216;<strong>Cadena 100<\/strong>&#8216; ha adelantado que en esta nueva etapa &#8216;La Oreja de Van Gogh&#8217;, formada originalmente por<strong>\u00a0Pablo Benegas, Xabi San Mart\u00edn, \u00c1lvaro Fuentes y Haritz Garde<\/strong>, no estar\u00e1 al completo.\u00a0<strong>El guitarrista y compositor Pablo Benegas abandona el grupo.<\/strong>\n<\/p>\n<p>  &#8216;OT&#8217; mueve ficha con Leire Mart\u00ednez en medio del revuelo por el regreso de Amaia Montero a &#8216;LODVG&#8217;<\/p>\n<p class=\"article-body__text \">\n        Este martes, 14 de octubre, durante el\u00a0<strong>reparto de temas<\/strong>\u00a0de la\u00a0<strong>gala 5<\/strong>,\u00a0<strong>Noem\u00ed Galera\u00a0<\/strong>sorprendi\u00f3 a todos al comunicar que la\u00a0<strong>grupal\u00a0<\/strong>de la pr\u00f3xima semana ser\u00e1\u00a0&#8216;<strong>Mi nombre&#8217;<\/strong>, primer tema en solitario de <a href=\"https:\/\/www.noticiasdenavarra.com\/tags\/leire-martinez\/\" title=\"Leire Mart\u00ednez\" target=\"_blank\" class=\"link copy\" rel=\"nofollow noopener\"><strong>Leire Mart\u00ednez<\/strong><\/a> tras su salida de &#8216;La Oreja de Van Gogh&#8217;.\n<\/p>\n<blockquote class=\"twitter-tweet\" data-lang=\"es\">\n<p lang=\"es\" dir=\"ltr\">La GRUPAL ser\u00e1 \u00abMi nombre\u00bb de Leire Mart\u00ednez&#8230; \u00a1Y la cantar\u00e1n con ella!<a href=\"https:\/\/twitter.com\/hashtag\/OTDirecto14O?src=hash&amp;ref_src=twsrc%5Etfw\" rel=\"nofollow noopener\" target=\"_blank\">#OTDirecto14O<\/a> <a href=\"https:\/\/t.co\/wr0D9cmfN8\" rel=\"nofollow\">pic.twitter.com\/wr0D9cmfN8<\/a><\/p>\n<p>\u2014 #OT2025 (@OT24h) <a href=\"https:\/\/twitter.com\/OT24h\/status\/1978100643765133655?ref_src=twsrc%5Etfw\" rel=\"nofollow noopener\" target=\"_blank\">14 de octubre de 2025<\/a><\/p><\/blockquote>\n<p class=\"article-body__text \">\n        La de Errenteria ha recibido el apoyo de sus compa\u00f1eros en Operaci\u00f3n Triunfo, que han elegido una de sus canciones en solitario para sus concursantes, &#8216;Mi nombre&#8217;. \u00ab<strong>La v\u00e1is a cantar con ella\u00bb<\/strong>, anunciaba la directora de la academia de &#8216;Operaci\u00f3n Triunfo&#8217;, Noem\u00ed Galera. \u00ab<strong>En una semana en la que hay que darle much\u00edsimo cari\u00f1ito a Lerie,.. por cosas, que lo sep\u00e1is. <\/strong>Desde aqu\u00ed, que te queremos\u00bb, continuaba diciendo Noem\u00ed. Los alumnos de OT r\u00e1pidamente se sumaban a estas muestras de cari\u00f1o por la que es una de las componentes del jurado de esta edici\u00f3n 2025.\n<\/p>\n<p>            <script async src=\"https:\/\/platform.twitter.com\/widgets.js\" charset=\"utf-8\"><\/script><\/p>\n","protected":false},"excerpt":{"rendered":"El pasado 14 de octubre del pasado a\u00f1o, &#8216;La Oreja de Van Gogh&#8216; anunciaba que Leire Mart\u00ednez dejaba&hellip;\n","protected":false},"author":2,"featured_media":177937,"comment_status":"","ping_status":"","sticky":false,"template":"","format":"standard","meta":{"footnotes":""},"categories":[171],"tags":[20219,146,147,25,24,1750,20220,697,24868,12212,221,50851,50852,29589,23,12211,214],"class_list":{"0":"post-177936","1":"post","2":"type-post","3":"status-publish","4":"format-standard","5":"has-post-thumbnail","7":"category-tv","8":"tag-amaia-montero","9":"tag-entertainment","10":"tag-entretenimiento","11":"tag-es","12":"tag-espana","13":"tag-ficha","14":"tag-la-oreja-de-van-gogh","15":"tag-medio","16":"tag-mueve","17":"tag-musical","18":"tag-ot","19":"tag-por-leire-martinez","20":"tag-refreso","21":"tag-revuelo","22":"tag-spain","23":"tag-talent","24":"tag-tv"},"share_on_mastodon":{"url":"","error":""},"_links":{"self":[{"href":"https:\/\/www.europesays.com\/es\/wp-json\/wp\/v2\/posts\/177936","targetHints":{"allow":["GET"]}}],"collection":[{"href":"https:\/\/www.europesays.com\/es\/wp-json\/wp\/v2\/posts"}],"about":[{"href":"https:\/\/www.europesays.com\/es\/wp-json\/wp\/v2\/types\/post"}],"author":[{"embeddable":true,"href":"https:\/\/www.europesays.com\/es\/wp-json\/wp\/v2\/users\/2"}],"replies":[{"embeddable":true,"href":"https:\/\/www.europesays.com\/es\/wp-json\/wp\/v2\/comments?post=177936"}],"version-history":[{"count":0,"href":"https:\/\/www.europesays.com\/es\/wp-json\/wp\/v2\/posts\/177936\/revisions"}],"wp:featuredmedia":[{"embeddable":true,"href":"https:\/\/www.europesays.com\/es\/wp-json\/wp\/v2\/media\/177937"}],"wp:attachment":[{"href":"https:\/\/www.europesays.com\/es\/wp-json\/wp\/v2\/media?parent=177936"}],"wp:term":[{"taxonomy":"category","embeddable":true,"href":"https:\/\/www.europesays.com\/es\/wp-json\/wp\/v2\/categories?post=177936"},{"taxonomy":"post_tag","embeddable":true,"href":"https:\/\/www.europesays.com\/es\/wp-json\/wp\/v2\/tags?post=177936"}],"curies":[{"name":"wp","href":"https:\/\/api.w.org\/{rel}","templated":true}]}}