{"id":177954,"date":"2025-10-15T08:16:08","date_gmt":"2025-10-15T08:16:08","guid":{"rendered":"https:\/\/www.europesays.com\/es\/177954\/"},"modified":"2025-10-15T08:16:08","modified_gmt":"2025-10-15T08:16:08","slug":"es-que-rafa-puede-hacer-lo-que-quiera","status":"publish","type":"post","link":"https:\/\/www.europesays.com\/es\/177954\/","title":{"rendered":"\u00bfEs que Rafa puede hacer lo que quiera?"},"content":{"rendered":"<p class=\"c-paragraph\">El espa\u00f1ol <a href=\"https:\/\/www.20minutos.es\/tags\/deportes\/rafa-nadal.html\" title=\"Rafa Nadal\" rel=\"nofollow noopener\" target=\"_blank\">Rafa Nadal<\/a> lleva casi un a\u00f1o retirado de las pistas, pero su forma de jugar sigue dando de qu\u00e9 hablar e incluso <b>contin\u00faa siendo foco de las cr\u00edticas de otros tenistas del circuito<\/b>. Hace unos d\u00edas ya se acord\u00f3 de \u00e9l el ruso <a href=\"https:\/\/www.20minutos.es\/tags\/deportes\/daniil-medvedev.html\" title=\"Daniil Medv\u00e9dev\" rel=\"nofollow noopener\" target=\"_blank\">Daniil Medvedev<\/a>, que mostr\u00f3 en pista mencion\u00f3 al balear para hablar del tiempo que tardaba en sacar su rival, y ahora es <a href=\"https:\/\/www.20minutos.es\/tags\/deportes\/nick-kyrgios.html\" title=\"Nick Kyrgios\" rel=\"nofollow noopener\" target=\"_blank\">Nick Kyrgios<\/a> el que comparte esa opini\u00f3n.<\/p>\n<p class=\"c-paragraph\">Durante el Masters 1.000 de Shangh\u00e1i, en plena pista, Medvedev se quej\u00f3 al juez de silla:\u00a0\u00ab<b><b>Veo que te importa poco el hecho que he estado toda mi vida esperando a Rafa [en referencia a Nadal] 55 segundos y ahora me amonestas a la primera.\u00a0<\/b><\/b>He jugado cinco veces contra Nadal, siempre le tuve que esperar y nunca le amonestaron\u00bb.<\/p>\n<p class=\"c-paragraph\">Cuestionado en el podcast Unscripted\u00a0por este rifirrafe, el australiano Nick Kyrgios apoy\u00f3 sus palabras. \u00abTienes un cron\u00f3metro para sacar entre puntos, \u00bfverdad? Deber\u00eda ser de 25 segundos.\u00a0<b>Rafa es conocido por alargar los tiempos<\/b>. Ha habido veces que ha tardado un minuto y medio en empezar los puntos y nadie dice nada\u00bb, arranc\u00f3 diciendo.<\/p>\n<p class=\"c-paragraph\">\u00abPero en cuanto pasan los 26 segundos, dicen: \u00abViolaci\u00f3n del c\u00f3digo, p\u00e9rdida del saque\u00bb, y yo les digo: \u00abHermano,\u00a0<b>\u00bfhay alguna discreci\u00f3n aqu\u00ed o es que Rafa puede hacer lo que quiera?<\/b>\u00ab, se quej\u00f3.<\/p>\n<p class=\"c-paragraph\">Por todos los aficionados del tenis es conocido que Kyrgios y Nadal nunca han sido amigos, una relaci\u00f3n de la que el australiano ha vuelto a hablar. \u00abEs\u00a0el mejor de todos los tiempos. No nos caemos bien, somos muy diferentes, pero lo respeto\u00bb, explic\u00f3.<\/p>\n","protected":false},"excerpt":{"rendered":"El espa\u00f1ol Rafa Nadal lleva casi un a\u00f1o retirado de las pistas, pero su forma de jugar sigue&hellip;\n","protected":false},"author":2,"featured_media":177955,"comment_status":"","ping_status":"","sticky":false,"template":"","format":"standard","meta":{"footnotes":""},"categories":[274],"tags":[6775,168,25,24,32796,50857,7745,23,167,327,326,14874],"class_list":{"0":"post-177954","1":"post","2":"type-post","3":"status-publish","4":"format-standard","5":"has-post-thumbnail","7":"category-tenis","8":"tag-denuncia","9":"tag-deportes","10":"tag-es","11":"tag-espana","12":"tag-kyrgios","13":"tag-nick","14":"tag-se","15":"tag-spain","16":"tag-sports","17":"tag-tenis","18":"tag-tennis","19":"tag-une"},"share_on_mastodon":{"url":"","error":""},"_links":{"self":[{"href":"https:\/\/www.europesays.com\/es\/wp-json\/wp\/v2\/posts\/177954","targetHints":{"allow":["GET"]}}],"collection":[{"href":"https:\/\/www.europesays.com\/es\/wp-json\/wp\/v2\/posts"}],"about":[{"href":"https:\/\/www.europesays.com\/es\/wp-json\/wp\/v2\/types\/post"}],"author":[{"embeddable":true,"href":"https:\/\/www.europesays.com\/es\/wp-json\/wp\/v2\/users\/2"}],"replies":[{"embeddable":true,"href":"https:\/\/www.europesays.com\/es\/wp-json\/wp\/v2\/comments?post=177954"}],"version-history":[{"count":0,"href":"https:\/\/www.europesays.com\/es\/wp-json\/wp\/v2\/posts\/177954\/revisions"}],"wp:featuredmedia":[{"embeddable":true,"href":"https:\/\/www.europesays.com\/es\/wp-json\/wp\/v2\/media\/177955"}],"wp:attachment":[{"href":"https:\/\/www.europesays.com\/es\/wp-json\/wp\/v2\/media?parent=177954"}],"wp:term":[{"taxonomy":"category","embeddable":true,"href":"https:\/\/www.europesays.com\/es\/wp-json\/wp\/v2\/categories?post=177954"},{"taxonomy":"post_tag","embeddable":true,"href":"https:\/\/www.europesays.com\/es\/wp-json\/wp\/v2\/tags?post=177954"}],"curies":[{"name":"wp","href":"https:\/\/api.w.org\/{rel}","templated":true}]}}