{"id":177966,"date":"2025-10-15T08:23:13","date_gmt":"2025-10-15T08:23:13","guid":{"rendered":"https:\/\/www.europesays.com\/es\/177966\/"},"modified":"2025-10-15T08:23:13","modified_gmt":"2025-10-15T08:23:13","slug":"charlie-mackesy-autor-del-libro-infantil-que-alabo-elsa-pataky","status":"publish","type":"post","link":"https:\/\/www.europesays.com\/es\/177966\/","title":{"rendered":"Charlie Mackesy, autor del libro infantil que alab\u00f3 Elsa Pataky:"},"content":{"rendered":"<p data-journey-content=\"true\" data-node-id=\"2\" class=\"css-6wxqfj emevuu60\">Hace seis a\u00f1os lleg\u00f3 a las tiendas un libro infantil que conquist\u00f3 por igual a grandes y peque\u00f1os: &#8216;El ni\u00f1o, el topo, el zorro y el caballo&#8217; (Suma), de Charlie Mackesy, un fen\u00f3meno editorial que alcanz\u00f3 a m\u00e1s de diez millones de lectores, cuya adaptaci\u00f3n a corto animado se llev\u00f3 un Oscar en 2023 y que, en Espa\u00f1a, celebrities como Sara Carbonero, Elsa Pataky o Marta Carriedo lo compartieron, alab\u00e1ndolo, en redes sociales. Sara Carbonero, por ejemplo, dijo de \u00e9l que es \u00abun libro que deber\u00eda leerse a todos los ni\u00f1os (y adultos) de forma recurrente\u00bb.<\/p>\n<p data-journey-content=\"true\" data-node-id=\"3\" class=\"css-6wxqfj emevuu60\">El libro, tan sencillo como inspirador, cuenta la historia de la amistad inesperada entre un ni\u00f1o, un topo, un zorro y un caballo. Juntos descubren que, con un poco de amabilidad y otro poco de amor, se pueden solventar todas las dificultades. Ahora, acaba de ser publicado, tambi\u00e9n por Suma, la continuaci\u00f3n del libro, titulada &#8216;Recuerda siempre: El ni\u00f1o, el topo, el zorro, el caballo y la tormenta&#8217;, en la que los cuatro amigos vuelven a vagar por la naturaleza y tendr\u00e1n que unir fuerza para enfrentarse a los nubarrones.<\/p>\n<p data-journey-content=\"true\" data-node-id=\"4\" class=\"css-6wxqfj emevuu60\">Charlie Mackesy (Northumberland, Reino Unido, 1962) comenz\u00f3 su carrera como dibujante de c\u00f3mics y luego se convirti\u00f3 en ilustrador de libros para Oxford University Press. Colabor\u00f3 con Richard Curtis en &#8216;Love Actually&#8217;, trabaj\u00f3 con Nelson Mandela en un proyecto de litograf\u00edas y se pueden encontrar sus dibujos en diversos espacios p\u00fablicos de Londres. <\/p>\n<p data-journey-content=\"true\" data-node-id=\"6\" class=\"css-6wxqfj emevuu60\">Su filantrop\u00eda y su manera de ver el mundo le ha llevado a codirigir una empresa social dedicada a la miel en Zambia que ayuda a familias con ingresos bajos o inexistentes a convertirse en apicultores. Hablamos con \u00e9l sobre su nuevo libro, sus inspiraciones, la esperanza oculta que rodea a la ciudadan\u00eda y su m\u00e9todo de trabajo.<\/p>\n<p><img draggable=\"true\" alt=\"ilustracion recuerda siempre: el ni\u00f1o, el topo, el zorro, el caballo y la tormenta charlie mackesy\" title=\"Ilustracion Recuerda siempre: El ni\u00f1o, el topo, el zorro, el caballo y la tormenta\" loading=\"lazy\" width=\"686\" height=\"865\" decoding=\"async\" data-nimg=\"1\" style=\"color:transparent;width:100%;height:auto;\"   src=\"https:\/\/www.europesays.com\/es\/wp-content\/uploads\/2025\/10\/captura-de-pantalla-2025-10-15-093041-68ef4f81c6897.jpg\" class=\"css-0 e1g79fud0\"\/><\/p>\n<p>Charlie Mackesy<\/p>\n<p data-journey-content=\"true\" data-node-id=\"8\" class=\"css-6wxqfj emevuu60\"><strong data-node-id=\"8.0\">Han pasado seis a\u00f1os desde que se public\u00f3 &#8216;<\/strong><strong data-node-id=\"8.1\">El ni\u00f1o, el topo, el zorro y el caballo&#8217;.<\/strong><strong data-node-id=\"8.2\"> \u00bfC\u00f3mo se siente al ver lo lejos que hemos llegado todos desde entonces?<\/strong><\/p>\n<p data-journey-content=\"true\" data-node-id=\"9\" class=\"css-6wxqfj emevuu60\">Siento muchas cosas. Soy consciente de lo dif\u00edcil que ha sido para todos y de c\u00f3mo hasta cierto punto lo sigue siendo. Siento que a la gente le ha ido mejor de lo que cree. Ahora que he creado &#8216;Recuerda siempre&#8217;, me doy cuenta de que muchos de los dibujos los publiqu\u00e9 originalmente en pandemia, y lo he revivido todo. Sigo asombrado por la naturaleza humana y por la manera en que unimos fuerzas. A menudo tengo ganas de decir \u00abbuen trabajo\u00bb porque creo que es algo que no oyen a menudo muchas personas \u2014en especial adultas\u2014 y me alegra haber podido incluir algunos dibujos de aquella \u00e9poca en el nuevo libro.<\/p>\n<p data-journey-content=\"true\" data-node-id=\"10\" class=\"css-6wxqfj emevuu60\"><strong data-node-id=\"10.0\">Sus palabras e ilustraciones se han usado en escuelas, c\u00e1rceles, hospitales y se han compartido p\u00fablicamente online, en papel y en la pantalla. \u00bfHay un lugar en que se haya usado su obra que lo haya sorprendido o conmovido especialmente?<\/strong><\/p>\n<p data-journey-content=\"true\" data-node-id=\"11\" class=\"css-6wxqfj emevuu60\">A menudo me sorprendo cuando lo comparten personas de las que no me lo esperar\u00eda. Me gusta ver a hombres fuertes hablar de ser fr\u00e1giles y de la importancia de pedir ayuda. Siempre me maravilla o\u00edr hablar de ejemplares del libro encontrados en rincones lejanos de lugares ins\u00f3litos. Me sigo quedando anonadado cuando la gente me manda fotograf\u00edas de mis dibujos pegados en paredes de habitaciones de hospital, colegios, farolas, incluso vestuarios de futbolistas. En estos \u00faltimos a\u00f1os he debido de recibir medio mill\u00f3n de correos electr\u00f3nicos, gran cantidad de los cuales hablaban de dificultades a las que se enfrentaban las personas, en particular durante la pandemia, pero tambi\u00e9n despu\u00e9s.<\/p>\n<p data-journey-content=\"true\" data-node-id=\"12\" class=\"css-6wxqfj emevuu60\">Siempre me ha conmovido la conexi\u00f3n de estos lectores con el libro, su franqueza y las formas en que el libro los ha ayudado a encontrar maneras de conectar con los dem\u00e1s. Uno de los efectos maravillosas que tiene un libro es que mientras yo estoy durmiendo o comi\u00e9ndome unos espaguetis, el libro sigue ocupado, sigue hablando a personas que encuentran en \u00e9l cosas que yo no he encontrado. Espero que con este ocurra lo mismo. <\/p>\n<p><img draggable=\"true\" alt=\"ilustracion recuerda siempre: el ni\u00f1o, el topo, el zorro, el caballo y la tormenta charlie mackesy\" title=\"Ilustracion Recuerda siempre: El ni\u00f1o, el topo, el zorro, el caballo y la tormenta\" loading=\"lazy\" width=\"442\" height=\"612\" decoding=\"async\" data-nimg=\"1\" style=\"color:transparent;width:100%;height:auto;\"   src=\"https:\/\/www.europesays.com\/es\/wp-content\/uploads\/2025\/10\/captura-de-pantalla-2025-10-15-092942-68ef4fed3dd6c.jpg\" class=\"css-0 e1g79fud0\"\/><a target=\"_blank\" rel=\"noopener nofollow\" data-theme-key=\"base-link\" href=\"https:\/\/pinterest.com\/pin\/create\/button\/?url=https:\/\/www.elle.com\/es\/living\/ocio-cultura\/a69028116\/charlie-mackesy-autor-recuerda-siempre-el-nino-el-topo-el-zorro-el-caballo-la-tormenta-libro-ninos\/&amp;description=- ElleSpain&amp;media=https:\/\/hips.hearstapps.com\/hmg-prod\/images\/captura-de-pantalla-2025-10-15-092942-68ef4fed3dd6c.jpg?resize=1600:*\" class=\"pinterest css-on9hn5 e1c1bym14\"><img decoding=\"async\" data-dynamic-svg=\"true\" src=\"https:\/\/www.elle.com\/_assets\/design-tokens\/fre\/static\/icons\/social\/pinterest.e8cf655.svg?primary=%2523ffffff\" loading=\"lazy\" data-testid=\"dynamic-svg-base\" height=\"auto\" width=\"auto\" alt=\"pinterest\" class=\"css-4lml0h e1mlxuuw1\"\/><\/a><\/p>\n<p>Charlie Mackesy<\/p>\n<p data-journey-content=\"true\" data-node-id=\"14\" class=\"css-6wxqfj emevuu60\"><strong data-node-id=\"14.0\">\u00bfEl proceso de hacer este libro fue similar al del primero? \u00bfO fue diferente?<\/strong><\/p>\n<p data-journey-content=\"true\" data-node-id=\"15\" class=\"css-6wxqfj emevuu60\">Creo que fueron diferentes. Este lo he hecho de una manera m\u00e1s consciente. He cambiado y creo que el mundo tambi\u00e9n. Hacer este libro me result\u00f3 muy duro, mi vida en ese momento era dolorosa, dif\u00edcil y ca\u00f3tica; perd\u00ed a mi madre, a mi perro y a amigos mientras trabajaba en \u00e9l. La vida no es f\u00e1cil para nadie, pero de alguna manera fue un buen lugar en el que volcar mis preguntas, compartir c\u00f3mo me sent\u00eda, ver y percibir el viaje continuo de los personajes. Una de las cosas que m\u00e1s me ha gustado del libro nuevo y de lo que ha pasado en mi interior es descubrir que cuando la vida se complica, te hace crecer y cambiar, y el ni\u00f1o cambia. En muchos sentidos, este libro es un rito de paso que lo vuelve m\u00e1s fuerte y valiente.<\/p>\n<p data-journey-content=\"true\" data-node-id=\"16\" class=\"css-6wxqfj emevuu60\"><strong data-node-id=\"16.0\">En este libro emplea colores y t\u00e9cnicas distintas del primero. \u00bfFue una elecci\u00f3n deliberada?<\/strong><\/p>\n<p data-journey-content=\"true\" data-node-id=\"17\" class=\"css-6wxqfj emevuu60\">No estoy seguro de hacer nada de forma deliberada o consciente, las cosas suelen salirme de dentro y a menudo me sorprenden. Desde luego me ha sorprendido, para bien, la cantidad de color que hay en este libro, en particular en las p\u00e1ginas de paisajes y de la tienda de tartas del topo. A menudo me sorprendo observando la naturaleza sin decir gran cosa y espero que estas p\u00e1ginas hagan lo mismo. Creo que las respuestas pueden llegar solo mirando o estando cerca de algo, que es lo que descubre el ni\u00f1o. Creo que la belleza natural es importante para todos nosotros, desde luego para m\u00ed lo es. <\/p>\n<p><img draggable=\"true\" alt=\"ilustracion recuerda siempre: el ni\u00f1o, el topo, el zorro, el caballo y la tormenta charlie mackesy\" title=\"Ilustracion Recuerda siempre: El ni\u00f1o, el topo, el zorro, el caballo y la tormenta\" loading=\"lazy\" width=\"656\" height=\"691\" decoding=\"async\" data-nimg=\"1\" style=\"color:transparent;width:100%;height:auto;\"   src=\"https:\/\/www.europesays.com\/es\/wp-content\/uploads\/2025\/10\/captura-de-pantalla-2025-10-15-092954-68ef50105aa77.jpg\" class=\"css-0 e1g79fud0\"\/><a target=\"_blank\" rel=\"noopener nofollow\" data-theme-key=\"base-link\" href=\"https:\/\/pinterest.com\/pin\/create\/button\/?url=https:\/\/www.elle.com\/es\/living\/ocio-cultura\/a69028116\/charlie-mackesy-autor-recuerda-siempre-el-nino-el-topo-el-zorro-el-caballo-la-tormenta-libro-ninos\/&amp;description=- ElleSpain&amp;media=https:\/\/hips.hearstapps.com\/hmg-prod\/images\/captura-de-pantalla-2025-10-15-092954-68ef50105aa77.jpg?resize=1600:*\" class=\"pinterest css-on9hn5 e1c1bym14\"><img decoding=\"async\" data-dynamic-svg=\"true\" src=\"https:\/\/www.elle.com\/_assets\/design-tokens\/fre\/static\/icons\/social\/pinterest.e8cf655.svg?primary=%2523ffffff\" loading=\"lazy\" data-testid=\"dynamic-svg-base\" height=\"auto\" width=\"auto\" alt=\"pinterest\" class=\"css-4lml0h e1mlxuuw1\"\/><\/a><\/p>\n<p>Charlie Mackesy<\/p>\n<p data-journey-content=\"true\" data-node-id=\"19\" class=\"css-6wxqfj emevuu60\"><strong data-node-id=\"19.0\">\u00bfCu\u00e1l es la raz\u00f3n del t\u00edtulo &#8216;Recuerda siempre&#8217; y de a\u00f1adir la tormenta al resto de personajes?<\/strong><\/p>\n<p data-journey-content=\"true\" data-node-id=\"20\" class=\"css-6wxqfj emevuu60\">Me despert\u00e9 a las tres de la madrugada con las palabras del t\u00edtulo en la cabeza. Es como podr\u00eda empezar una frase de un amigo o un padre cari\u00f1osos: \u00abRecuerda siempre esto\u00bb. A veces necesitamos tener cosas presentes para sobrevivir a un d\u00eda. Me pareci\u00f3 que resum\u00eda lo que debe hacer el ni\u00f1o para sobrevivir a la tormenta; elige recordar que es amado e importante y decide que, por esa raz\u00f3n, resistir\u00e1. Tambi\u00e9n me parece que las palabras \u00abRecuerda siempre\u00bb pueden aplicarse a muchas p\u00e1ginas de este libro.<br data-node-id=\"20.1\"\/><\/p>\n<p data-journey-content=\"true\" data-node-id=\"21\" class=\"css-6wxqfj emevuu60\"><strong data-node-id=\"21.0\">\u00bfDice algo este libro a sus lectores sobre el amor? <\/strong><\/p>\n<p data-journey-content=\"true\" data-node-id=\"22\" class=\"css-6wxqfj emevuu60\">Siempre soy cauto a la hora de decir lo que pueden extraer los lectores de un libro y he visto a personas extraer cosas de mis dibujos que no era mi intenci\u00f3n decir. Por lo general la gente es m\u00e1s lista que yo y ve cosas que yo no veo. Si soy sincero, yo no s\u00e9 m\u00e1s del amor que nadie. El odio y la oscuridad reciben mucha atenci\u00f3n en los medios de comunicaci\u00f3n, pero que el amor est\u00e1 en todas partes y es enorme y esperanzador y nos recorre todo el tiempo. Las peque\u00f1as cosas \u2014una sonrisa en el metro, hacerle a alguien una taza de t\u00e9, escribir un mensaje a un amigo, apretar el hombro de alguien que pasa por un mal momento y estar all\u00ed los unos para los otros\u2014no salen en las noticias, pero est\u00e1n por todas partes.<\/p>\n<p><img draggable=\"true\" alt=\"ilustracion recuerda siempre el ni\u00f1o, el topo, el zorro, el caballo y la tormenta charlie mackesy\" title=\"Ilustracion recuerda siempre el ni\u00f1o, el topo, el zorro, el caballo y la tormenta\" loading=\"lazy\" width=\"597\" height=\"672\" decoding=\"async\" data-nimg=\"1\" style=\"color:transparent;width:100%;height:auto;\"   src=\"https:\/\/www.europesays.com\/es\/wp-content\/uploads\/2025\/10\/captura-de-pantalla-2025-10-15-093055-68ef5252d10d5.jpg\" class=\"css-0 e1g79fud0\"\/><a target=\"_blank\" rel=\"noopener nofollow\" data-theme-key=\"base-link\" href=\"https:\/\/pinterest.com\/pin\/create\/button\/?url=https:\/\/www.elle.com\/es\/living\/ocio-cultura\/a69028116\/charlie-mackesy-autor-recuerda-siempre-el-nino-el-topo-el-zorro-el-caballo-la-tormenta-libro-ninos\/&amp;description=- ElleSpain&amp;media=https:\/\/hips.hearstapps.com\/hmg-prod\/images\/captura-de-pantalla-2025-10-15-093055-68ef5252d10d5.jpg?resize=1600:*\" class=\"pinterest css-on9hn5 e1c1bym14\"><img decoding=\"async\" data-dynamic-svg=\"true\" src=\"https:\/\/www.elle.com\/_assets\/design-tokens\/fre\/static\/icons\/social\/pinterest.e8cf655.svg?primary=%2523ffffff\" loading=\"lazy\" data-testid=\"dynamic-svg-base\" height=\"auto\" width=\"auto\" alt=\"pinterest\" class=\"css-4lml0h e1mlxuuw1\"\/><\/a><\/p>\n<p>Charlie Mackesy<\/p>\n<p data-journey-content=\"true\" data-node-id=\"24\" class=\"css-6wxqfj emevuu60\"><strong data-node-id=\"24.0\">Ha hablado de como los personajes representan partes de usted y de todos nosotros. \u00bfC\u00f3mo cree que han crecido y qu\u00e9 reflejo tiene eso en c\u00f3mo piensa que hemos crecido todos?<\/strong><\/p>\n<p data-journey-content=\"true\" data-node-id=\"25\" class=\"css-6wxqfj emevuu60\">El sufrimiento es algo que no pedimos, pero a menudo nos transforma en las personas que queremos ser, incluso si nunca hubi\u00e9semos elegido el sufrimiento como manera de llegar a ello. Esto es exactamente lo que le ocurre al ni\u00f1o. Siempre ha querido ser valiente, pero no sab\u00eda c\u00f3mo, y encontrarse solo haciendo frente a este gran temor le permite crecer. Nunca so\u00f1\u00f3 llegar all\u00ed de esa manera. Y creo que, para m\u00ed, perder a un progenitor, un perro o el amor es algo que temo profundamente, pero al mismo tiempo el duelo y la pena me han hecho m\u00e1s emp\u00e1tico y m\u00e1s tierno. Me han obligado a pararme a escuchar. No puedo hablar por otros, pero estoy convencido de que las cosas por las que hemos pasado en los \u00faltimos cinco a\u00f1os nos han extenuado y nos han convertido en personas m\u00e1s emp\u00e1ticas y pacientes. <\/p>\n<p data-journey-content=\"true\" data-node-id=\"26\" class=\"css-6wxqfj emevuu60\"><strong data-node-id=\"26.0\">\u00bfCree que volveremos a encontrarnos con estos personajes?<\/strong><\/p>\n<p data-journey-content=\"true\" data-node-id=\"27\" class=\"css-6wxqfj emevuu60\">Espero que s\u00ed, creo que les quedan cosas por aprender y por experimentar. Pero no podr\u00eda haber hecho este libro m\u00e1s deprisa, me ha ido llegando poco a poco, igual que el agua moja una roca. As\u00ed que qui\u00e9n sabe, pero los personajes siempre est\u00e1n dentro de m\u00ed y siempre los siento.<\/p>\n<p><img draggable=\"true\" alt=\"ilustracion recuerda siempre: el ni\u00f1o, el topo, el zorro, el caballo y la tormenta charlie mackesy\" title=\"Ilustracion Recuerda siempre: El ni\u00f1o, el topo, el zorro, el caballo y la tormenta\" loading=\"lazy\" width=\"680\" height=\"880\" decoding=\"async\" data-nimg=\"1\" style=\"color:transparent;width:100%;height:auto;\"   src=\"https:\/\/www.europesays.com\/es\/wp-content\/uploads\/2025\/10\/captura-de-pantalla-2025-10-15-093011-68ef503b24323.jpg\" class=\"css-0 e1g79fud0\"\/><a target=\"_blank\" rel=\"noopener nofollow\" data-theme-key=\"base-link\" href=\"https:\/\/pinterest.com\/pin\/create\/button\/?url=https:\/\/www.elle.com\/es\/living\/ocio-cultura\/a69028116\/charlie-mackesy-autor-recuerda-siempre-el-nino-el-topo-el-zorro-el-caballo-la-tormenta-libro-ninos\/&amp;description=- ElleSpain&amp;media=https:\/\/hips.hearstapps.com\/hmg-prod\/images\/captura-de-pantalla-2025-10-15-093011-68ef503b24323.jpg?resize=1600:*\" class=\"pinterest css-on9hn5 e1c1bym14\"><img decoding=\"async\" data-dynamic-svg=\"true\" src=\"https:\/\/www.elle.com\/_assets\/design-tokens\/fre\/static\/icons\/social\/pinterest.e8cf655.svg?primary=%2523ffffff\" loading=\"lazy\" data-testid=\"dynamic-svg-base\" height=\"auto\" width=\"auto\" alt=\"pinterest\" class=\"css-4lml0h e1mlxuuw1\"\/><\/a><\/p>\n<p>Charlie Mackesy<\/p>\n<p data-journey-content=\"true\" data-node-id=\"29\" class=\"css-6wxqfj emevuu60\"><strong data-node-id=\"29.0\">\u00bfC\u00f3mo se siente cuando dibuja? \u00bfEst\u00e1 siempre dibujando?<\/strong><\/p>\n<p data-journey-content=\"true\" data-node-id=\"30\" class=\"css-6wxqfj emevuu60\">Cuando dibujo me siento conectado con una parte profunda de m\u00ed, desaparezco en otro mundo. Empiezo a dibujar a la hora de comer y, cuando miro el reloj, son las cinco de la tarde y no s\u00e9 d\u00f3nde he estado todas esas horas. A menudo es un lugar seguro, creo. Me gusta sentir que otros puedan extraer placer mirando los dibujos. Cuando me entero de que hay personas que han tenido un dibujo m\u00edo en una pared durante a\u00f1os, o que una enfermera lo ha colgado en la pared de un hospital, me asombra que estos garabatos de tinta hayan ayudado a personas a sentirse optimistas, esperanzadas o conectadas. <\/p>\n<p><a target=\"_blank\" rel=\"nofollow noopener\" data-theme-key=\"product-image-wrapper\" href=\"https:\/\/www.amazon.es\/dp\/8410257556?tag=ellespain-21\" aria-label=\"21\u00a0\u20ac en Amazon for \" data-href=\"https:\/\/www.amazon.es\/dp\/8410257556\" data-product-url=\"https:\/\/www.amazon.es\/dp\/8410257556\" data-affiliate=\"true\" data-affiliate-url=\"https:\/\/www.amazon.es\/dp\/8410257556?tag=ellespain-21\" data-affiliate-network=\"{&quot;site_id&quot;:&quot;5545cc0d-2c00-4ffe-8b27-aa070fd2db3c&quot;,&quot;metadata&quot;:{&quot;links&quot;:{&quot;default&quot;:&quot;https:\/\/www.amazon.es\/dp\/8410257556?tag=ellespain-21&quot;}},&quot;network&quot;:{&quot;name&quot;:&quot;Amazon&quot;},&quot;afflink_redirect&quot;:&quot;\/_p\/afflink\/ynUv\/amazon-recuerda-siempre-el-nino-el&quot;}\" data-vars-ga-call-to-action=\"21\u00a0\u20ac en Amazon\" data-vars-ga-media-role=\"\" data-vars-ga-media-type=\"Single Product Embed\" data-vars-ga-outbound-link=\"https:\/\/www.amazon.es\/dp\/8410257556\" data-vars-ga-product-brand=\"SUMA\" data-vars-ga-product-id=\"742427f7-56a2-492f-8794-b8c68d0aa660\" data-vars-ga-product-price=\"20,80\u00a0\u20ac\" data-vars-ga-product-retailer-id=\"3f106bbd-6e0e-493a-b0e0-8be70fae1b7d\" data-vars-ga-product-sem3-brand=\"SUMA\" data-vars-ga-product-sem3-category=\"C\u00f3mics y novelas gr\u00e1ficas\" data-vars-ga-link-treatment=\"(not set) | (not set)\" data-vars-ga-sku=\"8410257556\" data-vars-ga-magento-tracking=\"1\" class=\"product-image-link ebgq4gw2 e1b8bpvs0 css-g6od0w e1c1bym14\"><img  alt=\"This is an image\" title=\"This is an image\" src=\"https:\/\/www.europesays.com\/es\/wp-content\/uploads\/2025\/10\/1760514160-71SEBXhUNBL.jpg\" width=\"2000\" height=\"2555\" decoding=\"async\" loading=\"lazy\"\/><\/a><\/p>\n<p data-journey-content=\"true\" data-node-id=\"32\" class=\"css-6wxqfj emevuu60\">Creo que una de las cosas m\u00e1s conmovedoras que he o\u00eddo nunca es que durante la pandemia colegios y hospitales arrancaron los dibujos y los pegaron en paredes de salas de personal o en pasillos. Me puso un nudo en la garganta. Si lo piensas, es una locura que puedas sin buscarlo convertirte en parte del viaje de alguien, saber que mis dibujos han desempe\u00f1ado un peque\u00f1o papel en sus vidas, y por eso siempre estar\u00e9 agradecido. <\/p>\n<p data-journey-content=\"true\" data-node-id=\"33\" class=\"css-6wxqfj emevuu60\"><strong data-node-id=\"33.0\">Su obra nos anima mucho a ser amables con los dem\u00e1s, tanto como con nosotros mismos. \u00bfQu\u00e9 hace usted para tratarse con amabilidad?<\/strong><\/p>\n<p data-journey-content=\"true\" data-node-id=\"34\" class=\"css-6wxqfj emevuu60\">Es un viaje que me ha costado hacer. Creo que ser amable conmigo mismo en este momento consiste en saber que las respuestas a esas preguntas no van a ser perfectas y que no pasa nada porque as\u00ed sea. Quitarme presi\u00f3n y abrazar la imperfecci\u00f3n. Consiste en comer y dormir bien, en perdonar y ser comprensivo conmigo mismo en cosas que pueden ir desde ser impaciente a hacer un mal dibujo. Es un viaje de autoaceptaci\u00f3n y de amor. Lo curioso es que he descubierto que cuanto m\u00e1s cultivo estas cosas, m\u00e1s quiero y acepto a los dem\u00e1s. <\/p>\n<p><img decoding=\"async\" data-dynamic-svg=\"true\" src=\"https:\/\/www.elle.com\/_assets\/design-tokens\/elle\/static\/images\/logos\/lettermark.8631e88.svg?primary=%2523000\" loading=\"lazy\" data-testid=\"dynamic-svg-base\" height=\"100\" width=\"100\" alt=\"Lettermark\" class=\"css-7mevzh ev8dhu50\"\/><\/p>\n<p>Han pasado casi 40 a\u00f1os desde el primer n\u00famero de Elle y en todo este tiempo hemos estado comprometidos en informarte sobre las \u00faltimas tendencias y noticias en torno al ocio, la cultura y el estilo de vida. Y lo hemos hecho con un grupo de periodistas expertos en la materia, dispuestos a viajar y recorrer mundo, a ver series, a descubrirte las mejores pel\u00edculas del momento o a leerse cientos de libros y novelas para recomendarte uno solo.<\/p>\n<p>Los profesionales que hay detr\u00e1s de la secci\u00f3n de Living en Elle cuentan con d\u00e9cadas de experiencia en libros, cine, televisi\u00f3n, series, pol\u00edtica, viajes, tecnolog\u00eda, feminismo, m\u00fasica, trabajo, finanzas, psicolog\u00eda, \u2018celebrities\u2019, dise\u00f1o, arquitectura\u2026 Es decir, todos aquellos aspectos de la cultura, el ocio y el tiempo libre que te interesan.<\/p>\n<p>Nuestra redacci\u00f3n, ubicada en Madrid, Espa\u00f1a, tiene una amplia trayectoria elaborando este tipo de contenidos, tanto en Elle como en otras revistas de Lifestyle, lo cual es sin duda la clave del \u00e9xito de nuestro buen posicionamiento con este tipo de contenidos.\u00a0<\/p>\n<p>Los redactores de la redacci\u00f3n Living de Elle son un conjunto de periodistas y freelance de amplia trayectoria profesional que enumeramos a continuaci\u00f3n:<\/p>\n<p>&#8211; <a href=\"https:\/\/www.elle.com\/es\/author\/15941\/amaya-ascunce\/\" rel=\"nofollow noopener\" target=\"_blank\">Amaya Ascunce<\/a><a href=\"https:\/\/www.elle.com\/es\/author\/15941\/amaya-ascunce\/\" rel=\"nofollow noopener\" target=\"_blank\">,<\/a> directora digital de Elle.\u00a0<\/p>\n<p>&#8211; <a href=\"https:\/\/www.elle.com\/es\/author\/16109\/carmen-bejerano\/\" rel=\"nofollow noopener\" target=\"_blank\">Carmen Bejerano<\/a>, redactora jefe digital de Elle.\u00a0<\/p>\n<p>&#8211; <a href=\"https:\/\/www.elle.com\/es\/author\/16099\/begona-alonso\/\" rel=\"nofollow noopener\" target=\"_blank\">Bego\u00f1a Alonso<\/a>, redactora de Living, ocio, cultura y viajes de Elle.\u00a0<\/p>\n<p>&#8211; <a href=\"https:\/\/www.elle.com\/es\/author\/15271\/blanca-del-rio\/\" rel=\"nofollow noopener\" target=\"_blank\">Blanca del R\u00edo<\/a>, redactora de Belleza, nutrici\u00f3n, psicolog\u00eda y salud de Elle.\u00a0<\/p>\n<p>&#8211; <a href=\"https:\/\/www.elle.com\/es\/author\/261113\/Silvia-Congost\/\" rel=\"nofollow noopener\" target=\"_blank\">Silvia Congost<\/a>, psic\u00f3loga y colaboradora de Psico.\u00a0<\/p>\n<p>&#8211; <a href=\"https:\/\/www.elle.com\/es\/author\/16720\/Amalia-Panea\/\" rel=\"nofollow noopener\" target=\"_blank\">Amalia Panea<\/a>, freelance de belleza, nutrici\u00f3n, psicolog\u00eda y salud.\u00a0<\/p>\n<p>&#8211; <a href=\"https:\/\/www.elle.com\/es\/author\/231248\/marita-alonso\/\" rel=\"nofollow noopener\" target=\"_blank\">Marita Alonso<\/a>, freelance de cultura y estilo de vida.\u00a0<\/p>\n<p>&#8211; <a href=\"https:\/\/www.elle.com\/es\/author\/235036\/marta-d-riezu\/\" rel=\"nofollow noopener\" target=\"_blank\">Marta D. Riezu<\/a>, colaboradora de \u2018Radicales Libres\u2019. \u00a0\u00a0<\/p>\n<p>&#8211; <a href=\"https:\/\/www.elle.com\/es\/author\/231252\/natalia-de-santiago\/\" rel=\"nofollow noopener\" target=\"_blank\">Natalia de Santiago<\/a>, nuestra jefa de econom\u00eda y finanzas. \u00a0\u00a0<\/p>\n<p>&#8211; <a href=\"https:\/\/www.elle.com\/es\/author\/283055\/mimi-granizo\/\" rel=\"nofollow noopener\" target=\"_blank\">Mimi Granizo<\/a>, colaboradora de ocio y cultura. \u00a0\u00a0<\/p>\n","protected":false},"excerpt":{"rendered":"Hace seis a\u00f1os lleg\u00f3 a las tiendas un libro infantil que conquist\u00f3 por igual a grandes y peque\u00f1os:&hellip;\n","protected":false},"author":2,"featured_media":177967,"comment_status":"","ping_status":"","sticky":false,"template":"","format":"standard","meta":{"footnotes":""},"categories":[172],"tags":[1655,224,1180,146,147,25,24,225,23],"class_list":{"0":"post-177966","1":"post","2":"type-post","3":"status-publish","4":"format-standard","5":"has-post-thumbnail","7":"category-libros","8":"tag-afiliacion","9":"tag-books","10":"tag-editorial","11":"tag-entertainment","12":"tag-entretenimiento","13":"tag-es","14":"tag-espana","15":"tag-libros","16":"tag-spain"},"share_on_mastodon":{"url":"","error":""},"_links":{"self":[{"href":"https:\/\/www.europesays.com\/es\/wp-json\/wp\/v2\/posts\/177966","targetHints":{"allow":["GET"]}}],"collection":[{"href":"https:\/\/www.europesays.com\/es\/wp-json\/wp\/v2\/posts"}],"about":[{"href":"https:\/\/www.europesays.com\/es\/wp-json\/wp\/v2\/types\/post"}],"author":[{"embeddable":true,"href":"https:\/\/www.europesays.com\/es\/wp-json\/wp\/v2\/users\/2"}],"replies":[{"embeddable":true,"href":"https:\/\/www.europesays.com\/es\/wp-json\/wp\/v2\/comments?post=177966"}],"version-history":[{"count":0,"href":"https:\/\/www.europesays.com\/es\/wp-json\/wp\/v2\/posts\/177966\/revisions"}],"wp:featuredmedia":[{"embeddable":true,"href":"https:\/\/www.europesays.com\/es\/wp-json\/wp\/v2\/media\/177967"}],"wp:attachment":[{"href":"https:\/\/www.europesays.com\/es\/wp-json\/wp\/v2\/media?parent=177966"}],"wp:term":[{"taxonomy":"category","embeddable":true,"href":"https:\/\/www.europesays.com\/es\/wp-json\/wp\/v2\/categories?post=177966"},{"taxonomy":"post_tag","embeddable":true,"href":"https:\/\/www.europesays.com\/es\/wp-json\/wp\/v2\/tags?post=177966"}],"curies":[{"name":"wp","href":"https:\/\/api.w.org\/{rel}","templated":true}]}}