{"id":177996,"date":"2025-10-15T08:44:04","date_gmt":"2025-10-15T08:44:04","guid":{"rendered":"https:\/\/www.europesays.com\/es\/177996\/"},"modified":"2025-10-15T08:44:04","modified_gmt":"2025-10-15T08:44:04","slug":"quique-carcel-desvela-los-detalles-del-no-de-echeverri-y-las-inesperadas-salidas-de-krejci-y-yangel-michel-entendia-que-no-protegiamos-a-la-plantilla-girona","status":"publish","type":"post","link":"https:\/\/www.europesays.com\/es\/177996\/","title":{"rendered":"Quique C\u00e1rcel desvela los detalles del &#8216;no&#8217; de Echeverri y las inesperadas salidas de Krejci y Yangel: \u00abM\u00edchel entend\u00eda que no proteg\u00edamos a la plantilla\u00bb | Girona"},"content":{"rendered":"<p class=\"ft-text\">El director deportivo del <strong>Girona<\/strong>, <strong>Quique C\u00e1rcel<\/strong>, ofreci\u00f3 una rueda de prensa junto al <strong>CEO<\/strong> del club, <strong>Nacho Mas-Bag\u00e0<\/strong>, para hacer balance de <a class=\"ft-link ft-link--decoration\" href=\"https:\/\/www.sport.es\/es\/noticias\/girona\/mercado-complicado-girona-quique-carcel-122599809\" rel=\"nofollow noopener\" target=\"_blank\">un mercado complicado<\/a> que elev\u00f3 el estr\u00e9s de todos los integrantes del conjunto catal\u00e1n hasta un punto dif\u00edcil de manejar. Una situaci\u00f3n que condicion\u00f3 el inicio liguero del equipo, que encaden\u00f3 malos resultados con actuaciones muy mejorables, sumando \u00fanicamente seis puntos de 48 posibles.<\/p>\n<p class=\"ft-text\">El objetivo del <strong>Girona<\/strong>, como reconocieron <strong>Mas-Bag\u00e0<\/strong> y <strong>C\u00e1rcel<\/strong>, no es otro que salir del descenso, superar este bache y asegurar la continuidad en <strong>Primera Divisi\u00f3n<\/strong>. Sin embargo, el director deportivo fue sincero sobre el impacto negativo que causaron bajas importantes e inesperadas, como las de <strong>Miguel Guti\u00e9rrez<\/strong>, <strong>Yangel Herrera<\/strong> o <strong>Ladislav Krejci<\/strong>, que adem\u00e1s se cerraron a pocos d\u00edas del final del mercado y dejaron muy tocados a <strong>M\u00edchel<\/strong> y al propio <strong>C\u00e1rcel<\/strong>.<\/p>\n<blockquote class=\"ft-mol-quote\" data-aida-quote=\"\"><p>Nosotros nunca valoramos la venta de Krejci, pero llega una oferta de esa magnitud&#8230;<\/p>\n<p class=\"ft-mol-quote__author--name\">Quique C\u00e1rcel<\/p>\n<p class=\"ft-mol-quote__author--status\">\u2014 Director deportivo del Girona<\/p>\n<\/blockquote>\n<p class=\"ft-text\">\u201cNosotros nunca valoramos la venta de Krejci, pero llega una oferta de esa magnitud&#8230; <strong>Queremos crecer a nivel de ingresos y esa es la \u00fanica manera<\/strong>. Estamos abiertos a vender, pero tienen que ser este tipo de ofertas\u201d, reconoci\u00f3 sobre la salida del central checo, que acab\u00f3 firmando por el <strong>Wolverhampton<\/strong> a cambio de <strong>30 millones de euros<\/strong>, una cifra irrechazable para el <strong>Girona<\/strong>.<\/p>\n<blockquote class=\"ft-mol-quote\" data-aida-quote=\"\"><p> Yangel era capital para nosotros y nos pidi\u00f3 salir antes de jugar en Villarreal. La Cer\u00e1mica fue un calvario para nosotros<\/p>\n<p class=\"ft-mol-quote__author--name\">Quique C\u00e1rcel<\/p>\n<p class=\"ft-mol-quote__author--status\">\u2014 Director deportivo del Girona<\/p>\n<\/blockquote>\n<p class=\"ft-text\">En el caso de <strong>Yangel Herrera<\/strong>, <strong>C\u00e1rcel <\/strong>explic\u00f3 que la decisi\u00f3n del jugador fue clave para su salida de Montilivi. \u201c<strong>Ni yo ni M\u00edchel quer\u00edamos venderlo, pero nos dijo que quer\u00eda salir y que no estaba feliz con el proyecto. Es complicado<\/strong>. Por eso hay que entender que el m\u00edster (M\u00edchel) explote, como tras el partido del Villarreal. Pierdes 5-0, con errores individuales graves&#8230; <strong>Yangel era capital para nosotros y nos pide salir el viernes, antes de jugar el partido.<\/strong> Esta es la verdad y es una situaci\u00f3n muy complicada. \u00bfQu\u00e9 le digo a M\u00edchel? \u00bfJuega o no juega? Es un hombre excepcional, un jugador bestial, pero ese d\u00eda nos penaliz\u00f3 mucho y pasamos un calvario en La Cer\u00e1mica\u201d, desvel\u00f3. El venezolano, actualmente jugador de la <strong>Real Sociedad<\/strong>, dej\u00f3 <strong>11 millones de euros <\/strong>en las arcas del club.<\/p>\n<p>Sin margen para reaccionar<\/p>\n<p class=\"ft-text\">A partir de esa salida, el mercado del <strong>Girona<\/strong> cambi\u00f3 radicalmente, y con muy poco tiempo para reaccionar. \u201cEl a\u00f1o pasado nos falt\u00f3 gol. M\u00edchel quer\u00eda talento y alegr\u00eda en los \u00faltimos metros, e intentamos ir a por eso en el mercado. <strong>Los fichajes como Ounahi, Vanat y Bryan Gil se gestionaron desde hace tiempo, pero con la condici\u00f3n de que hubiese ventas<\/strong>. Sobre todo los dos \u00faltimos, los necesit\u00e1bamos arriba. <strong>Intentamos dar salida a Miovski todo el verano, pero no lo conseguimos hasta el final.<\/strong> Ha sido un mercado muy extra\u00f1o\u201d, detall\u00f3.<\/p>\n<blockquote class=\"ft-mol-quote\" data-aida-quote=\"\"><p>M\u00edchel entend\u00eda que el club no proteg\u00eda a la plantilla, pero eso a veces es incontrolable<\/p>\n<p class=\"ft-mol-quote__author--name\">Quique C\u00e1rcel<\/p>\n<p class=\"ft-mol-quote__author--status\">\u2014 Director deportivo del Girona<\/p>\n<\/blockquote>\n<p class=\"ft-text\">\u201c<strong>M\u00edchel entend\u00eda que el club no proteg\u00eda a la plantilla, pero eso a veces es incontrolable<\/strong>. Intentamos ayudar al entrenador a trabajar; lo que me habr\u00eda gustado a m\u00ed era hacerle una plantilla el primer d\u00eda, pero los presupuestos son los que son y las ventas llegan cuando llegan. <strong>Las de Guti\u00e9rrez, Yangel Herrera y Krejci se cerraron tarde. No se pudo hacer otra cosa<\/strong>\u201d, a\u00f1adi\u00f3.<\/p>\n<p><img decoding=\"async\" src=\"https:\/\/www.europesays.com\/es\/wp-content\/uploads\/2025\/10\/6ccc8650-125c-426b-9da6-57c16ed07f08_alta-libre-aspect-ratio_default_0.jpg\" width=\"1200\" height=\"675\" alt=\"Krejci, contra el Villarreal\" class=\"ft-helper-img-rd\" loading=\"lazy\" hasdataaida=\"true\"\/><\/p>\n<p class=\"ft-helper-fontColor-quaternary ft-helper-fontSize-body-S ft-helper-spacer-t-xxs\">Krejci, contra el Villarreal  \/ @gironaFC<\/p>\n<p class=\"ft-text\">En la porter\u00eda tambi\u00e9n hubo movimiento, aunque no era el plan inicial. \u201c<strong>La idea era mantener la porter\u00eda del a\u00f1o pasado. Renovamos a Juan Carlos, que es importante dentro del vestuario, pero una lesi\u00f3n nos oblig\u00f3 a salir al mercado a por la mejor opci\u00f3n posible<\/strong>, que acab\u00f3 siendo Livakovic, una incorporaci\u00f3n excepcional, poder traerlo con nuestra realidad. Aunque no es cierto que haya venido a ser titular: aqu\u00ed manda M\u00edchel; <strong>nunca le he prometido a ning\u00fan jugador ser titular<\/strong>\u201d, recalc\u00f3.<\/p>\n<p>El &#8216;no&#8217; de Echeverri<\/p>\n<p class=\"ft-text\"><strong>C\u00e1rcel<\/strong> tambi\u00e9n habl\u00f3 de las operaciones con el <strong>Manchester City<\/strong> y la situaci\u00f3n de <strong>Claudio Echeverri<\/strong>, que acab\u00f3 saliendo cedido al <strong>Bayer Leverkusen<\/strong>. \u201cQuer\u00edamos a <strong>Echeverri <\/strong>porque es un jugador bestial, que marc\u00f3 en el Mundial de Clubes. \u00c9l quer\u00eda jugar, tener minutos y disputar competiciones europeas, pero <strong>creo que quer\u00eda venir aqu\u00ed y fue su agente quien busc\u00f3 otro perfil de proyecto, y hay que respetarlo<\/strong>\u201d, revel\u00f3.<\/p>\n<p><img decoding=\"async\" src=\"https:\/\/www.europesays.com\/es\/wp-content\/uploads\/2025\/10\/3ce2b3a2-a5d8-4d6f-a0ca-98a300e2ebd1_alta-libre-aspect-ratio_default_0.jpg\" width=\"1200\" height=\"675\" alt=\"Claudio Echeverri posando con la camiseta del Bayer Leverkusen\" class=\"ft-helper-img-rd\" loading=\"lazy\" hasdataaida=\"true\"\/><\/p>\n<p class=\"ft-helper-fontColor-quaternary ft-helper-fontSize-body-S ft-helper-spacer-t-xxs\">Claudio Echeverri posando con la camiseta del Bayer Leverkusen  \/ FDP Radio<\/p>\n<p class=\"ft-text\">Finalmente, <strong>C\u00e1rcel<\/strong> aludi\u00f3 a unas palabras que pronunci\u00f3 la temporada pasada, asegurando que \u201c<strong>esto no es el Fantasy<\/strong>\u201d, en referencia a la confecci\u00f3n de la plantilla. \u201c<strong>Hago la broma del Fantasy porque cada uno quiere hacer su equipo<\/strong>. Pienso que las competencias son buenas si los roles est\u00e1n bien diferenciados, como pasaba con <strong>Miguel<\/strong>, <strong>Krejci<\/strong> y <strong>Blind<\/strong> (todos capaces de jugar por la izquierda). No me esperaba que se fuera <strong>Krejci<\/strong>, y <strong>\u00c1lex Moreno<\/strong> es una buena apuesta: un jugador importante y titular. <strong>Blind<\/strong> debe jugar m\u00e1s de central que de lateral, es mi opini\u00f3n. Con un lateral izquierdo m\u00e1s estar\u00edamos m\u00e1s tranquilos, pero <strong>hay que confiar en la polivalencia de los jugadores y en el filial<\/strong>\u201d, concluy\u00f3.<\/p>\n","protected":false},"excerpt":{"rendered":"El director deportivo del Girona, Quique C\u00e1rcel, ofreci\u00f3 una rueda de prensa junto al CEO del club, Nacho&hellip;\n","protected":false},"author":2,"featured_media":177997,"comment_status":"","ping_status":"","sticky":false,"template":"","format":"standard","meta":{"footnotes":""},"categories":[268],"tags":[168,50868,25,24,50867,280,282,1147,50869,288,50866,50871,27192,24780,50870,50865,281,23,167,39543],"class_list":{"0":"post-177996","1":"post","2":"type-post","3":"status-publish","4":"format-standard","5":"has-post-thumbnail","7":"category-futbol","8":"tag-deportes","9":"tag-echeverri","10":"tag-es","11":"tag-espana","12":"tag-fichajes-girona","13":"tag-football","14":"tag-futbol","15":"tag-girona","16":"tag-krejci","17":"tag-laliga","18":"tag-liga-espanola","19":"tag-livakovic","20":"tag-michel","21":"tag-miguel-gutierrez","22":"tag-miovski","23":"tag-quique-carcel","24":"tag-soccer","25":"tag-spain","26":"tag-sports","27":"tag-yangel-herrera"},"share_on_mastodon":{"url":"","error":""},"_links":{"self":[{"href":"https:\/\/www.europesays.com\/es\/wp-json\/wp\/v2\/posts\/177996","targetHints":{"allow":["GET"]}}],"collection":[{"href":"https:\/\/www.europesays.com\/es\/wp-json\/wp\/v2\/posts"}],"about":[{"href":"https:\/\/www.europesays.com\/es\/wp-json\/wp\/v2\/types\/post"}],"author":[{"embeddable":true,"href":"https:\/\/www.europesays.com\/es\/wp-json\/wp\/v2\/users\/2"}],"replies":[{"embeddable":true,"href":"https:\/\/www.europesays.com\/es\/wp-json\/wp\/v2\/comments?post=177996"}],"version-history":[{"count":0,"href":"https:\/\/www.europesays.com\/es\/wp-json\/wp\/v2\/posts\/177996\/revisions"}],"wp:featuredmedia":[{"embeddable":true,"href":"https:\/\/www.europesays.com\/es\/wp-json\/wp\/v2\/media\/177997"}],"wp:attachment":[{"href":"https:\/\/www.europesays.com\/es\/wp-json\/wp\/v2\/media?parent=177996"}],"wp:term":[{"taxonomy":"category","embeddable":true,"href":"https:\/\/www.europesays.com\/es\/wp-json\/wp\/v2\/categories?post=177996"},{"taxonomy":"post_tag","embeddable":true,"href":"https:\/\/www.europesays.com\/es\/wp-json\/wp\/v2\/tags?post=177996"}],"curies":[{"name":"wp","href":"https:\/\/api.w.org\/{rel}","templated":true}]}}