{"id":178008,"date":"2025-10-15T08:51:18","date_gmt":"2025-10-15T08:51:18","guid":{"rendered":"https:\/\/www.europesays.com\/es\/178008\/"},"modified":"2025-10-15T08:51:18","modified_gmt":"2025-10-15T08:51:18","slug":"el-mejor-jugador-de-la-seleccion-es-el-equipo","status":"publish","type":"post","link":"https:\/\/www.europesays.com\/es\/178008\/","title":{"rendered":"\u00abEl mejor jugador de la selecci\u00f3n es el equipo\u00bb"},"content":{"rendered":"<p style=\"\">Dice Luis de la Fuente que se toma como una motivaci\u00f3n extra ser considerada la mejor selecci\u00f3n del mundo y el entrenador que la dirige. \u00abVamos a ver hasta donde llegamos\u00bb, dice despu\u00e9s de igualar el r\u00e9cord de partidos invictos (29) que levant\u00f3 el equipo  &#8230; de Vicente Del Bosque.<\/p>\n<p class=\"voc-p\" style=\"\"><strong>El triunfo ante Bulgaria.<\/strong> \u00abHab\u00eda que picar piedra, tener constancia, ellos han defendido bien en bloque bajo, si hubi\u00e9ramos tenido finura y eficacia&#8230; No han sido rotaciones, que tienen car\u00e1cter peyorativo, nadie regala nada, lamento no haber tiempo a todos\u00bb.<\/p>\n<p class=\"voc-p\" style=\"\"><strong>R\u00e9cord.<\/strong> \u00abGran alegr\u00eda sumar otro partido e igualar a Don Vicente del Bosque, referente y al que admiro. Es un \u00e9xito de estos futbolistas, que tienen un rendimiento ejemplar. Queremos la victoria 30 y 31, trabajo jugadores. Optimistas para el futuro\u00bb.<\/p>\n<p class=\"voc-p\" style=\"\">El grupo. \u00abMe gusta que lo pongan dif\u00edcil. Todos tienen potencial, ofrecieron una actuaci\u00f3n muy buena y los rivales parecen m\u00e1s d\u00e9biles de lo que son. Cualquier equipo te genera problemas. Es m\u00e9rito de los jugadores\u00bb.<\/p>\n<p class=\"voc-p\" style=\"\"><strong>Samu y Borja.<\/strong> \u00abSamu ha trabajado much\u00edsimo, le ha tocado abrir espacios en defensa, lo suyo correr a espacios, las transiciones. Borja se ha beneficiado, es trabajo en equipo. Si fallan ocasiones, ya lo meter\u00e1n. Su problema no es el gol. Metemos muchos goles muchos futbolistas, eso es una virtud\u00bb.<\/p>\n<p class=\"voc-p\" style=\"\"><strong>Lesionados.<\/strong> \u00abMe acostumbro, pero no est\u00e1 conseguida la clasificaci\u00f3n, hay dos partidos muy dif\u00edciles, mucho por hacer. Nuestro trabajo, gran responsabilidad, a nivel pa\u00eds y selecci\u00f3n. Se nos exige tanto y tenemos que dar lo mejor\u00bb.<\/p>\n<p class=\"voc-p\" style=\"\"><strong>Pedri.<\/strong> \u00abEl p\u00fablico espa\u00f1ol tiene buen gusto, siempre hubo grandes futbolistas espa\u00f1oles. Otros jugadores de gran nivel, brillan todos. El mejor jugador de la selecci\u00f3n es el equipo\u00bb.<\/p>\n<p class=\"voc-p\" style=\"\"><strong>Merino.<\/strong> \u00abEs complet\u00edsimo, capaz de adaptarse a cualquier demarcaci\u00f3n, una suerte que est\u00e9 con nosotros, interpreta bien al rival, a lo que hay que hacer, <\/p>\n<p class=\"voc-p\" style=\"\"><strong>Herencia.<\/strong> \u00abEs un producto de lo que hemos heredado, 2008 con Luis, Del Bosque tambi\u00e9n, culturalmente conocen la historia. Es un legado maravilloso para el f\u00fatbol espa\u00f1ol\u00bb.<\/p>\n","protected":false},"excerpt":{"rendered":"Dice Luis de la Fuente que se toma como una motivaci\u00f3n extra ser considerada la mejor selecci\u00f3n del&hellip;\n","protected":false},"author":2,"featured_media":178009,"comment_status":"","ping_status":"","sticky":false,"template":"","format":"standard","meta":{"footnotes":""},"categories":[93],"tags":[168,622,25,24,6865,378,1684,1988,23,167],"class_list":{"0":"post-178008","1":"post","2":"type-post","3":"status-publish","4":"format-standard","5":"has-post-thumbnail","7":"category-deportes","8":"tag-deportes","9":"tag-equipo","10":"tag-es","11":"tag-espana","12":"tag-fuente","13":"tag-jugador","14":"tag-mejor","15":"tag-seleccion","16":"tag-spain","17":"tag-sports"},"share_on_mastodon":{"url":"","error":""},"_links":{"self":[{"href":"https:\/\/www.europesays.com\/es\/wp-json\/wp\/v2\/posts\/178008","targetHints":{"allow":["GET"]}}],"collection":[{"href":"https:\/\/www.europesays.com\/es\/wp-json\/wp\/v2\/posts"}],"about":[{"href":"https:\/\/www.europesays.com\/es\/wp-json\/wp\/v2\/types\/post"}],"author":[{"embeddable":true,"href":"https:\/\/www.europesays.com\/es\/wp-json\/wp\/v2\/users\/2"}],"replies":[{"embeddable":true,"href":"https:\/\/www.europesays.com\/es\/wp-json\/wp\/v2\/comments?post=178008"}],"version-history":[{"count":0,"href":"https:\/\/www.europesays.com\/es\/wp-json\/wp\/v2\/posts\/178008\/revisions"}],"wp:featuredmedia":[{"embeddable":true,"href":"https:\/\/www.europesays.com\/es\/wp-json\/wp\/v2\/media\/178009"}],"wp:attachment":[{"href":"https:\/\/www.europesays.com\/es\/wp-json\/wp\/v2\/media?parent=178008"}],"wp:term":[{"taxonomy":"category","embeddable":true,"href":"https:\/\/www.europesays.com\/es\/wp-json\/wp\/v2\/categories?post=178008"},{"taxonomy":"post_tag","embeddable":true,"href":"https:\/\/www.europesays.com\/es\/wp-json\/wp\/v2\/tags?post=178008"}],"curies":[{"name":"wp","href":"https:\/\/api.w.org\/{rel}","templated":true}]}}