{"id":178023,"date":"2025-10-15T09:00:10","date_gmt":"2025-10-15T09:00:10","guid":{"rendered":"https:\/\/www.europesays.com\/es\/178023\/"},"modified":"2025-10-15T09:00:10","modified_gmt":"2025-10-15T09:00:10","slug":"la-infanta-elena-emociona-con-su-mensaje-a-morante-de-la-puebla-tras-su-inesperada-retirada","status":"publish","type":"post","link":"https:\/\/www.europesays.com\/es\/178023\/","title":{"rendered":"La infanta Elena emociona con su mensaje a Morante de la Puebla tras su inesperada retirada"},"content":{"rendered":"<p><img alt=\"\" class=\"global-image\" decoding=\"async\" fetchpriority=\"high\" height=\"1440\" loading=\"eager\" src=\"https:\/\/www.europesays.com\/es\/wp-content\/uploads\/2025\/10\/C4POL5TQHZAFZECPGWNHALTUMY.jpg\" width=\"1920\"\/><\/p>\n<p class=\"paragraph\">Demostrando una vez m\u00e1s su pasi\u00f3n por la Fiesta Nacional, la infanta Elena ha sido la encargada de presidir la XXIII edici\u00f3n de los Premios Taurinos de Telemadrid que se han celebrado este martes en el Teatro Calder\u00f3n de Madrid y en los que se ha galardonado a los triunfadores de la Feria de San Isidro.<\/p>\n<p class=\"paragraph\">El gran protagonista de la noche, Jos\u00e9 Antonio Morante de la Puebla, que ha recibido el premio a Mejor Torero tras cortarse la coleta por sorpresa el pasado domingo en Las Ventas coincidiendo con el D\u00eda de la Hispanidad y con la presencia en el tendido de la hija del Rey Juan Carlos.<\/p>\n<p class=\"paragraph\">Todav\u00eda asimilando su retirada de los ruedos -aunque su entorno asegura que ha sido una decisi\u00f3n meditada por sus problemas de salud mental- el maestro no ha asistido a la gala, siendo Curro V\u00e1zquez el encargado de recibir el reconocimiento en su nombre.<\/p>\n<p class=\"paragraph\">Pese a su ausencia, y sin ocultar la admiraci\u00f3n que siempre ha sentido por \u00e9l, do\u00f1a Elena le ha dedicado unas emotivas palabras en uno de sus discursos m\u00e1s trabajados y emocionantes en defensa de la tauromaquia: \u00abEs un honor acompa\u00f1aros hoy en esta 23 edici\u00f3n de los Premios TeleMadrid. Una cita que nos re\u00fane para celebrar el arte, el valor y la entrega que definen al mundo del torero. Un mundo estrechamente vinculado a nuestras ra\u00edces y tradiciones, que siempre ha contado con la admiraci\u00f3n y el respeto de una parte esencial porque hablar de torero es hablar tambi\u00e9n de identidad, de belleza y de una forma \u00fanica de entender la vida. El torero forma parte del alba de Espa\u00f1a, representa la valent\u00eda, el respeto, la belleza y la verdad, valores que trascienden el ruedo y nos recuerdan la importancia de conservar aquello que nos une y nos identifica como pueblo\u00bb.<\/p>\n<p class=\"paragraph\">\u00abA los premiados, a Jos\u00e9 Antonio Morante de la Puebla. En este contexto de reconocimiento y gratitud no puedo dejar pasar la oportunidad de recordar la tarde inolvidable de Jos\u00e9 Antonio, que nos brind\u00f3 el pasado domingo. Te vas de la plaza como te mereces, pero jam\u00e1s de nuestras almas, que conectaron tantas veces tu arte, tu maestr\u00eda, tu forma de templar la vida\u00bb ha expresado.<\/p>\n<p class=\"paragraph\">\u00abGracias Jos\u00e9 Antonio, has sido y siempre ser\u00e1s un referente del arte taurino, ejemplo de inspiraci\u00f3n, dedicaci\u00f3n y autenticidad. Ser\u00e1s el adi\u00f3s de la tauromaquia que nunca sabr\u00e1 decir\u00bb ha concluido conmovida.<\/p>\n<p class=\"paragraph\">Adem\u00e1s de por su aplaudido discurso, la infanta Elena tambi\u00e9n se ha convertido en protagonista de la velada por su look sobrio a la par que elegante, compuesto por falda midi plisada de seda en color azul marino, chaqueta blanca de corte estructurado con botones en plata que dejaba a la vista el cuello de su blusa, de organza estampada en blanco y negro, y zapatos de tac\u00f3n sensato. En cuanto a los complementos, la hermana de Felipe VI ha lucido un original broche en la solapa, unos originales pendientes de alambre met\u00e1lico con forma de flor, y un abanico negro muy castizo.<\/p>\n","protected":false},"excerpt":{"rendered":"Demostrando una vez m\u00e1s su pasi\u00f3n por la Fiesta Nacional, la infanta Elena ha sido la encargada de&hellip;\n","protected":false},"author":2,"featured_media":178024,"comment_status":"","ping_status":"","sticky":false,"template":"","format":"standard","meta":{"footnotes":""},"categories":[277],"tags":[373,168,25,24,23,167,374],"class_list":{"0":"post-178023","1":"post","2":"type-post","3":"status-publish","4":"format-standard","5":"has-post-thumbnail","7":"category-toreo","8":"tag-bullfighting","9":"tag-deportes","10":"tag-es","11":"tag-espana","12":"tag-spain","13":"tag-sports","14":"tag-toreo"},"share_on_mastodon":{"url":"","error":""},"_links":{"self":[{"href":"https:\/\/www.europesays.com\/es\/wp-json\/wp\/v2\/posts\/178023","targetHints":{"allow":["GET"]}}],"collection":[{"href":"https:\/\/www.europesays.com\/es\/wp-json\/wp\/v2\/posts"}],"about":[{"href":"https:\/\/www.europesays.com\/es\/wp-json\/wp\/v2\/types\/post"}],"author":[{"embeddable":true,"href":"https:\/\/www.europesays.com\/es\/wp-json\/wp\/v2\/users\/2"}],"replies":[{"embeddable":true,"href":"https:\/\/www.europesays.com\/es\/wp-json\/wp\/v2\/comments?post=178023"}],"version-history":[{"count":0,"href":"https:\/\/www.europesays.com\/es\/wp-json\/wp\/v2\/posts\/178023\/revisions"}],"wp:featuredmedia":[{"embeddable":true,"href":"https:\/\/www.europesays.com\/es\/wp-json\/wp\/v2\/media\/178024"}],"wp:attachment":[{"href":"https:\/\/www.europesays.com\/es\/wp-json\/wp\/v2\/media?parent=178023"}],"wp:term":[{"taxonomy":"category","embeddable":true,"href":"https:\/\/www.europesays.com\/es\/wp-json\/wp\/v2\/categories?post=178023"},{"taxonomy":"post_tag","embeddable":true,"href":"https:\/\/www.europesays.com\/es\/wp-json\/wp\/v2\/tags?post=178023"}],"curies":[{"name":"wp","href":"https:\/\/api.w.org\/{rel}","templated":true}]}}