{"id":178027,"date":"2025-10-15T09:04:10","date_gmt":"2025-10-15T09:04:10","guid":{"rendered":"https:\/\/www.europesays.com\/es\/178027\/"},"modified":"2025-10-15T09:04:10","modified_gmt":"2025-10-15T09:04:10","slug":"prohiben-la-entrada-a-china-a-un-ciclista-espanol-por-poner-el-icono-de-un-cerdo-junto-a-la-bandera-del-pais","status":"publish","type":"post","link":"https:\/\/www.europesays.com\/es\/178027\/","title":{"rendered":"Proh\u00edben la entrada a China a un ciclista espa\u00f1ol por poner el icono de un cerdo junto a la bandera del pa\u00eds"},"content":{"rendered":"<p><img fetchpriority=\"high\" class=\"v-a-img\" src=\"https:\/\/www.europesays.com\/es\/wp-content\/uploads\/2025\/10\/aparicio-kWeE-U2303380359301MsB-1200x840@El Correo.jpg\" loading=\"eager\" decoding=\"async\" alt=\"Proh\u00edben la entrada a China a un ciclista espa\u00f1ol por poner el icono de un cerdo junto a la bandera del pa\u00eds\"  width=\"1200\" height=\"840\"\/><\/p>\n<p>@BurgosBH        <\/p>\n<p>Mario Aparicio, corredor del Burgos BH, la l\u00eda en su perfil de Strava y la empresa organizadora decide descalificarle de la carrera por violar \u00abel reglamento del torneo y el c\u00f3digo de \u00e9tica deportiva\u00bb<\/p>\n<p class=\"v-mdl-ath__p v-mdl-ath__p--6\">\nMi\u00e9rcoles, 15 de octubre 2025, 10:08<\/p>\n<p>| Actualizado 10:43h.<\/p>\n<p class=\"v-p\">El ciclista Mario Aparicio (Burgos BH) fue expulsado el domingo del Tour de Mentougou, en China, tras concluir la primera de las tres etapas de la carrera por colocar el icono de un cerdo junto a la bandera del pa\u00eds asi\u00e1tico. La pol\u00e9mica publicaci\u00f3n, subida al perfil de Strava del corredor, fue borrada pocas horas despu\u00e9s tras la pol\u00e9mica generada en las redes sociales de China.<\/p>\n<p><img decoding=\"async\" loading=\"lazy\" src=\"https:\/\/www.europesays.com\/es\/wp-content\/uploads\/2025\/10\/mario-aparicio-burgos-bh.JPG\" class=\"v-a-img\" width=\"944\" height=\"878\" alt=\"\" data-voc-vtm-id=\"in-text-traffic\"\/><\/p>\n<p><img loading=\"lazy\" decoding=\"async\" src=\"https:\/\/www.europesays.com\/es\/wp-content\/uploads\/2025\/10\/mario-aparicio-burgos-bh.JPG\" class=\"v-mdl__img-z\" width=\"944\" height=\"878\" alt=\"\"\/><\/p>\n<p class=\"v-p\">Seg\u00fan ha podido saber este peri\u00f3dico de fuentes cercanas al entorno del ciclista, China ha prohibido su entrada al pa\u00eds y ni siquiera podr\u00e1 hacer escala en sus aeropuertos. Esto supone un grave problema para su carrera pues en Asia, y especialmente en China, se disputan varias carreras ciclistas del calendario internacional.<\/p>\n<p class=\"v-p\">La empresa organizadora de la carrera, una vez conocido lo sucedido con Aparicio, decidi\u00f3 descalificarle por violar \u00abel reglamento del torneo y el c\u00f3digo de \u00e9tica deportiva\u00bb.<\/p>\n<p class=\"v-p\">El joven ciclista de 25 a\u00f1os, y natural de Aranda de Duero, fue descalificado de la carrera el primer d\u00eda y desde el equipo burgal\u00e9s denuncian que recibi\u00f3 \u00abmuchas amenazas de muerte\u00bb por parte de aficionados chinos. Desde el Burgos BH, sin embargo, aseguran a &#8216;El Mundo&#8217; que la publicaci\u00f3n se trat\u00f3 de \u00abuna broma hacia el compa\u00f1ero que hab\u00eda ganado la etapa, algo sin malicia y sin relaci\u00f3n con el pueblo chino\u00bb.<\/p>\n<p class=\"v-p\">El Tour de Mentougou, una carrera de segunda categor\u00eda en el ciclismo, acab\u00f3 ayer con un \u00e9xito rotundo para el Burgos BH. Carlos Garc\u00eda Pierna se llev\u00f3 la general y estuvo acompa\u00f1ado en el podium por sus compa\u00f1eros Cl\u00e9ment Alleno y Antonio Angulo. Jos\u00e9 Luis Faura, tambi\u00e9n del Burgos BH, acab\u00f3 sexto completando una magn\u00edfica actuaci\u00f3n del equipo espa\u00f1ol.<\/p>\n<p>Reporta un error<\/p>\n","protected":false},"excerpt":{"rendered":"@BurgosBH Mario Aparicio, corredor del Burgos BH, la l\u00eda en su perfil de Strava y la empresa organizadora&hellip;\n","protected":false},"author":2,"featured_media":178028,"comment_status":"","ping_status":"","sticky":false,"template":"","format":"standard","meta":{"footnotes":""},"categories":[273],"tags":[13281,4860,31837,1615,313,1757,312,168,25,24,1489,32444,15228,2326,1352,23,167],"class_list":{"0":"post-178027","1":"post","2":"type-post","3":"status-publish","4":"format-standard","5":"has-post-thumbnail","7":"category-ciclismo","8":"tag-bandera","9":"tag-carrera","10":"tag-cerdo","11":"tag-china","12":"tag-ciclismo","13":"tag-ciclista","14":"tag-cycling","15":"tag-deportes","16":"tag-es","17":"tag-espana","18":"tag-espanol","19":"tag-expulsan","20":"tag-icono","21":"tag-junto","22":"tag-poner","23":"tag-spain","24":"tag-sports"},"share_on_mastodon":{"url":"","error":""},"_links":{"self":[{"href":"https:\/\/www.europesays.com\/es\/wp-json\/wp\/v2\/posts\/178027","targetHints":{"allow":["GET"]}}],"collection":[{"href":"https:\/\/www.europesays.com\/es\/wp-json\/wp\/v2\/posts"}],"about":[{"href":"https:\/\/www.europesays.com\/es\/wp-json\/wp\/v2\/types\/post"}],"author":[{"embeddable":true,"href":"https:\/\/www.europesays.com\/es\/wp-json\/wp\/v2\/users\/2"}],"replies":[{"embeddable":true,"href":"https:\/\/www.europesays.com\/es\/wp-json\/wp\/v2\/comments?post=178027"}],"version-history":[{"count":0,"href":"https:\/\/www.europesays.com\/es\/wp-json\/wp\/v2\/posts\/178027\/revisions"}],"wp:featuredmedia":[{"embeddable":true,"href":"https:\/\/www.europesays.com\/es\/wp-json\/wp\/v2\/media\/178028"}],"wp:attachment":[{"href":"https:\/\/www.europesays.com\/es\/wp-json\/wp\/v2\/media?parent=178027"}],"wp:term":[{"taxonomy":"category","embeddable":true,"href":"https:\/\/www.europesays.com\/es\/wp-json\/wp\/v2\/categories?post=178027"},{"taxonomy":"post_tag","embeddable":true,"href":"https:\/\/www.europesays.com\/es\/wp-json\/wp\/v2\/tags?post=178027"}],"curies":[{"name":"wp","href":"https:\/\/api.w.org\/{rel}","templated":true}]}}