{"id":178033,"date":"2025-10-15T09:07:09","date_gmt":"2025-10-15T09:07:09","guid":{"rendered":"https:\/\/www.europesays.com\/es\/178033\/"},"modified":"2025-10-15T09:07:09","modified_gmt":"2025-10-15T09:07:09","slug":"cuco-ziganda-habla-del-fichaje-de-sabino-padilla-por-el-athletic-perdi-siete-kilos-dejamos-de-ir-a-comer-chuletas","status":"publish","type":"post","link":"https:\/\/www.europesays.com\/es\/178033\/","title":{"rendered":"&#8216;Cuco&#8217; Ziganda habla del fichaje de Sabino Padilla por el Athletic: \u00abPerd\u00ed siete kilos. Dejamos de ir a comer chuletas\u00bb"},"content":{"rendered":"<p class=\"v-mdl-ath__p v-mdl-ath__p--6\">\nMi\u00e9rcoles, 15 de octubre 2025, 08:11<\/p>\n<p class=\"v-p\"><a href=\"https:\/\/www.elcorreo.com\/athletic\/cuco-ziganda-primer-piso-bilbao-padre-dijo-20251014085143-nt.html\" target=\"_blank\" title=\"www.elcorreo.com\" data-voc-vtm-id=\"in-text-traffic\" data-mrf-link=\"www.elcorreo.com\" rel=\"nofollow noopener\">&#8216;Cuco&#8217; Ziganda<\/a> vivi\u00f3 los inicios de Sabino Padilla en el <a href=\"https:\/\/www.elcorreo.com\/athletic\/intrahistoria-fichaje-cuco-ziganda-athletic-queria-20251013131444-nt.html\" target=\"_blank\" title=\"www.elcorreo.com\" data-voc-vtm-id=\"in-text-traffic\" data-mrf-link=\"www.elcorreo.com\" rel=\"nofollow noopener\">Athletic<\/a>. El delantero navarro se deshace en elogios hacia el famoso m\u00e9dico, que estuvo vinculado a la entidad rojiblanca durante una d\u00e9cada, desde finales de los 90 hasta el a\u00f1o 2007.<\/p>\n<p class=\"v-p\">Padilla, seg\u00fan relata Ziganda en el podcast &#8216;Los fulanos&#8217;, fue un \u00abdescubrimiento\u00bb y supuso un punto de inflexi\u00f3n para el club. \u00abCuando yo llegu\u00e9 no era una buena \u00e9poca (para el Athletic), se mimaba m\u00e1s al jugador\u00bb, cuenta. \u00abLuego el f\u00fatbol va evolucionando y tuve la suerte de que me toc\u00f3 el fichaje, entre comillas, de Sabino Padilla. Era un m\u00e9dico que nos cambi\u00f3 la mentalidad de la alimentaci\u00f3n, del descanso y la recuperaci\u00f3n, de lo que es ser profesional 24 horas al d\u00eda&#8230; Eso es un paso que el club va dando\u00bb.<\/p>\n<p class=\"v-p\">El Athletic ya hab\u00eda vivido un cambio \u00abm\u00e1s estricto\u00bb con la llegada de Heynckes en 1992, explica Ziganda, pero fue Padilla quien revolucion\u00f3 por completo al vestuario. \u00abEntonces se com\u00eda el d\u00eda del partido y te met\u00edas unos homenajes de solomillo y de pasta&#8230; Lo primero que hizo Sabino es quitarme siete kilos as\u00ed que f\u00edjate lo que me sobraba. Nos lim\u00f3 mucho\u00bb, desvela el navarro.<\/p>\n<p><a href=\"http:\/\/www.elcorreo.com\/athletic\/intrahistoria-fichaje-cuco-ziganda-athletic-queria-20251013131444-nt.html#vtm_modulosEngag=mod-rel:athletic:noticia:1:cmp:2-not\" class=\"v-a-link\" title=\"La intrahistoria del fichaje de &#039;Cuco&#039; Ziganda por el Athletic: \u00abNo quer\u00eda ir\u00bb\" rel=\"nofollow noopener\" target=\"_blank\"><br \/>\n<img decoding=\"async\" loading=\"lazy\" class=\"v-a-img\" src=\"https:\/\/www.europesays.com\/es\/wp-content\/uploads\/2025\/10\/cuco-ziganda-fichaje-kjTD--366x256@El Correo.jpg\" alt=\"La intrahistoria del fichaje de 'Cuco' Ziganda por el Athletic: \u00abNo quer\u00eda ir\u00bb\"\/><br \/>\n<\/a><\/p>\n<p><a href=\"http:\/\/www.elcorreo.com\/athletic\/cuco-ziganda-primer-piso-bilbao-padre-dijo-20251014085143-nt.html#vtm_modulosEngag=mod-rel:athletic:noticia:2:cmp:2-not\" class=\"v-a-link\" title=\"&#039;Cuco&#039; Ziganda y su primer piso en Bilbao: \u00abMi padre me dijo &#039;esa te va a vender la casa y a la mujer&#039;. Y as\u00ed fue\u00bb\" rel=\"nofollow noopener\" target=\"_blank\"><br \/>\n<img decoding=\"async\" loading=\"lazy\" class=\"v-a-img\" src=\"https:\/\/www.europesays.com\/es\/wp-content\/uploads\/2025\/10\/cuco-ziganda-primer-piso-bilbao-kkmH--366x256@El Correo.JPG\" alt=\"'Cuco' Ziganda y su primer piso en Bilbao: \u00abMi padre me dijo 'esa te va a vender la casa y a la mujer'. Y as\u00ed fue\u00bb\"\/><br \/>\n<\/a><\/p>\n<p class=\"v-p\">Ziganda cuenta que \u00e9l siempre tuvo \u00abcultura de comer\u00bb. \u00abCuanto m\u00e1s com\u00eda, mejor\u00bb, lleg\u00f3 a pensar. Mucha culpa ten\u00eda el pelotari navarro Juli\u00e1n Lajos, con el que &#8216;Cuco&#8217; guardaba buena relaci\u00f3n: \u00abMe dec\u00eda que &#8216;si quieres jugar al f\u00fatbol durante muchos a\u00f1os tienes que comer buen pescado y buena chuleta&#8217;. Y le hac\u00eda caso\u00bb.<\/p>\n<p class=\"v-p\">Aquello se cort\u00f3 con Padilla. \u00abSabino era un avanzado de la \u00e9poca. Cuando lleg\u00f3 dejamos de ir a asadores, donde daban buena chuleta, y empezamos a ir a arrocer\u00edas a comer paellas. E \u00edbamos durante toda la semana. Nos ense\u00f1\u00f3 a comer, a hidratarnos, a diferenciar el d\u00eda de fiesta y el d\u00eda de entreno&#8230; En definitiva, nos educ\u00f3\u00bb, apunta. \u00abPara nosotros fue un descubrimiento. \u00cdbamos a Lezama y nos met\u00edamos una merluza a la koxkera con almejas antes del partido como unos campeones. Con su botella de faustino primero&#8230; Cuando lleg\u00f3 Sabino se echaba las manos a la cabeza\u00bb.<\/p>\n<p class=\"v-p\">Sabino Padilla se dio a conocer en el deporte de \u00e9lite de la mano de Miguel Indurain, al que le llevaba la preparaci\u00f3n f\u00edsica. Tambi\u00e9n trabaj\u00f3 para Mart\u00edn Fiz, campe\u00f3n de Europa de marat\u00f3n en 1994 y campe\u00f3n del Mundo de marat\u00f3n en 1995, antes de llegar al Athletic, donde permaneci\u00f3 una d\u00e9cada.<\/p>\n<p>Reporta un error<\/p>\n","protected":false},"excerpt":{"rendered":"Mi\u00e9rcoles, 15 de octubre 2025, 08:11 &#8216;Cuco&#8217; Ziganda vivi\u00f3 los inicios de Sabino Padilla en el Athletic. El&hellip;\n","protected":false},"author":2,"featured_media":178034,"comment_status":"","ping_status":"","sticky":false,"template":"","format":"standard","meta":{"footnotes":""},"categories":[268],"tags":[5999,50876,40452,168,25,24,557,280,282,4596,867,14744,25499,50875,5294,281,23,167,45196],"class_list":{"0":"post-178033","1":"post","2":"type-post","3":"status-publish","4":"format-standard","5":"has-post-thumbnail","7":"category-futbol","8":"tag-acabaron","9":"tag-chuletas","10":"tag-cuco","11":"tag-deportes","12":"tag-es","13":"tag-espana","14":"tag-fichaje","15":"tag-football","16":"tag-futbol","17":"tag-habla","18":"tag-kilos","19":"tag-padilla","20":"tag-perdi","21":"tag-sabino","22":"tag-siete","23":"tag-soccer","24":"tag-spain","25":"tag-sports","26":"tag-ziganda"},"share_on_mastodon":{"url":"","error":""},"_links":{"self":[{"href":"https:\/\/www.europesays.com\/es\/wp-json\/wp\/v2\/posts\/178033","targetHints":{"allow":["GET"]}}],"collection":[{"href":"https:\/\/www.europesays.com\/es\/wp-json\/wp\/v2\/posts"}],"about":[{"href":"https:\/\/www.europesays.com\/es\/wp-json\/wp\/v2\/types\/post"}],"author":[{"embeddable":true,"href":"https:\/\/www.europesays.com\/es\/wp-json\/wp\/v2\/users\/2"}],"replies":[{"embeddable":true,"href":"https:\/\/www.europesays.com\/es\/wp-json\/wp\/v2\/comments?post=178033"}],"version-history":[{"count":0,"href":"https:\/\/www.europesays.com\/es\/wp-json\/wp\/v2\/posts\/178033\/revisions"}],"wp:featuredmedia":[{"embeddable":true,"href":"https:\/\/www.europesays.com\/es\/wp-json\/wp\/v2\/media\/178034"}],"wp:attachment":[{"href":"https:\/\/www.europesays.com\/es\/wp-json\/wp\/v2\/media?parent=178033"}],"wp:term":[{"taxonomy":"category","embeddable":true,"href":"https:\/\/www.europesays.com\/es\/wp-json\/wp\/v2\/categories?post=178033"},{"taxonomy":"post_tag","embeddable":true,"href":"https:\/\/www.europesays.com\/es\/wp-json\/wp\/v2\/tags?post=178033"}],"curies":[{"name":"wp","href":"https:\/\/api.w.org\/{rel}","templated":true}]}}