{"id":178039,"date":"2025-10-15T09:11:08","date_gmt":"2025-10-15T09:11:08","guid":{"rendered":"https:\/\/www.europesays.com\/es\/178039\/"},"modified":"2025-10-15T09:11:08","modified_gmt":"2025-10-15T09:11:08","slug":"canal-sur-television-corta-de-golpe-su-programacion-por-la-huelga-pro-palestina-mientras-la-rtve-sigue-emitiendo","status":"publish","type":"post","link":"https:\/\/www.europesays.com\/es\/178039\/","title":{"rendered":"Canal Sur Televisi\u00f3n corta de golpe su programaci\u00f3n por la huelga pro Palestina mientras la RTVE sigue emitiendo"},"content":{"rendered":"<p style=\"\">Canal Sur Televisi\u00f3n ha interrumpido de golpe la emisi\u00f3n este mi\u00e9rcoles a las 10.00 horas debido a que su plantilla ha secundado el paro de dos horas convocado por los sindicatos CCOO y UGT.<strong> La pantalla se ha puesto en modo carta de <\/strong> &#8230; <strong>ajuste<\/strong> tras finalizar el programa de tertulia y actualidad Despierta Andaluc\u00eda, que la cadena p\u00fablica emite por la ma\u00f1ana. A la misma hora, la la RTVE ha continuado con la emisi\u00f3n del programa Ma\u00f1aneros 360, que presentan Adela Gonz\u00e1lez y Javier Ruiz en La 1, sin que se viera afectado por las movilizaciones sindicales contra \u00abel genocidio\u00bb en Gaza tras el ataque terrorista de Ham\u00e1s a j\u00f3venes israel\u00edes que asist\u00edan a un festival de m\u00fasica  el 7 de octubre de 2023.<\/p>\n<p class=\"voc-p\" style=\"\"><strong>La Radio y Televisi\u00f3n de Andaluc\u00eda (RTVA)<\/strong> ha pedido disculpas a los espectadores tras informar de que la programaci\u00f3n se hab\u00eda visto alterada \u00abdebido a la huelga general convocada a nivel nacional\u00bb por CC OO y UGT, los sindicatos m\u00e1s representativos de Espa\u00f1a, en \u00ab<strong>todos los centros de trabajo privados y p\u00fablicos del territorio\u00bb<\/strong> para \u00abdenunciar el genocidio del Estado israel\u00ed\u00bb. <\/p>\n<p class=\"voc-p\" style=\"\">Los sindicatos anunciaron los paros despu\u00e9s del <a href=\"https:\/\/www.abc.es\/internacional\/hamas-resiste-desarmarse-facilitar-transicion-gaza-20251015042939-nt_amp.html\" target=\"_self\" data-voc-vtm-id=\"in-text-traffic\" title=\"anuncio del plan de paz pactado entre Ham\u00e1s e Israel.\" data-mrf-link=\"www.abc.es\" rel=\"nofollow noopener\">anuncio del plan de paz pactado entre Ham\u00e1s e Israel.<\/a> De hecho, la primera fase del acuerdo ya se ha cumplido, toda vez que han sido intercambiados los 20 rehenes israel\u00edes a\u00fan con vida por unos 2.000 presos palestinos, y solo a falta de que Ham\u00e1s entregue los 20 cad\u00e1veres cautivos fallecidos.<\/p>\n<p class=\"voc-p\" style=\"\">Comisiones Obreras ha celebrado en un mensaje publicado en las redes sociales. \u00abLa plantilla se suma a los paros convocados por @CCOO y el Comit\u00e9 Intercentros. <strong>Viva la Solidaridad<\/strong>\u00bb, ha escrito en su cuenta oficial en X (antiguo Twitter), ilustr\u00e1ndolo con una foto de la se\u00f1al interrumpida de la RTVA.<\/p>\n<p>\nContra el \u00abgenocidio\u00bb\n<\/p>\n<p class=\"voc-p\" style=\"\">En una circular previa enviada a la plantilla de la cadena auton\u00f3mica, Comisiones Obreras informaba de que para este mi\u00e9rcoles 15 de octubre <strong>siguen convocados los paros de dos horas en las empresas por la Paz, contra el genocidio<\/strong>, y por la vida del pueblo palestino. <\/p>\n<p class=\"voc-p\" style=\"\">\u00abNos encontramos en un momento cr\u00edtico. CCOO y UGT reafirman su compromiso con la paz, el respeto al derecho internacional y la defensa de los derechos humanos. Ning\u00fan<strong> plan puede considerarse de paz duradera si excluye al pueblo palestino<\/strong>, si perpet\u00faa la ocupaci\u00f3n, o si ignora las resoluciones de Naciones Unidas. Se hacen m\u00e1s <strong>necesarias que nunca, por tanto, las movilizaciones en los centros de trabajo<\/strong> el pr\u00f3ximo 15 de octubre y en las calles, apostando por la Paz, la Justicia y la Libertad para Palestina\u00bb, se ha justificado el sindicato.<\/p>\n<p class=\"voc-p\" style=\"\">Seg\u00fan cifras oficiales reconocidas por la ONU, de las que se ha hecho eco CCOO, hasta septiembre de 2025, <strong>m\u00e1s de 68.000 personas hab\u00edan muerto en Gaza<\/strong>. Entre los muertos se cuentan unos 1.600 trabajadores sanitarios, 310 trabajadores de la UNRWA \u2014el mayor n\u00famero de muertos en la historia de la ONU\u2014, 120 acad\u00e9micos y m\u00e1s de 251 periodistas. Se cree que hay miles de cad\u00e1veres m\u00e1s bajo los escombros de los edificios destruidos. El 80 % de los palestinos muertos son civiles y m\u00e1s de 20.000, ni\u00f1as y ni\u00f1os.<\/p>\n<p class=\"voc-p\" style=\"\">CCOO en Canal Sur y RTVA solicita a su vez que<strong> el salario que se retraiga a quienes sigamos los paros convocados para el pr\u00f3ximo 15 de octubre<\/strong>, contra el genocidio en Gaza y en solidaridad con el pueblo palestino, sea donado por la RTVA a la UNRWA (Agencia de Naciones Unidas para la poblaci\u00f3n refugiada de Palestina). De esta forma nuestra acci\u00f3n profundizar\u00e1 en ayudar a quienes sufren el genocidio.<\/p>\n<p>\nCr\u00edticas a la direcci\u00f3n de la cadena\n<\/p>\n<p class=\"voc-p\" style=\"\">En su comunicado, el sindicato \u00ablamenta\u00bb la posici\u00f3n de la direcci\u00f3n de la RTVA, a la que reprocha que \u00abse ha negado a <strong>negociar una programaci\u00f3n alternativa que garantizase el derecho de huelga<\/strong>, con cartones informativos durante los paros de dos horas, y contenidos que hiciera visible la solidaridad de la ciudadan\u00eda andaluza con el pueblo palestino durante la jornada de lucha del 15 de octubre\u00bb.<\/p>\n<p class=\"voc-p\" style=\"\">Antes del paro, CCOO exig\u00eda que \u00abno se lesione el derecho de nadie a seguir la huelga\u00bb. Record\u00f3 que \u00ablos servicios m\u00ednimos se acotan a los servicios informativos, en formato reducido, y que deben ser comunicados el d\u00eda anterior como muy tarde\u00bb. Igualmente indicaba que <strong>nadie est\u00e1 obligado a comunicar con antelaci\u00f3n el seguimiento de los paros<\/strong>, \u00abesto es ilegal y cualquier trabajador puede sumarse en cualquier momento\u00bb.<\/p>\n","protected":false},"excerpt":{"rendered":"Canal Sur Televisi\u00f3n ha interrumpido de golpe la emisi\u00f3n este mi\u00e9rcoles a las 10.00 horas debido a que&hellip;\n","protected":false},"author":2,"featured_media":178040,"comment_status":"","ping_status":"","sticky":false,"template":"","format":"standard","meta":{"footnotes":""},"categories":[171],"tags":[6635,4632,146,147,25,24,13181,17377,76,1429,15622,8485,23,14132,807,214],"class_list":{"0":"post-178039","1":"post","2":"type-post","3":"status-publish","4":"format-standard","5":"has-post-thumbnail","7":"category-tv","8":"tag-apoyo","9":"tag-canal","10":"tag-entertainment","11":"tag-entretenimiento","12":"tag-es","13":"tag-espana","14":"tag-huelga","15":"tag-interrumpe","16":"tag-palestina","17":"tag-plantilla","18":"tag-ponerse","19":"tag-programacion","20":"tag-spain","21":"tag-sur","22":"tag-television","23":"tag-tv"},"share_on_mastodon":{"url":"","error":""},"_links":{"self":[{"href":"https:\/\/www.europesays.com\/es\/wp-json\/wp\/v2\/posts\/178039","targetHints":{"allow":["GET"]}}],"collection":[{"href":"https:\/\/www.europesays.com\/es\/wp-json\/wp\/v2\/posts"}],"about":[{"href":"https:\/\/www.europesays.com\/es\/wp-json\/wp\/v2\/types\/post"}],"author":[{"embeddable":true,"href":"https:\/\/www.europesays.com\/es\/wp-json\/wp\/v2\/users\/2"}],"replies":[{"embeddable":true,"href":"https:\/\/www.europesays.com\/es\/wp-json\/wp\/v2\/comments?post=178039"}],"version-history":[{"count":0,"href":"https:\/\/www.europesays.com\/es\/wp-json\/wp\/v2\/posts\/178039\/revisions"}],"wp:featuredmedia":[{"embeddable":true,"href":"https:\/\/www.europesays.com\/es\/wp-json\/wp\/v2\/media\/178040"}],"wp:attachment":[{"href":"https:\/\/www.europesays.com\/es\/wp-json\/wp\/v2\/media?parent=178039"}],"wp:term":[{"taxonomy":"category","embeddable":true,"href":"https:\/\/www.europesays.com\/es\/wp-json\/wp\/v2\/categories?post=178039"},{"taxonomy":"post_tag","embeddable":true,"href":"https:\/\/www.europesays.com\/es\/wp-json\/wp\/v2\/tags?post=178039"}],"curies":[{"name":"wp","href":"https:\/\/api.w.org\/{rel}","templated":true}]}}