{"id":178083,"date":"2025-10-15T09:39:08","date_gmt":"2025-10-15T09:39:08","guid":{"rendered":"https:\/\/www.europesays.com\/es\/178083\/"},"modified":"2025-10-15T09:39:08","modified_gmt":"2025-10-15T09:39:08","slug":"una-charla-y-un-happening-abren-el-ii-cadac","status":"publish","type":"post","link":"https:\/\/www.europesays.com\/es\/178083\/","title":{"rendered":"Una charla y un \u00abhappening\u00bb abren el II CADAC"},"content":{"rendered":"<p>Del 23 al 26 de octubre se celebra la segunda edici\u00f3n del <strong>Ciclo de Arte de Acci\u00f3n (CADAC)<\/strong>. Una cita bienal, que llegar\u00e1 a varios espacios de la ciudad, y que ha sido creada y dise\u00f1ada por Jana de Luque y Marta Serrano, dos artistas performers santanderinas que trabajan en colaboraci\u00f3n desde 2011 y el fot\u00f3grafo Javier de la Riva.<\/p>\n<p>La historiadora del arte <strong>Marta Mantec\u00f3n<\/strong>, comisaria y docente de dilatada trayectoria, abrir\u00e1 la segunda edici\u00f3n de esta bienal ofreciendo una <strong>charla gratuita<\/strong> a las 20:00 horas en la Filmoteca titulada <strong>\u201cCuando usted no sepa que decir, diga \u00a1Zaj!\u201d.<\/strong><\/p>\n<p>En esta conferencia abordar\u00e1 la historia de uno de los colectivos m\u00e1s vanguardistas y subversivos de la escena art\u00edstica espa\u00f1ola de los a\u00f1os sesenta y setenta. Qu\u00e9 signific\u00f3, qui\u00e9nes fueron sus principales integrantes, qu\u00e9 aportaron y qu\u00e9 huella han dejado en el arte contempor\u00e1neo.<\/p>\n<p>Una hora despu\u00e9s, a las 21:00 horas y en ese mismo espacio, <strong>Marta Serrano y Jana de Luque<\/strong> compartir\u00e1n con los asistentes el <strong>happening \u201cPoema Zaj\u201d<\/strong> (Todo aquello que sucede cuando un minuto se encuentra con el siguiente). Un evento inspirado en los Conciertos Zaj que ilustra -de alguna manera- el contenido de la charla anterior y ofrece un tributo a este colectivo pionero en Espa\u00f1a.<\/p>\n<p>\u201cHappening\u201d significa literalmente acontecimiento y se utiliza, desde mediados del siglo XX, para describir eventos art\u00edsticos que involucran la participaci\u00f3n del p\u00fablico.<\/p>\n<p>Los organizadores de CADAC recomiendan <strong>asistir a las dos actividades,<\/strong> pues ambas giran en torno al mismo tema: <strong>el grupo Zaj.<\/strong><\/p>\n","protected":false},"excerpt":{"rendered":"Del 23 al 26 de octubre se celebra la segunda edici\u00f3n del Ciclo de Arte de Acci\u00f3n (CADAC).&hellip;\n","protected":false},"author":2,"featured_media":178084,"comment_status":"","ping_status":"","sticky":false,"template":"","format":"standard","meta":{"footnotes":""},"categories":[91],"tags":[146,147,25,24,23],"class_list":{"0":"post-178083","1":"post","2":"type-post","3":"status-publish","4":"format-standard","5":"has-post-thumbnail","7":"category-entretenimiento","8":"tag-entertainment","9":"tag-entretenimiento","10":"tag-es","11":"tag-espana","12":"tag-spain"},"share_on_mastodon":{"url":"","error":""},"_links":{"self":[{"href":"https:\/\/www.europesays.com\/es\/wp-json\/wp\/v2\/posts\/178083","targetHints":{"allow":["GET"]}}],"collection":[{"href":"https:\/\/www.europesays.com\/es\/wp-json\/wp\/v2\/posts"}],"about":[{"href":"https:\/\/www.europesays.com\/es\/wp-json\/wp\/v2\/types\/post"}],"author":[{"embeddable":true,"href":"https:\/\/www.europesays.com\/es\/wp-json\/wp\/v2\/users\/2"}],"replies":[{"embeddable":true,"href":"https:\/\/www.europesays.com\/es\/wp-json\/wp\/v2\/comments?post=178083"}],"version-history":[{"count":0,"href":"https:\/\/www.europesays.com\/es\/wp-json\/wp\/v2\/posts\/178083\/revisions"}],"wp:featuredmedia":[{"embeddable":true,"href":"https:\/\/www.europesays.com\/es\/wp-json\/wp\/v2\/media\/178084"}],"wp:attachment":[{"href":"https:\/\/www.europesays.com\/es\/wp-json\/wp\/v2\/media?parent=178083"}],"wp:term":[{"taxonomy":"category","embeddable":true,"href":"https:\/\/www.europesays.com\/es\/wp-json\/wp\/v2\/categories?post=178083"},{"taxonomy":"post_tag","embeddable":true,"href":"https:\/\/www.europesays.com\/es\/wp-json\/wp\/v2\/tags?post=178083"}],"curies":[{"name":"wp","href":"https:\/\/api.w.org\/{rel}","templated":true}]}}